{"id":4088,"date":"2024-05-17T08:53:46","date_gmt":"2024-05-17T08:53:46","guid":{"rendered":"https:\/\/www.automakers.cz\/?p=4088"},"modified":"2024-05-17T09:58:04","modified_gmt":"2024-05-17T09:58:04","slug":"kolinsky-zavod-toyota-meni-prezidenta","status":"publish","type":"post","link":"https:\/\/www.automakers.cz\/?p=4088","title":{"rendered":"Kol\u00ednsk\u00fd z\u00e1vod Toyoty m\u011bn\u00ed prezidenta"},"content":{"rendered":"<p><strong>Toyota Motor Europe organiza\u010dn\u00ed zm\u011bny v Evrop\u011b. Jedna ze zm\u011bn se t\u00fdk\u00e1 i \u010desk\u00e9ho z\u00e1vodu v Ov\u010d\u00e1rech na Kol\u00ednsku. Na pozici prezidenta skon\u010d\u00ed Koreatsu Aoki.<br \/>\n<\/strong><!--more--><\/p>\n<p><strong>\u2013 Sou\u010dasn\u00fd prezident Koreatsu Aoki <\/strong>bude nov\u011b zast\u00e1vat pozici v\u00fdkonn\u00e9ho poradce vrcholov\u00e9ho managementu v kol\u00ednsk\u00e9m z\u00e1vod\u011b.<\/p>\n<p><strong>\u2013 Dr. Robert Kiml,<\/strong> kter\u00fd je v sou\u010dasn\u00e9 dob\u011b v\u00edce-prezidentem pro v\u00fdrobu, bude od 1. \u010dervna 2024 nov\u011b jmenov\u00e1n Presidentem Toyota Motor Manufacturing Czech Republic. Z\u00e1rove\u0148 bude nad\u00e1le vykon\u00e1vat i pozici v\u00edce-prezidenta pro v\u00fdrobu.<\/p>\n<p><img loading=\"lazy\" decoding=\"async\" class=\"alignnone size-full wp-image-4090\" src=\"http:\/\/www.automakers.cz\/wp-content\/uploads\/2024\/05\/Toyota-Kiml.jpg\" alt=\"\" width=\"700\" height=\"839\" \/><\/p>\n<p>Dr. Robert Kiml p\u016fsob\u00ed v\u00a0kol\u00ednsk\u00e9 Toyot\u011b od za\u010d\u00e1tku v\u00fdroby prvn\u00ed generace voz\u016f. Po celou dobu p\u016fsobil v\u00a0r\u016fzn\u00fdch vedouc\u00edch pozic\u00edch. \u0158\u00eddil provoz Lakovny, odd\u011blen\u00ed kvality nebo projekt zah\u00e1jen\u00ed v\u00fdroby druh\u00e9 generace kol\u00ednsk\u00fdch model\u016f v\u00a0roce 2014. V\u00a0jeho kari\u00e9\u0159e p\u016fsobil i\u00a0ve veden\u00ed sestersk\u00e9ho z\u00e1vodu Toyoty v\u00a0Polsku. Ve Sdru\u017een\u00ed automobilov\u00e9ho pr\u016fmyslu \u010cesk\u00e9 republiky zast\u00e1v\u00e1 post viceprezidenta.<\/p>\n<p>Zdroj: <a href=\"https:\/\/newsroom.toyota.eu\/\" target=\"_blank\" rel=\"noopener noreferrer\">Newsroom Toyota Europe.<\/a><\/p>\n","protected":false},"excerpt":{"rendered":"<p>Toyota Motor Europe organiza\u010dn\u00ed zm\u011bny v Evrop\u011b. Jedna ze zm\u011bn se t\u00fdk\u00e1 i \u010desk\u00e9ho z\u00e1vodu&#8230;<\/p>\n","protected":false},"author":1,"featured_media":1566,"comment_status":"closed","ping_status":"closed","sticky":false,"template":"","format":"standard","meta":{"footnotes":""},"categories":[6,5],"tags":[],"class_list":["post-4088","post","type-post","status-publish","format-standard","has-post-thumbnail","hentry","category-management","category-personalie"],"_links":{"self":[{"href":"https:\/\/www.automakers.cz\/index.php?rest_route=\/wp\/v2\/posts\/4088","targetHints":{"allow":["GET"]}}],"collection":[{"href":"https:\/\/www.automakers.cz\/index.php?rest_route=\/wp\/v2\/posts"}],"about":[{"href":"https:\/\/www.automakers.cz\/index.php?rest_route=\/wp\/v2\/types\/post"}],"author":[{"embeddable":true,"href":"https:\/\/www.automakers.cz\/index.php?rest_route=\/wp\/v2\/users\/1"}],"replies":[{"embeddable":true,"href":"https:\/\/www.automakers.cz\/index.php?rest_route=%2Fwp%2Fv2%2Fcomments&post=4088"}],"version-history":[{"count":4,"href":"https:\/\/www.automakers.cz\/index.php?rest_route=\/wp\/v2\/posts\/4088\/revisions"}],"predecessor-version":[{"id":4095,"href":"https:\/\/www.automakers.cz\/index.php?rest_route=\/wp\/v2\/posts\/4088\/revisions\/4095"}],"wp:featuredmedia":[{"embeddable":true,"href":"https:\/\/www.automakers.cz\/index.php?rest_route=\/wp\/v2\/media\/1566"}],"wp:attachment":[{"href":"https:\/\/www.automakers.cz\/index.php?rest_route=%2Fwp%2Fv2%2Fmedia&parent=4088"}],"wp:term":[{"taxonomy":"category","embeddable":true,"href":"https:\/\/www.automakers.cz\/index.php?rest_route=%2Fwp%2Fv2%2Fcategories&post=4088"},{"taxonomy":"post_tag","embeddable":true,"href":"https:\/\/www.automakers.cz\/index.php?rest_route=%2Fwp%2Fv2%2Ftags&post=4088"}],"curies":[{"name":"wp","href":"https:\/\/api.w.org\/{rel}","templated":true}]}}