{"id":4116,"date":"2024-05-20T10:36:57","date_gmt":"2024-05-20T10:36:57","guid":{"rendered":"https:\/\/www.automakers.cz\/?p=4116"},"modified":"2024-05-21T13:53:18","modified_gmt":"2024-05-21T13:53:18","slug":"vw-odstoupil-od-jednani-s-renaultem","status":"publish","type":"post","link":"https:\/\/www.automakers.cz\/?p=4116","title":{"rendered":"VW odstoupil od jedn\u00e1n\u00ed s Renaultem"},"content":{"rendered":"<div class=\"text__text__1FZLe text__dark-grey__3Ml43 text__regular__2N1Xr text__small__1kGq2 body__full_width__ekUdw body__small_body__2vQyf article-body__paragraph__2-BtD\" data-testid=\"paragraph-0\"><strong>Volkswagen odstoupil od jedn\u00e1n\u00ed s Renaultem o spole\u010dn\u00e9m v\u00fdvoji cenov\u011b dostupn\u00e9 elektrick\u00e9 verze vozu Twingo, uvedly \u010dty\u0159i zdroje obezn\u00e1men\u00e9 se situac\u00ed, co\u017e je p\u0159ek\u00e1\u017eka pro \u00fasil\u00ed evropsk\u00fdch v\u00fdrobc\u016f automobil\u016f odrazit \u010d\u00ednsk\u00e9 rivaly.<\/strong><\/div>\n<p><!--more--><\/p>\n<div class=\"text__text__1FZLe text__dark-grey__3Ml43 text__regular__2N1Xr text__small__1kGq2 body__full_width__ekUdw body__small_body__2vQyf article-body__paragraph__2-BtD\" data-testid=\"paragraph-1\">Kolaps jedn\u00e1n\u00ed by mohl znamenat, \u017ee n\u011bmeck\u00e1 automobilka mo\u017en\u00e1 bude muset j\u00edt sama do v\u00fdvoje\u00a0<a class=\"text__text__1FZLe text__inherit-color__3208F text__inherit-font__1Y8w3 text__inherit-size__1DZJi link__link__3Ji6W link__underline_default__2prE_\" href=\"https:\/\/www.reuters.com\/business\/autos-transportation\/volkswagen-lays-out-details-planned-affordable-electric-car-2023-03-15\/\" data-testid=\"Link\">vlastn\u00edho cenov\u011b dostupn\u00e9ho elektromobilu<\/a> . Renault bude pokra\u010dovat v navrhov\u00e1n\u00ed sv\u00e9ho elektrick\u00e9ho modelu Twingo, jeho\u017e uveden\u00ed na trh je napl\u00e1nov\u00e1no na rok 2026.<\/div>\n<div data-testid=\"paragraph-1\"><\/div>\n<div data-testid=\"paragraph-1\">\n<div class=\"text__text__1FZLe text__dark-grey__3Ml43 text__regular__2N1Xr text__small__1kGq2 body__full_width__ekUdw body__small_body__2vQyf article-body__paragraph__2-BtD\" data-testid=\"paragraph-2\">Ob\u011b automobilky doufaly, \u017ee sd\u00edlen\u00ed pr\u00e1ce sn\u00ed\u017e\u00ed n\u00e1klady, kter\u00e9 p\u0159edstavuj\u00ed kl\u00ed\u010dovou p\u0159ek\u00e1\u017eku pro evropsk\u00e9 automobilky tv\u00e1\u0159\u00ed v tv\u00e1\u0159 <a class=\"text__text__1FZLe text__inherit-color__3208F text__inherit-font__1Y8w3 text__inherit-size__1DZJi link__link__3Ji6W link__underline_default__2prE_\" href=\"https:\/\/www.reuters.com\/business\/autos-transportation\/chinese-ev-makers-plans-make-cars-europe-2024-05-07\/\" data-testid=\"Link\">levn\u011bj\u0161\u00edm voz\u016fm z \u010c\u00edny<\/a>.<\/div>\n<div data-testid=\"paragraph-2\"><\/div>\n<div class=\"text__text__1FZLe text__dark-grey__3Ml43 text__regular__2N1Xr text__small__1kGq2 body__full_width__ekUdw body__small_body__2vQyf article-body__paragraph__2-BtD\" data-testid=\"paragraph-3\">Potenci\u00e1ln\u00ed partnerstv\u00ed mezi Volkswagenem a Renaultem by spojilo zn\u00e1m\u00e1 jm\u00e9na dvou nejv\u011bt\u0161\u00edch evropsk\u00fdch ekonomik a vytvo\u0159ilo by protiv\u00e1hu proti asijsk\u00fdm rival\u016fm, kte\u0159\u00ed by pronikali na m\u00edstn\u00ed trh.<\/div>\n<div data-testid=\"paragraph-4\"><\/div>\n<div class=\"text__text__1FZLe text__dark-grey__3Ml43 text__regular__2N1Xr text__small__1kGq2 body__full_width__ekUdw body__small_body__2vQyf article-body__paragraph__2-BtD\" data-testid=\"paragraph-4\">Jeden ze zdroj\u016f uvedl, \u017ee podnikov\u00e1 rada Volkswagenu sehr\u00e1la roli v rozpadu rozhovor\u016f, a dodal, \u017ee spole\u010dn\u011b vyvinut\u00e9 elektrick\u00e9 Twingo by mohlo b\u00fdt p\u0159ipraveno ji\u017e v roce 2026.<\/div>\n<\/div>\n<div data-testid=\"paragraph-4\"><\/div>\n<div data-testid=\"paragraph-4\"><strong>Zdroj: Reuters<\/strong><\/div>\n","protected":false},"excerpt":{"rendered":"<p>Volkswagen odstoupil od jedn\u00e1n\u00ed s Renaultem o spole\u010dn\u00e9m v\u00fdvoji cenov\u011b dostupn\u00e9 elektrick\u00e9 verze vozu Twingo,&#8230;<\/p>\n","protected":false},"author":1,"featured_media":2841,"comment_status":"closed","ping_status":"closed","sticky":false,"template":"","format":"standard","meta":{"footnotes":""},"categories":[9,31],"tags":[],"class_list":["post-4116","post","type-post","status-publish","format-standard","has-post-thumbnail","hentry","category-elektromobily","category-news"],"_links":{"self":[{"href":"https:\/\/www.automakers.cz\/index.php?rest_route=\/wp\/v2\/posts\/4116","targetHints":{"allow":["GET"]}}],"collection":[{"href":"https:\/\/www.automakers.cz\/index.php?rest_route=\/wp\/v2\/posts"}],"about":[{"href":"https:\/\/www.automakers.cz\/index.php?rest_route=\/wp\/v2\/types\/post"}],"author":[{"embeddable":true,"href":"https:\/\/www.automakers.cz\/index.php?rest_route=\/wp\/v2\/users\/1"}],"replies":[{"embeddable":true,"href":"https:\/\/www.automakers.cz\/index.php?rest_route=%2Fwp%2Fv2%2Fcomments&post=4116"}],"version-history":[{"count":3,"href":"https:\/\/www.automakers.cz\/index.php?rest_route=\/wp\/v2\/posts\/4116\/revisions"}],"predecessor-version":[{"id":4160,"href":"https:\/\/www.automakers.cz\/index.php?rest_route=\/wp\/v2\/posts\/4116\/revisions\/4160"}],"wp:featuredmedia":[{"embeddable":true,"href":"https:\/\/www.automakers.cz\/index.php?rest_route=\/wp\/v2\/media\/2841"}],"wp:attachment":[{"href":"https:\/\/www.automakers.cz\/index.php?rest_route=%2Fwp%2Fv2%2Fmedia&parent=4116"}],"wp:term":[{"taxonomy":"category","embeddable":true,"href":"https:\/\/www.automakers.cz\/index.php?rest_route=%2Fwp%2Fv2%2Fcategories&post=4116"},{"taxonomy":"post_tag","embeddable":true,"href":"https:\/\/www.automakers.cz\/index.php?rest_route=%2Fwp%2Fv2%2Ftags&post=4116"}],"curies":[{"name":"wp","href":"https:\/\/api.w.org\/{rel}","templated":true}]}}