{"id":4119,"date":"2024-05-21T06:45:21","date_gmt":"2024-05-21T06:45:21","guid":{"rendered":"https:\/\/www.automakers.cz\/?p=4119"},"modified":"2024-05-21T06:45:21","modified_gmt":"2024-05-21T06:45:21","slug":"jaroslav-zoch-novym-cfo-skoda-group","status":"publish","type":"post","link":"https:\/\/www.automakers.cz\/?p=4119","title":{"rendered":"Jaroslav Zoch nov\u00fdm CFO  \u0160koda Group"},"content":{"rendered":"<p><strong><b>\u0160koda Group dosadila na pozici skupinov\u00e9ho finan\u010dn\u00edho \u0159editele (Group CFO) Jaroslava Zocha, kter\u00fd p\u0159ich\u00e1z\u00ed ze skupiny PPF \u2013 majoritn\u00edho akcion\u00e1\u0159e \u0160koda Group. <\/b><\/strong><!--more--><\/p>\n<p>S\u00a0PPF spojil Jaroslav Zoch celou svou profesn\u00ed kari\u00e9ru. B\u011bhem v\u00edce ne\u017e dvaceti let na r\u016fzn\u00fdch mana\u017eersk\u00fdch pozic\u00edch tak z\u00edskal zku\u0161enosti v oblasti strategick\u00e9ho rozhodov\u00e1n\u00ed, finan\u010dn\u00edho \u0159\u00edzen\u00ed a \u0159\u00edzen\u00ed investic, v\u010detn\u011b alokace kapit\u00e1lu, realizac\u00ed komplexn\u00edch transakc\u00ed v oblasti f\u00faz\u00ed a akvizic v n\u011bkolika ekonomick\u00fdch sektorech.<\/p>\n<p><em><i>\u201eCht\u011bl bych p\u0159iv\u00edtat Jaroslava ve \u0160kodovce a na\u0161em vrcholov\u00e9m veden\u00ed. Jako CFO bude hr\u00e1t kl\u00ed\u010dovou roli p\u0159i \u0159\u00edzen\u00ed na\u0161\u00ed finan\u010dn\u00ed strategie, stabilizaci finan\u010dn\u00ed v\u00fdkonosti a v\u00a0realizaci rozvojov\u00fdch ambic\u00ed. Jaroslav na pozici finan\u010dn\u00edho \u0159editele st\u0159\u00edd\u00e1 Libu\u0161i Jure\u010dkovou, kter\u00e9 bych r\u00e1d za jej\u00ed dosavadn\u00ed pr\u00e1ci pod\u011bkoval,\u201c<\/i><\/em>\u00a0uvedl <strong><b>Petr Novotn\u00fd, CEO \u0160koda Group<\/b><\/strong>.<\/p>\n<p>Jaroslav Zoch je absolventem Vysok\u00e9 \u0161koly ekonomick\u00e9 v Praze a University of Pittsburgh, Katz Graduate School of Business. Jeho profesn\u00ed cesta zahrnuje v\u00fdznamn\u00e9 pozice ve skupin\u011b PPF, Generali PPF Holdingu, \u010di \u010cesk\u00e9 poji\u0161\u0165ovn\u011b.<\/p>\n<p><em><i>\u00a0<\/i><\/em><em><i>\u201eVe financ\u00edch p\u016fsob\u00edm cel\u00fd sv\u016fj profesn\u00ed \u017eivot a v\u011b\u0159\u00edm, \u017ee \u0160kodovku dok\u00e1\u017ei v\u00a0oblasti financ\u00ed d\u00e1le posunout. V\u00fdhodou pro m\u011b je ur\u010dit\u011b to, \u017ee v\u00a0r\u00e1mci skupiny PPF jsem m\u011bl na starosti mimo jin\u00e9 i tuto spole\u010dnost,\u201c<\/i><\/em>\u00a0okomentoval sv\u016fj n\u00e1stup <strong><b>Jaroslav Zoch<\/b><\/strong>.<\/p>\n<p><strong>Zdroj: \u0160koda Group<\/strong><\/p>\n","protected":false},"excerpt":{"rendered":"<p>\u0160koda Group dosadila na pozici skupinov\u00e9ho finan\u010dn\u00edho \u0159editele (Group CFO) Jaroslava Zocha, kter\u00fd p\u0159ich\u00e1z\u00ed ze&#8230;<\/p>\n","protected":false},"author":1,"featured_media":4121,"comment_status":"closed","ping_status":"closed","sticky":false,"template":"","format":"standard","meta":{"footnotes":""},"categories":[6,5],"tags":[],"class_list":["post-4119","post","type-post","status-publish","format-standard","has-post-thumbnail","hentry","category-management","category-personalie"],"_links":{"self":[{"href":"https:\/\/www.automakers.cz\/index.php?rest_route=\/wp\/v2\/posts\/4119","targetHints":{"allow":["GET"]}}],"collection":[{"href":"https:\/\/www.automakers.cz\/index.php?rest_route=\/wp\/v2\/posts"}],"about":[{"href":"https:\/\/www.automakers.cz\/index.php?rest_route=\/wp\/v2\/types\/post"}],"author":[{"embeddable":true,"href":"https:\/\/www.automakers.cz\/index.php?rest_route=\/wp\/v2\/users\/1"}],"replies":[{"embeddable":true,"href":"https:\/\/www.automakers.cz\/index.php?rest_route=%2Fwp%2Fv2%2Fcomments&post=4119"}],"version-history":[{"count":3,"href":"https:\/\/www.automakers.cz\/index.php?rest_route=\/wp\/v2\/posts\/4119\/revisions"}],"predecessor-version":[{"id":4123,"href":"https:\/\/www.automakers.cz\/index.php?rest_route=\/wp\/v2\/posts\/4119\/revisions\/4123"}],"wp:featuredmedia":[{"embeddable":true,"href":"https:\/\/www.automakers.cz\/index.php?rest_route=\/wp\/v2\/media\/4121"}],"wp:attachment":[{"href":"https:\/\/www.automakers.cz\/index.php?rest_route=%2Fwp%2Fv2%2Fmedia&parent=4119"}],"wp:term":[{"taxonomy":"category","embeddable":true,"href":"https:\/\/www.automakers.cz\/index.php?rest_route=%2Fwp%2Fv2%2Fcategories&post=4119"},{"taxonomy":"post_tag","embeddable":true,"href":"https:\/\/www.automakers.cz\/index.php?rest_route=%2Fwp%2Fv2%2Ftags&post=4119"}],"curies":[{"name":"wp","href":"https:\/\/api.w.org\/{rel}","templated":true}]}}