{"id":4162,"date":"2024-05-22T06:20:41","date_gmt":"2024-05-22T06:20:41","guid":{"rendered":"https:\/\/www.automakers.cz\/?p=4162"},"modified":"2024-05-23T06:46:26","modified_gmt":"2024-05-23T06:46:26","slug":"porota-coty-testuje-citroen-e-c3","status":"publish","type":"post","link":"https:\/\/www.automakers.cz\/?p=4162","title":{"rendered":"Porota COTY testuje Citro\u00ebn \u00eb-C3"},"content":{"rendered":"<p><strong>Porotci COTY zkou\u0161\u00ed v Rakousku elektrickou verzi nov\u00e9ho Citro\u00ebnu C3, kter\u00fd m\u011bl ned\u00e1vno premi\u00e9ru v Pa\u0159\u00ed\u017ei. M\u00e1 ambici st\u00e1t se nejlevn\u011bj\u0161\u00edm elektromobilem v Evrop\u011b.<\/strong><!--more--><\/p>\n<p>Nov\u00fd \u00eb-C3 m\u00e1\u00a0 tlumi\u010de Citro\u00ebn Advanced Comfort s hydraulick\u00fdmi dorazy, kter\u00e9 by m\u011bly znamenat nejlep\u0161\u00ed komfort ve t\u0159\u00edd\u011b. Jsou specialitou Citro\u00ebnu a z\u0159ejm\u011b se nedostanou k \u017e\u00e1dn\u00e9 jin\u00e9 zna\u010dce koncernu Stellantis.<\/p>\n<p>&#8222;Nejdostupn\u011bj\u0161\u00ed evropsk\u00fd elektromobil tak nebude ani z \u010c\u00edny, ani z Wolfsburgu. Citroen C3 bude startovat bude s 35kWh baterkou (poprv\u00e9 v koncernu LFP) na 494 000 K\u010d a s 44kWh na 575 000 K\u010d,&#8220; p\u0159ibl\u00ed\u017eil cenovky \u010desk\u00fd \u010dlen poroty Jirka Ducho\u0148.<\/p>\n<p><strong>ZDROJ: Ji\u0159\u00ed Ducho\u0148 FB<\/strong><\/p>\n<p><img loading=\"lazy\" decoding=\"async\" class=\"alignnone size-full wp-image-4166\" src=\"http:\/\/www.automakers.cz\/wp-content\/uploads\/2024\/05\/Citroen-C3-Rakousko-COTY-Duchon.jpeg\" alt=\"\" width=\"723\" height=\"492\" \/><\/p>\n<p>&nbsp;<\/p>\n","protected":false},"excerpt":{"rendered":"<p>Porotci COTY zkou\u0161\u00ed v Rakousku elektrickou verzi nov\u00e9ho Citro\u00ebnu C3, kter\u00fd m\u011bl ned\u00e1vno premi\u00e9ru v&#8230;<\/p>\n","protected":false},"author":1,"featured_media":4163,"comment_status":"closed","ping_status":"closed","sticky":false,"template":"","format":"standard","meta":{"footnotes":""},"categories":[9,28],"tags":[],"class_list":["post-4162","post","type-post","status-publish","format-standard","has-post-thumbnail","hentry","category-elektromobily","category-testy"],"_links":{"self":[{"href":"https:\/\/www.automakers.cz\/index.php?rest_route=\/wp\/v2\/posts\/4162","targetHints":{"allow":["GET"]}}],"collection":[{"href":"https:\/\/www.automakers.cz\/index.php?rest_route=\/wp\/v2\/posts"}],"about":[{"href":"https:\/\/www.automakers.cz\/index.php?rest_route=\/wp\/v2\/types\/post"}],"author":[{"embeddable":true,"href":"https:\/\/www.automakers.cz\/index.php?rest_route=\/wp\/v2\/users\/1"}],"replies":[{"embeddable":true,"href":"https:\/\/www.automakers.cz\/index.php?rest_route=%2Fwp%2Fv2%2Fcomments&post=4162"}],"version-history":[{"count":3,"href":"https:\/\/www.automakers.cz\/index.php?rest_route=\/wp\/v2\/posts\/4162\/revisions"}],"predecessor-version":[{"id":4168,"href":"https:\/\/www.automakers.cz\/index.php?rest_route=\/wp\/v2\/posts\/4162\/revisions\/4168"}],"wp:featuredmedia":[{"embeddable":true,"href":"https:\/\/www.automakers.cz\/index.php?rest_route=\/wp\/v2\/media\/4163"}],"wp:attachment":[{"href":"https:\/\/www.automakers.cz\/index.php?rest_route=%2Fwp%2Fv2%2Fmedia&parent=4162"}],"wp:term":[{"taxonomy":"category","embeddable":true,"href":"https:\/\/www.automakers.cz\/index.php?rest_route=%2Fwp%2Fv2%2Fcategories&post=4162"},{"taxonomy":"post_tag","embeddable":true,"href":"https:\/\/www.automakers.cz\/index.php?rest_route=%2Fwp%2Fv2%2Ftags&post=4162"}],"curies":[{"name":"wp","href":"https:\/\/api.w.org\/{rel}","templated":true}]}}