{"id":4183,"date":"2024-05-22T07:20:10","date_gmt":"2024-05-22T07:20:10","guid":{"rendered":"https:\/\/www.automakers.cz\/?p=4183"},"modified":"2024-05-22T08:42:04","modified_gmt":"2024-05-22T08:42:04","slug":"amarok-posili-ochranu-volne-zijicich-ptaku","status":"publish","type":"post","link":"https:\/\/www.automakers.cz\/?p=4183","title":{"rendered":"Amarok pos\u00edl\u00ed ochranu voln\u011b \u017eij\u00edc\u00edch pt\u00e1k\u016f"},"content":{"rendered":"<p><strong><b>Mirka Cimrov\u00e1 z Porsche \u010cR zap\u016fj\u010dila z\u00e1stupc\u016fm \u010cesk\u00e9 spole\u010dnosti ornitologick\u00e9 (\u010cSO) dva pick-upy Volkswagen Amarok. Import\u00e9r se bude v r\u00e1mci nav\u00e1zan\u00e9ho partnerstv\u00ed pod\u00edlet na ochran\u011b voln\u011b \u017eij\u00edc\u00edch pt\u00e1k\u016f v pta\u010d\u00edch parc\u00edch Josefovsk\u00e9 louky u Jarom\u011b\u0159e a Kosteliska u Dub\u0148an.<\/b><\/strong><!--more--><\/p>\n<p>Prvn\u00edm krokem nov\u00e9 CSR aktivity jsou \u201edva Amaroky na dva roky\u201c: Dva nov\u00e9 pick-upy Volkswagen Amarok s polepy, kter\u00e9 zn\u00e1zor\u0148uj\u00ed spolupr\u00e1ci na rozvoji pta\u010d\u00edch park\u016f, poslou\u017e\u00ed zam\u011bstnanc\u016fm \u010cSO k je\u0161t\u011b efektivn\u011bj\u0161\u00ed p\u00e9\u010di o chr\u00e1n\u011bn\u00e1 \u00fazem\u00ed ve vlastnictv\u00ed \u010cSO.<\/p>\n<p>\u201eM\u00e1m velkou radost, \u017ee m\u016f\u017eeme na\u0161imi robustn\u00edmi a v\u0161estrann\u00fdmi pick-upy Amarok dlouhodob\u011b podporovat mimo\u0159\u00e1dn\u011b z\u00e1slu\u017enou \u010dinnost \u010cesk\u00e9 spole\u010dnosti ornitologick\u00e9,\u201c \u0159\u00edk\u00e1 Christoph Gr\u00fcn, jednatel spole\u010dnosti Porsche \u010cesk\u00e1 republika, a dod\u00e1v\u00e1: \u201eJeden Amarok bude slou\u017eit v\u00a0pta\u010d\u00edm parku Josefovsk\u00e9 louky, druh\u00fd v\u00a0pta\u010d\u00edm parku Kosteliska. P\u0159ed\u00e1n\u00edm kl\u00ed\u010dk\u016f od dvou Amarok\u016f v\u0161ak na\u0161e spolupr\u00e1ce zdaleka nekon\u010d\u00ed. V\u00a0r\u00e1mci tradi\u010dn\u00edch dobrovolnick\u00fdch dn\u016f se budeme do \u00fadr\u017eby obou pta\u010d\u00edch park\u016f zapojovat tak\u00e9 s\u00a0t\u00fdmem na\u0161ich zam\u011bstnanc\u016f.\u201c<\/p>\n<p><img loading=\"lazy\" decoding=\"async\" class=\"alignnone size-medium wp-image-4185\" src=\"http:\/\/www.automakers.cz\/wp-content\/uploads\/2024\/05\/Porsche-Amarok-ptaci-900x675.jpg\" alt=\"\" width=\"900\" height=\"675\" srcset=\"https:\/\/www.automakers.cz\/wp-content\/uploads\/2024\/05\/Porsche-Amarok-ptaci-900x675.jpg 900w, https:\/\/www.automakers.cz\/wp-content\/uploads\/2024\/05\/Porsche-Amarok-ptaci-1024x768.jpg 1024w, https:\/\/www.automakers.cz\/wp-content\/uploads\/2024\/05\/Porsche-Amarok-ptaci-768x576.jpg 768w, https:\/\/www.automakers.cz\/wp-content\/uploads\/2024\/05\/Porsche-Amarok-ptaci.jpg 1133w\" sizes=\"auto, (max-width: 900px) 100vw, 900px\" \/><strong>(zleva) Zden\u011bk Vermouzek a Ga\u0161par \u010caml\u00edk z \u010cesk\u00e9 spole\u010dnosti ornitologick\u00e9, Mirka Cimrov\u00e1 a Christoph Gr\u00fcn z Porsche \u010cesk\u00e1 republika<\/strong><\/p>\n<p><strong>Dobrovolnick\u00e9 dny v pra\u010d\u00edch parc\u00edch<\/strong><\/p>\n<p>Zam\u011bstnanci spole\u010dnosti Porsche \u010cesk\u00e1 republika ji\u017e pl\u00e1nuj\u00ed minim\u00e1ln\u011b dva dobrovolnick\u00e9 dny v\u00a0pta\u010d\u00edch parc\u00edch \u010cSO. Dobrovoln\u00edci budou ve sv\u00e9m voln\u00e9m \u010dase pom\u00e1hat nap\u0159\u00edklad s\u00a0vy\u0159ez\u00e1v\u00e1n\u00edm n\u00e1letov\u00fdch d\u0159evin, sek\u00e1n\u00edm invazn\u00edch druh\u016f rostlin \u010di \u00fapravou n\u00e1v\u0161t\u011bvnick\u00fdch stezek. \u010cSO pak uspo\u0159\u00e1d\u00e1 pro zam\u011bstnance spole\u010dnosti Porsche \u010cesk\u00e1 republika environment\u00e1ln\u011b zam\u011b\u0159en\u00e9 akce s\u00a0p\u0159edn\u00e1\u0161kami a n\u00e1zorn\u00fdmi uk\u00e1zkami krou\u017ekov\u00e1n\u00ed ptactva.<\/p>\n<p>\u201eD\u011bkujeme Porsche \u010cesk\u00e1 republika za zap\u016fj\u010den\u00ed dvou ter\u00e9nn\u00edch voz\u016f, d\u00edky kter\u00fdm budeme moci zefektivnit na\u0161i ochran\u00e1\u0159skou pr\u00e1ci. V\u011b\u0159\u00edme, \u017ee snadno zvl\u00e1dnou celoro\u010dn\u00ed n\u00e1ro\u010dn\u00e9 podm\u00ednky, se kter\u00fdmi se v\u00a0pta\u010d\u00edch parc\u00edch denn\u011b potk\u00e1v\u00e1me \u2013 od rozbl\u00e1cen\u00fdch cest po z\u00e1plavy nebo sn\u00edh. Budou skv\u011bl\u00fdmi pomocn\u00edky p\u0159i p\u00e9\u010di o divok\u00e9 kon\u011b, pratury a uhersk\u00fd stepn\u00ed skot, p\u0159i p\u0159ev\u00e1\u017een\u00ed n\u00e1\u0159ad\u00ed, materi\u00e1lu na stavbu ohradn\u00edk\u016f, pozorovatelen a lavi\u010dek \u010di pro odvoz sena nebo vy\u0159ezan\u00fdch v\u011btv\u00ed. V neposledn\u00ed \u0159ad\u011b n\u00e1m poslou\u017e\u00ed p\u0159i reakc\u00edch na neo\u010dek\u00e1van\u00e9 urgentn\u00ed ud\u00e1losti v\u00a0parku,\u201c \u0159\u00edk\u00e1 \u0159editel \u010cesk\u00e9 spole\u010dnosti ornitologick\u00e9 Zden\u011bk Vermouzek.<\/p>\n<p>Spolek \u010cesk\u00e1 spole\u010dnost ornitologick\u00e1 (\u010cSO) s\u00a0tradic\u00ed sahaj\u00edc\u00ed a\u017e do roku 1926 m\u00e1 v\u00a0sou\u010dasnosti v\u00edce ne\u017e 7500 \u010dlen\u016f. Profesion\u00e1ln\u00ed i amat\u00e9r\u0161t\u00ed ornitologov\u00e9, z\u00e1jemci o pozorov\u00e1n\u00ed pt\u00e1k\u016f a milovn\u00edci p\u0159\u00edrody sdru\u017een\u00ed v \u010cSO usiluj\u00ed o sv\u011bt, kde \u017eij\u00ed lid\u00e9 a pt\u00e1ci v harmonii, kde lid\u00e9 s\u00a0pokorou obdivuj\u00ed p\u0159\u00edrodu, sna\u017e\u00ed se j\u00ed porozum\u011bt a vyu\u017e\u00edvaj\u00ed ji udr\u017eiteln\u011b pro sebe, pro pt\u00e1ky i pro ostatn\u00ed organismy. \u010cSO zkoum\u00e1 a ochr\u00e1n\u00ed pt\u00e1ky, jejich prost\u0159ed\u00ed a p\u0159\u00edrodu jako celek a svou \u010dinnost\u00ed k tomu motivuje i \u0161irokou ve\u0159ejnost. Prosazuje ochranu p\u0159\u00edrody zalo\u017eenou na v\u011bdeck\u00fdch poznatc\u00edch. \u010cSO je neziskovou organizac\u00ed a \u010desk\u00fdm partnerem nejv\u011bt\u0161\u00edho mezin\u00e1rodn\u00edho sdru\u017een\u00ed na ochranu pt\u00e1k\u016f BirdLife International. V\u00edce informac\u00ed naleznete na birdlife.cz.<\/p>\n<p><strong>Dramatick\u00fd \u00fabytek pt\u00e1k\u016f<\/strong><\/p>\n<p>Pta\u010d\u00ed parky \u010cesk\u00e9 spole\u010dnosti ornitologick\u00e9\u00a0jsou logickou reakc\u00ed na dramatick\u00fd \u00fabytek pt\u00e1k\u016f zem\u011bd\u011blsk\u00e9 krajiny, mok\u0159ad\u016f a na p\u0159etrh\u00e1van\u00e9 vazby mezi lidmi a p\u0159\u00edrodou. Prvn\u00ed pta\u010d\u00ed park v\u00a0\u010cesku Josefovsk\u00e9 louky zalo\u017eila \u010cSO p\u0159edev\u0161\u00edm na vlastn\u00edm financov\u00e1n\u00ed z dar\u016f \u010dlen\u016f a podporovatel\u016f. Poda\u0159ilo se vzk\u0159\u00edsit jeden z nejkvalitn\u011bj\u0161\u00edch mok\u0159ad\u016f, umo\u017enit tu n\u00e1vrat jinde mizej\u00edc\u00edch \u010di vymizel\u00fdch pt\u00e1k\u016f a zprost\u0159edkovat kontakt mezi lidmi a p\u0159\u00edrodou. Dal\u0161\u00ed pta\u010d\u00ed parky pokra\u010duj\u00ed ve stejn\u00e9m duchu a stejn\u011b tak budou pokra\u010dovat i pta\u010d\u00ed parky budouc\u00ed. \u010cSO pl\u00e1nuje do roku 2042 m\u00edt alespo\u0148 jeden pln\u011b funk\u010dn\u00ed pta\u010d\u00ed park v ka\u017ed\u00e9m kraji \u010ceska.<\/p>\n<p><strong>V\u00edce o pta\u010d\u00edch parc\u00edch \u010cSO na\u00a0<a href=\"https:\/\/www.birdlife.cz\/rezervace\/\">birdlife.cz\/rezervace\/<\/a>.<\/strong><\/p>\n<p><img loading=\"lazy\" decoding=\"async\" class=\"alignnone size-medium wp-image-4189\" src=\"http:\/\/www.automakers.cz\/wp-content\/uploads\/2024\/05\/Ptak-ruka-900x600.jpg\" alt=\"\" width=\"900\" height=\"600\" srcset=\"https:\/\/www.automakers.cz\/wp-content\/uploads\/2024\/05\/Ptak-ruka-900x600.jpg 900w, https:\/\/www.automakers.cz\/wp-content\/uploads\/2024\/05\/Ptak-ruka-1024x683.jpg 1024w, https:\/\/www.automakers.cz\/wp-content\/uploads\/2024\/05\/Ptak-ruka-768x512.jpg 768w, https:\/\/www.automakers.cz\/wp-content\/uploads\/2024\/05\/Ptak-ruka.jpg 1275w\" sizes=\"auto, (max-width: 900px) 100vw, 900px\" \/><strong>CSR v Porsche \u010cR<\/strong><\/p>\n<p>Porsche \u010cesk\u00e1 republika v oblasti spole\u010densk\u00e9 odpov\u011bdnosti (CSR) systematicky a dlouhodob\u011b podporuje dobro\u010dinn\u00e9 projekty, jejich\u017e c\u00edlem je p\u0159isp\u00edvat k udr\u017eiteln\u00e9mu rozvoji a ke zlep\u0161ov\u00e1n\u00ed \u017eivotn\u00edho prost\u0159ed\u00ed i zkvalit\u0148ov\u00e1n\u00ed \u017eivota obyvatel v \u010cesk\u00e9 republice. Nejv\u011bt\u0161\u00ed dovozce automobil\u016f do \u010cR se v\u00a0r\u00e1mci nov\u00e9 strategie CSR pro obdob\u00ed od roku 2024 zam\u011b\u0159uje p\u0159edev\u0161\u00edm na podporu senior\u016f prost\u0159ednictv\u00edm neziskov\u00e9 organizace SUE RYDER, zapojen\u00edm do r\u016fzn\u00fdch charitativn\u00edch akc\u00ed reaguje na aktu\u00e1ln\u00ed d\u011bn\u00ed a ekologicky zam\u011b\u0159en\u00fdmi projekty, nov\u011b pr\u00e1v\u011b s\u00a0\u010cSO, se aktivn\u011b pod\u00edl\u00ed na\u00a0zaji\u0161t\u011bn\u00ed budoucnosti pro ve\u0161ker\u00fd \u017eivot na na\u0161\u00ed planet\u011b.<\/p>\n<p><strong>Zdroj: Porsche \u010cR, Jan Kl\u00edma<br \/>\n<\/strong><\/p>\n","protected":false},"excerpt":{"rendered":"<p>Mirka Cimrov\u00e1 z Porsche \u010cR zap\u016fj\u010dila z\u00e1stupc\u016fm \u010cesk\u00e9 spole\u010dnosti ornitologick\u00e9 (\u010cSO) dva pick-upy Volkswagen Amarok&#8230;.<\/p>\n","protected":false},"author":1,"featured_media":4186,"comment_status":"closed","ping_status":"closed","sticky":false,"template":"","format":"standard","meta":{"footnotes":""},"categories":[16,11],"tags":[],"class_list":["post-4183","post","type-post","status-publish","format-standard","has-post-thumbnail","hentry","category-csr","category-importeri"],"_links":{"self":[{"href":"https:\/\/www.automakers.cz\/index.php?rest_route=\/wp\/v2\/posts\/4183","targetHints":{"allow":["GET"]}}],"collection":[{"href":"https:\/\/www.automakers.cz\/index.php?rest_route=\/wp\/v2\/posts"}],"about":[{"href":"https:\/\/www.automakers.cz\/index.php?rest_route=\/wp\/v2\/types\/post"}],"author":[{"embeddable":true,"href":"https:\/\/www.automakers.cz\/index.php?rest_route=\/wp\/v2\/users\/1"}],"replies":[{"embeddable":true,"href":"https:\/\/www.automakers.cz\/index.php?rest_route=%2Fwp%2Fv2%2Fcomments&post=4183"}],"version-history":[{"count":5,"href":"https:\/\/www.automakers.cz\/index.php?rest_route=\/wp\/v2\/posts\/4183\/revisions"}],"predecessor-version":[{"id":4188,"href":"https:\/\/www.automakers.cz\/index.php?rest_route=\/wp\/v2\/posts\/4183\/revisions\/4188"}],"wp:featuredmedia":[{"embeddable":true,"href":"https:\/\/www.automakers.cz\/index.php?rest_route=\/wp\/v2\/media\/4186"}],"wp:attachment":[{"href":"https:\/\/www.automakers.cz\/index.php?rest_route=%2Fwp%2Fv2%2Fmedia&parent=4183"}],"wp:term":[{"taxonomy":"category","embeddable":true,"href":"https:\/\/www.automakers.cz\/index.php?rest_route=%2Fwp%2Fv2%2Fcategories&post=4183"},{"taxonomy":"post_tag","embeddable":true,"href":"https:\/\/www.automakers.cz\/index.php?rest_route=%2Fwp%2Fv2%2Ftags&post=4183"}],"curies":[{"name":"wp","href":"https:\/\/api.w.org\/{rel}","templated":true}]}}