{"id":4232,"date":"2024-05-24T08:15:24","date_gmt":"2024-05-24T08:15:24","guid":{"rendered":"https:\/\/www.automakers.cz\/?p=4232"},"modified":"2024-05-24T08:15:24","modified_gmt":"2024-05-24T08:15:24","slug":"porsche-ia-s-novou-komunikacni-agenturou","status":"publish","type":"post","link":"https:\/\/www.automakers.cz\/?p=4232","title":{"rendered":"Porsche IA s novou komunika\u010dn\u00ed agenturou"},"content":{"rendered":"<p><strong>\u0160\u00e9fka marketingu Porsche Inter Auto Petra Klosov\u00e1 si pro spr\u00e1vu sv\u00e9 komunikace vybrala novou agenturu. Bude odpov\u011bdn\u00e1 za launch kampan\u00ed, brandov\u00fdch aktivac\u00ed a spr\u00e1vy soci\u00e1ln\u00edch s\u00edt\u00ed. Tendr byl vyhl\u00e1\u0161en koncem lo\u0148ska, vyvrcholil v dubnu.<\/strong><!--more--><\/p>\n<p>Flo se st\u00e1v\u00e1 sou\u010d\u00e1st\u00ed poolu agentur, kter\u00e9 jsou Porsche \u010cesk\u00e1 republika a\u00a0Porsche Inter Auto k\u00a0dispozici.<\/p>\n<p>\u201eV pr\u016fb\u011bhu leto\u0161n\u00edho roku n\u00e1s \u010dek\u00e1 hned n\u011bkolik v\u00fdrazn\u00fdch ud\u00e1lost\u00ed, jako nap\u0159\u00edklad launch druh\u00e9 generace modelu\u00a0<em><strong>Taycan<\/strong><\/em>, p\u0159edstaven\u00ed druh\u00e9ho pln\u011b elektrick\u00e9ho vozu\u00a0<em><strong>Porsche Macan<\/strong><\/em>, facelift verze legend\u00e1rn\u00ed\u00a0<em><strong>911<\/strong><\/em>\u00a0nebo prvn\u00ed ofici\u00e1ln\u00ed komunitn\u00ed\u00a0<em><strong>Porsche Festival<\/strong><\/em>, kter\u00fd se uskute\u010dn\u00ed na brn\u011bnsk\u00e9m okruhu, kter\u00fd m\u00e1 za c\u00edl propojit majitele voz\u016f s\u00a0fanou\u0161ky zna\u010dky,\u201c vypo\u010d\u00edt\u00e1v\u00e1\u00a0<strong>Petra Klosov\u00e1<\/strong>, marketingov\u00e1 \u0159editelka Porsche Inter Auto.<\/p>\n<div id=\"attachment_284867\" class=\"wp-caption alignnone\"><img loading=\"lazy\" decoding=\"async\" class=\"size-full wp-image-284867\" src=\"https:\/\/www.mediar.cz\/wp-content\/uploads\/2024\/05\/petra-klosova.jpg\" sizes=\"auto, (max-width: 1200px) 100vw, 1200px\" srcset=\"https:\/\/www.mediar.cz\/wp-content\/uploads\/2024\/05\/petra-klosova.jpg 1200w, https:\/\/www.mediar.cz\/wp-content\/uploads\/2024\/05\/petra-klosova-267x400.jpg 267w, https:\/\/www.mediar.cz\/wp-content\/uploads\/2024\/05\/petra-klosova-357x535.jpg 357w, https:\/\/www.mediar.cz\/wp-content\/uploads\/2024\/05\/petra-klosova-768x1152.jpg 768w, https:\/\/www.mediar.cz\/wp-content\/uploads\/2024\/05\/petra-klosova-1024x1536.jpg 1024w\" alt=\"Petra Klosov\u00e1. Foto: Jan Hadraba\" width=\"1200\" height=\"1800\" aria-describedby=\"caption-attachment-284867\" \/><\/p>\n<p id=\"caption-attachment-284867\" class=\"wp-caption-text\">Petra Klosov\u00e1. Foto: Jan Hadraba<\/p>\n<\/div>\n<p>Nejbli\u017e\u0161\u00edm p\u0159ipravovan\u00fdm eventem je 25. kv\u011btna akce\u00a0<a href=\"http:\/\/www.speeddates.cz\/\"><em><strong>Analog Affair<\/strong><\/em><\/a>. Tu chyst\u00e1 platforma\u00a0<em><strong>Speed Dates<\/strong><\/em>, kter\u00e1 pravideln\u011b po\u0159\u00e1d\u00e1 lifestylov\u00e9 srazy, propojuj\u00edc\u00ed vozy, jejich majitele, prim\u00e1rn\u011b z\u00a0kreativn\u00ed sf\u00e9ry, a\u00a0um\u011bn\u00ed. Porsche je partnerem akce. Ta\u00a0p\u0159edstav\u00ed d\u00edlo jednoho z\u00a0nejzn\u00e1m\u011bj\u0161\u00edch fotograf\u016f v\u00a0r\u00e1mci komunity kolem zna\u010dky Porsche, Belgi\u010dana\u00a0<strong>Barta Kuykense<\/strong>, kter\u00fd bude na akci p\u0159\u00edtomen.<\/p>\n<p><strong>Zdroj: mediar.cz<\/strong><\/p>\n","protected":false},"excerpt":{"rendered":"<p>\u0160\u00e9fka marketingu Porsche Inter Auto Petra Klosov\u00e1 si pro spr\u00e1vu sv\u00e9 komunikace vybrala novou agenturu&#8230;.<\/p>\n","protected":false},"author":1,"featured_media":2488,"comment_status":"closed","ping_status":"closed","sticky":false,"template":"","format":"standard","meta":{"footnotes":""},"categories":[11,31,21],"tags":[],"class_list":["post-4232","post","type-post","status-publish","format-standard","has-post-thumbnail","hentry","category-importeri","category-news","category-pr"],"_links":{"self":[{"href":"https:\/\/www.automakers.cz\/index.php?rest_route=\/wp\/v2\/posts\/4232","targetHints":{"allow":["GET"]}}],"collection":[{"href":"https:\/\/www.automakers.cz\/index.php?rest_route=\/wp\/v2\/posts"}],"about":[{"href":"https:\/\/www.automakers.cz\/index.php?rest_route=\/wp\/v2\/types\/post"}],"author":[{"embeddable":true,"href":"https:\/\/www.automakers.cz\/index.php?rest_route=\/wp\/v2\/users\/1"}],"replies":[{"embeddable":true,"href":"https:\/\/www.automakers.cz\/index.php?rest_route=%2Fwp%2Fv2%2Fcomments&post=4232"}],"version-history":[{"count":1,"href":"https:\/\/www.automakers.cz\/index.php?rest_route=\/wp\/v2\/posts\/4232\/revisions"}],"predecessor-version":[{"id":4233,"href":"https:\/\/www.automakers.cz\/index.php?rest_route=\/wp\/v2\/posts\/4232\/revisions\/4233"}],"wp:featuredmedia":[{"embeddable":true,"href":"https:\/\/www.automakers.cz\/index.php?rest_route=\/wp\/v2\/media\/2488"}],"wp:attachment":[{"href":"https:\/\/www.automakers.cz\/index.php?rest_route=%2Fwp%2Fv2%2Fmedia&parent=4232"}],"wp:term":[{"taxonomy":"category","embeddable":true,"href":"https:\/\/www.automakers.cz\/index.php?rest_route=%2Fwp%2Fv2%2Fcategories&post=4232"},{"taxonomy":"post_tag","embeddable":true,"href":"https:\/\/www.automakers.cz\/index.php?rest_route=%2Fwp%2Fv2%2Ftags&post=4232"}],"curies":[{"name":"wp","href":"https:\/\/api.w.org\/{rel}","templated":true}]}}