{"id":4234,"date":"2024-05-24T09:36:41","date_gmt":"2024-05-24T09:36:41","guid":{"rendered":"https:\/\/www.automakers.cz\/?p=4234"},"modified":"2024-05-24T09:36:41","modified_gmt":"2024-05-24T09:36:41","slug":"mewa-prebira-specialistu-na-ciste-prostory-mikroclean","status":"publish","type":"post","link":"https:\/\/www.automakers.cz\/?p=4234","title":{"rendered":"Mewa p\u0159eb\u00edr\u00e1 specialistu na \u010dist\u00e9 prostory Mikroclean"},"content":{"rendered":"<p><strong><b>Skupina Mewa pokra\u010duje ve sv\u00e9 expanzi. Jej\u00ed stoprocentn\u00ed dce\u0159inou spole\u010dnost\u00ed se stala firma Mikroclean GmbH, kter\u00e1 se zab\u00fdv\u00e1 \u010dist\u00fdmi prostory. Mewa, poskytuj\u00edc\u00ed textiln\u00ed slu\u017eby po cel\u00e9 Evrop\u011b, tak roz\u0161i\u0159uje svou nab\u00eddku B2B o dal\u0161\u00ed specializovan\u00e9 slu\u017eby. <\/b><\/strong><!--more--><\/p>\n<p>Mikroclean m\u00e1 s\u00eddlo v Grafenbergu u Metzingenu a pobo\u010dky v Berl\u00edn\u011b nebo v Essenu. Prost\u0159ednictv\u00edm deseti servisn\u00edch st\u0159edisek se star\u00e1 o z\u00e1kazn\u00edky v N\u011bmecku, Rakousku, \u0160v\u00fdcarsku i dal\u0161\u00edch evropsk\u00fdch zem\u00edch. Mezi klienty pat\u0159\u00ed spole\u010dnosti z oblasti v\u00fdroby, zdravotnick\u00e9 techniky, farmaceutick\u00e9ho a biochemick\u00e9ho pr\u016fmyslu.<\/p>\n<p><strong><b>\u00a0<\/b><\/strong>Mikroclean GmbH zalo\u017eil Timo Speck v roce 2012. Jeho zku\u0161enosti technick\u00e9ho vedouc\u00edcho v oblasti \u00faklidu budov ho p\u0159ivedly k p\u0159esv\u011bd\u010den\u00ed, \u017ee vysoce kvalitn\u00ed \u00fadr\u017ebu \u010dist\u00fdch prostor m\u016f\u017ee zajistit pouze poskytovatel se specializovan\u00fdmi odborn\u00fdmi znalostmi. Od t\u00e9 doby se jeho firma rozvinula v inovativn\u00edho specialistu na \u010dist\u00e9 prostory. Hlavn\u00ed slu\u017eby dopl\u0148uj\u00ed tak\u00e9 \u0161kolen\u00ed a kvalifikace person\u00e1lu v\u00a0oblasti cleanrooms.<\/p>\n<p>Veden\u00ed spole\u010dnosti z\u016fst\u00e1v\u00e1 nad\u00e1le v\u00a0ruk\u00e1ch Timo Specka a G\u00fcnese Yenena, kter\u00fd dosud p\u016fsobil jako jednatel Mewa v\u00a0Anglii. &#8222;Chceme roz\u0161\u00ed\u0159it a d\u016fsledn\u011b zintenzivnit na\u0161e odborn\u00e9 znalosti v oblasti produkce pro \u010dist\u00e9 prostory. Partnerstv\u00ed s\u00a0Mikroclean n\u00e1m v tomto r\u016fstov\u00e9m segmentu otev\u00edr\u00e1 nov\u00fd potenci\u00e1l. Jsme r\u00e1di, \u017ee m\u00e1me na palub\u011b Timo Specka s\u00a0jeho t\u00fdmem. V\u00edt\u00e1me je ve skupin\u011b Mewa,&#8220; \u0159\u00edk\u00e1 Bernhard Niklewitz, v\u00fdkonn\u00fd \u0159editel spole\u010dnosti Mewa. \u00a0Timo Speck se t\u011b\u0161\u00ed na spolupr\u00e1ci a p\u0159\u00edle\u017eitosti, kter\u00e9 mu nab\u00edz\u00ed zast\u0159e\u0161en\u00ed mezin\u00e1rodn\u00edm hr\u00e1\u010dem. &#8222;Na\u0161im z\u00e1kazn\u00edk\u016fm v\u017edy \u0159\u00edk\u00e1m, \u017ee jejich \u010dist\u00e9 prostory jsou tak\u00e9 na\u0161e \u010dist\u00e9 prostory, proto\u017ee je jejich \u00fadr\u017eba spojena s\u00a0vysokou m\u00edrou odpov\u011bdnosti. Bereme ji velmi v\u00e1\u017en\u011b. M\u00e1m radost, \u017ee se skupinou Mewa po na\u0161em boku m\u016f\u017eeme d\u00e1le c\u00edlen\u011b roz\u0161i\u0159ovat na\u0161e slu\u017eby.&#8220;<\/p>\n<p>Mewa tak dopl\u0148uje sv\u00e9 portfolio o slu\u017eby v segmentu \u010dist\u00fdch prostor. Integrace spole\u010dnosti Mikroclean je v tomto sm\u011bru d\u016fle\u017eit\u00fdm strategick\u00fdm krokem. V sou\u010dasn\u00e9 dob\u011b se v are\u00e1lu Mewa v Mei\u00dfenheimu buduje nov\u00fd provoz, kter\u00fd bude poskytovat v\u0161estrann\u00fd servis v\u00a0oblasti p\u00e9\u010de o od\u011bvy do \u010dist\u00fdch prostor.<\/p>\n<p><strong>Zdroj: 2020 Comm, Michal Peterka<\/strong><\/p>\n<p>&nbsp;<\/p>\n<p>&nbsp;<\/p>\n<p>&nbsp;<\/p>\n","protected":false},"excerpt":{"rendered":"<p>Skupina Mewa pokra\u010duje ve sv\u00e9 expanzi. Jej\u00ed stoprocentn\u00ed dce\u0159inou spole\u010dnost\u00ed se stala firma Mikroclean GmbH,&#8230;<\/p>\n","protected":false},"author":1,"featured_media":4237,"comment_status":"closed","ping_status":"closed","sticky":false,"template":"","format":"standard","meta":{"footnotes":""},"categories":[3,52],"tags":[],"class_list":["post-4234","post","type-post","status-publish","format-standard","has-post-thumbnail","hentry","category-investice","category-servis"],"_links":{"self":[{"href":"https:\/\/www.automakers.cz\/index.php?rest_route=\/wp\/v2\/posts\/4234","targetHints":{"allow":["GET"]}}],"collection":[{"href":"https:\/\/www.automakers.cz\/index.php?rest_route=\/wp\/v2\/posts"}],"about":[{"href":"https:\/\/www.automakers.cz\/index.php?rest_route=\/wp\/v2\/types\/post"}],"author":[{"embeddable":true,"href":"https:\/\/www.automakers.cz\/index.php?rest_route=\/wp\/v2\/users\/1"}],"replies":[{"embeddable":true,"href":"https:\/\/www.automakers.cz\/index.php?rest_route=%2Fwp%2Fv2%2Fcomments&post=4234"}],"version-history":[{"count":4,"href":"https:\/\/www.automakers.cz\/index.php?rest_route=\/wp\/v2\/posts\/4234\/revisions"}],"predecessor-version":[{"id":4239,"href":"https:\/\/www.automakers.cz\/index.php?rest_route=\/wp\/v2\/posts\/4234\/revisions\/4239"}],"wp:featuredmedia":[{"embeddable":true,"href":"https:\/\/www.automakers.cz\/index.php?rest_route=\/wp\/v2\/media\/4237"}],"wp:attachment":[{"href":"https:\/\/www.automakers.cz\/index.php?rest_route=%2Fwp%2Fv2%2Fmedia&parent=4234"}],"wp:term":[{"taxonomy":"category","embeddable":true,"href":"https:\/\/www.automakers.cz\/index.php?rest_route=%2Fwp%2Fv2%2Fcategories&post=4234"},{"taxonomy":"post_tag","embeddable":true,"href":"https:\/\/www.automakers.cz\/index.php?rest_route=%2Fwp%2Fv2%2Ftags&post=4234"}],"curies":[{"name":"wp","href":"https:\/\/api.w.org\/{rel}","templated":true}]}}