{"id":4270,"date":"2024-05-27T08:18:24","date_gmt":"2024-05-27T08:18:24","guid":{"rendered":"https:\/\/www.automakers.cz\/?p=4270"},"modified":"2024-05-28T09:17:09","modified_gmt":"2024-05-28T09:17:09","slug":"hnyk-vede-marketing-leasingu-aut-arval","status":"publish","type":"post","link":"https:\/\/www.automakers.cz\/?p=4270","title":{"rendered":"Hnyk vede marketing leasingu aut Arval"},"content":{"rendered":"<p><strong>Na pozici \u0161\u00e9fa marketingu Arvalu nastoupil v kv\u011btnu Martin Hnyk. St\u0159\u00edd\u00e1 Marka \u0160ebestu, kter\u00fd se po dvou a p\u016fl roce p\u0159esouv\u00e1 v Arvalu na pozici head of vehicle &amp; logistic.<\/strong><span id=\"more-1153\"><\/span><!--more--><\/p>\n<p>Hnyk od roku 2020 p\u016fsobil jako marketingov\u00fd mana\u017eer \u010desk\u00e9ho zastoupen\u00ed dodavatele automatiza\u010dn\u00edch \u0159e\u0161en\u00ed <strong>Kuka<\/strong>, pak vedl odd\u011blen\u00ed marketingu a PR v <strong>Porsche<\/strong>, n\u00e1sledn\u011b byl marketingov\u00fdm mana\u017eerem v\u00a0\u010desk\u00e9 pobo\u010dce <strong>Rolls-Royce<\/strong>.<\/p>\n<p><strong>Zdroj: mediar.cz<\/strong><\/p>\n","protected":false},"excerpt":{"rendered":"<p>Na pozici \u0161\u00e9fa marketingu Arvalu nastoupil v kv\u011btnu Martin Hnyk. St\u0159\u00edd\u00e1 Marka \u0160ebestu, kter\u00fd se&#8230;<\/p>\n","protected":false},"author":1,"featured_media":4271,"comment_status":"closed","ping_status":"closed","sticky":false,"template":"","format":"standard","meta":{"footnotes":""},"categories":[33,36,5],"tags":[],"class_list":["post-4270","post","type-post","status-publish","format-standard","has-post-thumbnail","hentry","category-leasing","category-marketing","category-personalie"],"_links":{"self":[{"href":"https:\/\/www.automakers.cz\/index.php?rest_route=\/wp\/v2\/posts\/4270","targetHints":{"allow":["GET"]}}],"collection":[{"href":"https:\/\/www.automakers.cz\/index.php?rest_route=\/wp\/v2\/posts"}],"about":[{"href":"https:\/\/www.automakers.cz\/index.php?rest_route=\/wp\/v2\/types\/post"}],"author":[{"embeddable":true,"href":"https:\/\/www.automakers.cz\/index.php?rest_route=\/wp\/v2\/users\/1"}],"replies":[{"embeddable":true,"href":"https:\/\/www.automakers.cz\/index.php?rest_route=%2Fwp%2Fv2%2Fcomments&post=4270"}],"version-history":[{"count":1,"href":"https:\/\/www.automakers.cz\/index.php?rest_route=\/wp\/v2\/posts\/4270\/revisions"}],"predecessor-version":[{"id":4272,"href":"https:\/\/www.automakers.cz\/index.php?rest_route=\/wp\/v2\/posts\/4270\/revisions\/4272"}],"wp:featuredmedia":[{"embeddable":true,"href":"https:\/\/www.automakers.cz\/index.php?rest_route=\/wp\/v2\/media\/4271"}],"wp:attachment":[{"href":"https:\/\/www.automakers.cz\/index.php?rest_route=%2Fwp%2Fv2%2Fmedia&parent=4270"}],"wp:term":[{"taxonomy":"category","embeddable":true,"href":"https:\/\/www.automakers.cz\/index.php?rest_route=%2Fwp%2Fv2%2Fcategories&post=4270"},{"taxonomy":"post_tag","embeddable":true,"href":"https:\/\/www.automakers.cz\/index.php?rest_route=%2Fwp%2Fv2%2Ftags&post=4270"}],"curies":[{"name":"wp","href":"https:\/\/api.w.org\/{rel}","templated":true}]}}