{"id":4284,"date":"2024-05-28T07:20:17","date_gmt":"2024-05-28T07:20:17","guid":{"rendered":"https:\/\/www.automakers.cz\/?p=4284"},"modified":"2024-05-28T09:16:44","modified_gmt":"2024-05-28T09:16:44","slug":"bmw-skolilo-studenty-technickych-skol","status":"publish","type":"post","link":"https:\/\/www.automakers.cz\/?p=4284","title":{"rendered":"BMW \u0161kolilo studenty technick\u00fdch \u0161kol"},"content":{"rendered":"<p><strong>Nejlep\u0161\u00ed \u017e\u00e1ci z posledn\u00edch ro\u010dn\u00edk\u016f st\u0159edn\u00edch \u0161kol maj\u00ed ka\u017edoro\u010dn\u011b p\u0159\u00edle\u017eitost absolvovat praktick\u00e9 \u0161kolen\u00ed p\u0159\u00edmo v profesion\u00e1ln\u00edm \u0161kol\u00edc\u00edm centru BMW Group.<\/strong> <!--more--><\/p>\n<p>Letos m\u011bli \u017e\u00e1ci z Integrovan\u00e9 st\u0159edn\u00ed \u0161koly automobiln\u00ed Brno a St\u0159edn\u00ed pr\u016fmyslov\u00e9 \u0161koly automobiln\u00ed a technick\u00e9 \u010cesk\u00e9 Bud\u011bjovice mo\u017enost b\u011bhem celodenn\u00edho technick\u00e9ho \u0161kolen\u00ed diskutovat na konkr\u00e9tn\u00ed technick\u00e1 t\u00e9mata se z\u00e1stupci z dealerstv\u00ed, nap\u0159\u00edklad s hlavn\u00edm diagnostikem nebo s vedouc\u00edm servisu.<\/p>\n<p>Krom\u011b toho se ji\u017e nyn\u00ed na vybran\u00fdch \u0161kol\u00e1ch vyu\u017e\u00edvaj\u00ed vozidla BMW jako u\u010debn\u00ed pom\u016fcky. D\u00edky t\u00e9to spolupr\u00e1ci \u017e\u00e1ci z\u00edsk\u00e1vaj\u00ed cenn\u00e9 dovednosti a znalosti a z\u00e1rove\u0148 mohou z\u00edskat kontakty k budouc\u00edmu uplatn\u011bn\u00ed v oboru.<\/p>\n<p><img loading=\"lazy\" decoding=\"async\" class=\"alignnone size-medium wp-image-4288\" src=\"http:\/\/www.automakers.cz\/wp-content\/uploads\/2024\/05\/BMW-skoleni-studeti-900x600.jpg\" alt=\"\" width=\"900\" height=\"600\" \/><strong>BMW Group \u010cesk\u00e1 republika dlouhodob\u011b podporuje vzd\u011bl\u00e1v\u00e1n\u00ed a d\u00edky spolupr\u00e1ci s Autorizovan\u00fdm Dealerem Renocar a Autorizovan\u00fdm Dealerem ACR auto.<\/strong><\/p>\n<p><strong>Zdroj: BMW<\/strong><\/p>\n","protected":false},"excerpt":{"rendered":"<p>Nejlep\u0161\u00ed \u017e\u00e1ci z posledn\u00edch ro\u010dn\u00edk\u016f st\u0159edn\u00edch \u0161kol maj\u00ed ka\u017edoro\u010dn\u011b p\u0159\u00edle\u017eitost absolvovat praktick\u00e9 \u0161kolen\u00ed p\u0159\u00edmo v&#8230;<\/p>\n","protected":false},"author":1,"featured_media":4285,"comment_status":"closed","ping_status":"closed","sticky":false,"template":"","format":"standard","meta":{"footnotes":""},"categories":[17,46],"tags":[],"class_list":["post-4284","post","type-post","status-publish","format-standard","has-post-thumbnail","hentry","category-dealeri","category-vzdelani"],"_links":{"self":[{"href":"https:\/\/www.automakers.cz\/index.php?rest_route=\/wp\/v2\/posts\/4284","targetHints":{"allow":["GET"]}}],"collection":[{"href":"https:\/\/www.automakers.cz\/index.php?rest_route=\/wp\/v2\/posts"}],"about":[{"href":"https:\/\/www.automakers.cz\/index.php?rest_route=\/wp\/v2\/types\/post"}],"author":[{"embeddable":true,"href":"https:\/\/www.automakers.cz\/index.php?rest_route=\/wp\/v2\/users\/1"}],"replies":[{"embeddable":true,"href":"https:\/\/www.automakers.cz\/index.php?rest_route=%2Fwp%2Fv2%2Fcomments&post=4284"}],"version-history":[{"count":3,"href":"https:\/\/www.automakers.cz\/index.php?rest_route=\/wp\/v2\/posts\/4284\/revisions"}],"predecessor-version":[{"id":4290,"href":"https:\/\/www.automakers.cz\/index.php?rest_route=\/wp\/v2\/posts\/4284\/revisions\/4290"}],"wp:featuredmedia":[{"embeddable":true,"href":"https:\/\/www.automakers.cz\/index.php?rest_route=\/wp\/v2\/media\/4285"}],"wp:attachment":[{"href":"https:\/\/www.automakers.cz\/index.php?rest_route=%2Fwp%2Fv2%2Fmedia&parent=4284"}],"wp:term":[{"taxonomy":"category","embeddable":true,"href":"https:\/\/www.automakers.cz\/index.php?rest_route=%2Fwp%2Fv2%2Fcategories&post=4284"},{"taxonomy":"post_tag","embeddable":true,"href":"https:\/\/www.automakers.cz\/index.php?rest_route=%2Fwp%2Fv2%2Ftags&post=4284"}],"curies":[{"name":"wp","href":"https:\/\/api.w.org\/{rel}","templated":true}]}}