{"id":4291,"date":"2024-05-28T08:06:12","date_gmt":"2024-05-28T08:06:12","guid":{"rendered":"https:\/\/www.automakers.cz\/?p=4291"},"modified":"2024-05-28T08:10:57","modified_gmt":"2024-05-28T08:10:57","slug":"scania-meni-pr-manazera","status":"publish","type":"post","link":"https:\/\/www.automakers.cz\/?p=4291","title":{"rendered":"\u010cesk\u00e1 Scania m\u011bn\u00ed PR mana\u017eera"},"content":{"rendered":"<p><strong>\u010ceskou Scanii na konci \u010dervna opust\u00ed jej\u00ed dlouholet\u00fd PR mana\u017eer Martin P\u0159ibyl. Nahrad\u00ed ho nem\u00e9n\u011b zku\u0161en\u00fd matador, kter\u00fd byl v minulosti medi\u00e1ln\u00ed tv\u00e1\u0159\u00ed jedn\u00e9 z pr\u00e9miov\u00fdch zna\u010dek.<\/strong><!--more--><\/p>\n<p>&#8222;Od 1. \u010dervence nastupuji na rodi\u010dovskou dovolenou a budu se m\u00edsto komunikace novinek ze sv\u011bta Scanie v\u011bnovat p\u00e9\u010di o P\u0159ibyla juniora. R\u00e1d bych V\u00e1m proto pod\u011bkoval za dosavadn\u00ed spolupr\u00e1ci a hlavn\u011b p\u0159edstavil \u010dlov\u011bka, kter\u00fd po dobu moj\u00ed absence p\u0159evezme moji agendu. Je j\u00edm Jan Kuhn, kter\u00e9ho jist\u011b mnoz\u00ed zn\u00e1te z dob jeho p\u016fsoben\u00ed u Mercedesu,&#8220; napsal na\u0161emu \u010dasopisu Martin P\u0159ibyl, jinak t\u00e9\u017e b\u00fdval\u00fd motoristick\u00fd novin\u00e1\u0159.<\/p>\n<p>Jeho n\u00e1stupce Honza Kuhn v minulosti pro\u0161el \u010cS \u017divnostenskou poji\u0161\u0165ovnou a od roku 1999 pracoval na importu \u010desk\u00e9ho mercedesu.<\/p>\n<p>Vydr\u017eel tam pln\u00fdch 22 let a 4 m\u011bs\u00edce, z firmy ode\u0161el v r\u00e1mci ze\u0161t\u00edhlov\u00e1n\u00ed person\u00e1ln\u00edch n\u00e1klad\u016f v dubnu 2021. Naposledy jsme ho vid\u011bli in natura na oslav\u011b narozenin na\u0161eho kolegy Karla Ber\u00e1nka<strong> (Jan Kuhn na fotografii zcela vpravo).<\/strong><\/p>\n<p><img loading=\"lazy\" decoding=\"async\" class=\"alignnone size-full wp-image-4294\" src=\"http:\/\/www.automakers.cz\/wp-content\/uploads\/2024\/05\/Beranek-oslava-u-moznych-skupina-678x381-1.jpg\" alt=\"\" width=\"678\" height=\"381\" \/><\/p>\n<p><strong>Zdroj: Martin P\u0159ibyl, archiv<\/strong><\/p>\n","protected":false},"excerpt":{"rendered":"<p>\u010ceskou Scanii na konci \u010dervna opust\u00ed jej\u00ed dlouholet\u00fd PR mana\u017eer Martin P\u0159ibyl. Nahrad\u00ed ho nem\u00e9n\u011b&#8230;<\/p>\n","protected":false},"author":1,"featured_media":198,"comment_status":"closed","ping_status":"closed","sticky":false,"template":"","format":"standard","meta":{"footnotes":""},"categories":[5,21],"tags":[],"class_list":["post-4291","post","type-post","status-publish","format-standard","has-post-thumbnail","hentry","category-personalie","category-pr"],"_links":{"self":[{"href":"https:\/\/www.automakers.cz\/index.php?rest_route=\/wp\/v2\/posts\/4291","targetHints":{"allow":["GET"]}}],"collection":[{"href":"https:\/\/www.automakers.cz\/index.php?rest_route=\/wp\/v2\/posts"}],"about":[{"href":"https:\/\/www.automakers.cz\/index.php?rest_route=\/wp\/v2\/types\/post"}],"author":[{"embeddable":true,"href":"https:\/\/www.automakers.cz\/index.php?rest_route=\/wp\/v2\/users\/1"}],"replies":[{"embeddable":true,"href":"https:\/\/www.automakers.cz\/index.php?rest_route=%2Fwp%2Fv2%2Fcomments&post=4291"}],"version-history":[{"count":4,"href":"https:\/\/www.automakers.cz\/index.php?rest_route=\/wp\/v2\/posts\/4291\/revisions"}],"predecessor-version":[{"id":4296,"href":"https:\/\/www.automakers.cz\/index.php?rest_route=\/wp\/v2\/posts\/4291\/revisions\/4296"}],"wp:featuredmedia":[{"embeddable":true,"href":"https:\/\/www.automakers.cz\/index.php?rest_route=\/wp\/v2\/media\/198"}],"wp:attachment":[{"href":"https:\/\/www.automakers.cz\/index.php?rest_route=%2Fwp%2Fv2%2Fmedia&parent=4291"}],"wp:term":[{"taxonomy":"category","embeddable":true,"href":"https:\/\/www.automakers.cz\/index.php?rest_route=%2Fwp%2Fv2%2Fcategories&post=4291"},{"taxonomy":"post_tag","embeddable":true,"href":"https:\/\/www.automakers.cz\/index.php?rest_route=%2Fwp%2Fv2%2Ftags&post=4291"}],"curies":[{"name":"wp","href":"https:\/\/api.w.org\/{rel}","templated":true}]}}