{"id":4297,"date":"2024-05-28T08:08:08","date_gmt":"2024-05-28T08:08:08","guid":{"rendered":"https:\/\/www.automakers.cz\/?p=4297"},"modified":"2024-05-29T19:25:14","modified_gmt":"2024-05-29T19:25:14","slug":"das-weltauto-od-kvetna-v-ceskem-krumlove","status":"publish","type":"post","link":"https:\/\/www.automakers.cz\/?p=4297","title":{"rendered":"Das WeltAuto od kv\u011btna v\u00a0\u010cesk\u00e9m Krumlov\u011b"},"content":{"rendered":"<p><strong>Program prodeje ojet\u00fdch voz\u016f Das WeltAuto obsazuje na map\u011b obchodn\u00edho pokryt\u00ed \u010cesk\u00e9 republiky dal\u0161\u00ed b\u00edl\u00e9 m\u00edsto. Od kv\u011btna 2024 m\u00e1 Das WeltAuto sv\u00e9 ofici\u00e1ln\u00ed zastoupen\u00ed tak\u00e9 v \u010cesk\u00e9m Krumlov\u011b.<\/strong><!--more--><\/p>\n<p>V malebn\u00e9m jiho\u010desk\u00e9m m\u011bst\u011b vybudoval reprezentativn\u00ed showroom CUPRA Garage v\u010detn\u011b zastoupen\u00ed pro zna\u010dku Das WeltAuto nab\u00edzej\u00edc\u00ed kvalitn\u00ed a ov\u011b\u0159en\u00e9 ojet\u00e9 vozy renomovan\u00fd prodejce a servisn\u00ed partner CB Auto. Po\u010det autorizovan\u00fdch partner\u016f s\u00edt\u011b Das WeltAuto se t\u00edm zv\u00fd\u0161il na 54.<\/p>\n<p>\u201eDas WeltAuto je nyn\u00ed sv\u00fdm z\u00e1kazn\u00edk\u016fm na jihu \u010cech je\u0161t\u011b bl\u00ed\u017e,\u201c \u0159\u00edk\u00e1 Martin Kade\u010dka, vedouc\u00ed divize Das WeltAuto spole\u010dnosti Porsche \u010cesk\u00e1 republika, a dod\u00e1v\u00e1: \u201eOd za\u010d\u00e1tku kv\u011btna mohou z\u00e1kazn\u00edci vyu\u017e\u00edvat prodejn\u00ed slu\u017eby nejvy\u0161\u0161\u00ed \u00farovn\u011b, jimi\u017e si na\u0161e s\u00ed\u0165 Das WeltAuto z\u00edskala v\u00a0segmentu ojet\u00fdch voz\u016f vynikaj\u00edc\u00ed renom\u00e9, tak\u00e9 v\u00a0modern\u00edm showroomu na\u0161eho partnera CB Auto v\u00a0\u010cesk\u00e9m Krumlov\u011b.\u201c<\/p>\n<p>CB Auto vybudovala ve sv\u00e9m \u010deskokrumlovsk\u00e9m are\u00e1lu zcela nov\u00fd showroom pro prodej nov\u00fdch vozidel CUPRA a kvalitn\u00edch a prov\u011b\u0159en\u00fdch ojet\u00fdch voz\u016f pod hlavi\u010dkou programu Das WeltAuto, kter\u00fd proslul sv\u00fdmi p\u0159\u00edsn\u00fdmi standardy prodeje a z\u00e1kaznick\u00fdch slu\u017eeb. \u201eVe v\u0161ech pobo\u010dk\u00e1ch chceme na\u0161im z\u00e1kazn\u00edk\u016fm nab\u00edzet stejn\u00fd rozsah a \u00farove\u0148 slu\u017eeb. Prodej nov\u00fdch voz\u016f je p\u0159itom v\u017edy p\u0159\u00edmo propojen s prodejem ojet\u00fdch voz\u016f a d\u00edky nov\u00e9mu \u010deskokrumlovsk\u00e9mu showroomu je program DWA ned\u00edlnou sou\u010d\u00e1st\u00ed ji\u017e na v\u0161ech na\u0161ich pobo\u010dk\u00e1ch,\u201c \u0159\u00edk\u00e1 Petr Kubovec, mana\u017eer prodeje ve spole\u010dnosti CB Auto.<\/p>\n<p><strong>CB Auto ji\u017e od roku 1992<\/strong><\/p>\n<p>CB Auto je autorizovan\u00fd prodejce a servisn\u00ed partner s v\u00edce ne\u017e 30letou tradic\u00ed. Spole\u010dnost CB Auto za\u010d\u00ednala v roce 1992 s prodejem a servisem voz\u016f \u0160koda v Kaplici. Od roku 1997 p\u016fsob\u00ed rovn\u011b\u017e v \u010cesk\u00e9m Krumlov\u011b a v roce 2004 n\u00e1sledovalo otev\u0159en\u00ed pobo\u010dky v \u010cesk\u00fdch Bud\u011bjovic\u00edch. Firma CB Auto p\u016fsob\u00ed v r\u00e1mci ji\u017en\u00edch \u010cech tak\u00e9 v T\u00e1bo\u0159e, kde provozuje showroom a servis zna\u010dek \u0160koda, Volkswagen a Volkswagen U\u017eitkov\u00e9 vozy.<\/p>\n<p>\u010ceskokrumlovsk\u00e1 pobo\u010dka nov\u011b reprezentuje zna\u010dku CUPRA a v\u00a0oblasti prodeje ojet\u00fdch voz\u016f rovn\u011b\u017e partnersk\u00e9 programy Das WeltAuto a \u0160koda Plus a tak\u00e9 zaji\u0161\u0165uje autorizovan\u00fd servis \u0160koda. V jiho\u010desk\u00e9 metropoli zaji\u0161\u0165uje spole\u010dnost CB Auto prodej nov\u00fdch voz\u016f a servisn\u00ed slu\u017eby pro zna\u010dky \u0160koda, Volkswagen, Volkswagen U\u017eitkov\u00e9 vozy, SEAT (od roku 2023 nav\u00edc tak\u00e9 autorizovan\u00fd servis CUPRA) a dal\u0161\u00edch zna\u010dek ve spojen\u00ed s prodejem ojet\u00fdch voz\u016f v programech \u0160koda Plus a Das WeltAuto.<\/p>\n<p>Sou\u010d\u00e1st\u00ed nab\u00eddky spole\u010dnosti CB Auto jsou krom\u011b prodeje a servisu automobil\u016f tak\u00e9 dal\u0161\u00ed slu\u017eby od prodeje origin\u00e1ln\u00edch autod\u00edl\u016f, p\u0159\u00edslu\u0161enstv\u00ed a m\u00f3dy (<a href=\"http:\/\/www.CBdily.cz\"><u>www.CBdily.cz<\/u><\/a>) p\u0159es autop\u016fj\u010dovnu a\u017e po CB Automat (nonstop bezkontaktn\u00ed p\u0159\u00edjem a v\u00fddej voz\u016f ze servisu).<\/p>\n<p><strong>Zdroj: DWA, Libor Hlisnikovsk\u00fd<\/strong><\/p>\n","protected":false},"excerpt":{"rendered":"<p>Program prodeje ojet\u00fdch voz\u016f Das WeltAuto obsazuje na map\u011b obchodn\u00edho pokryt\u00ed \u010cesk\u00e9 republiky dal\u0161\u00ed b\u00edl\u00e9&#8230;<\/p>\n","protected":false},"author":1,"featured_media":4300,"comment_status":"closed","ping_status":"closed","sticky":false,"template":"","format":"standard","meta":{"footnotes":""},"categories":[55,3],"tags":[],"class_list":["post-4297","post","type-post","status-publish","format-standard","has-post-thumbnail","hentry","category-bazary","category-investice"],"_links":{"self":[{"href":"https:\/\/www.automakers.cz\/index.php?rest_route=\/wp\/v2\/posts\/4297","targetHints":{"allow":["GET"]}}],"collection":[{"href":"https:\/\/www.automakers.cz\/index.php?rest_route=\/wp\/v2\/posts"}],"about":[{"href":"https:\/\/www.automakers.cz\/index.php?rest_route=\/wp\/v2\/types\/post"}],"author":[{"embeddable":true,"href":"https:\/\/www.automakers.cz\/index.php?rest_route=\/wp\/v2\/users\/1"}],"replies":[{"embeddable":true,"href":"https:\/\/www.automakers.cz\/index.php?rest_route=%2Fwp%2Fv2%2Fcomments&post=4297"}],"version-history":[{"count":3,"href":"https:\/\/www.automakers.cz\/index.php?rest_route=\/wp\/v2\/posts\/4297\/revisions"}],"predecessor-version":[{"id":4301,"href":"https:\/\/www.automakers.cz\/index.php?rest_route=\/wp\/v2\/posts\/4297\/revisions\/4301"}],"wp:featuredmedia":[{"embeddable":true,"href":"https:\/\/www.automakers.cz\/index.php?rest_route=\/wp\/v2\/media\/4300"}],"wp:attachment":[{"href":"https:\/\/www.automakers.cz\/index.php?rest_route=%2Fwp%2Fv2%2Fmedia&parent=4297"}],"wp:term":[{"taxonomy":"category","embeddable":true,"href":"https:\/\/www.automakers.cz\/index.php?rest_route=%2Fwp%2Fv2%2Fcategories&post=4297"},{"taxonomy":"post_tag","embeddable":true,"href":"https:\/\/www.automakers.cz\/index.php?rest_route=%2Fwp%2Fv2%2Ftags&post=4297"}],"curies":[{"name":"wp","href":"https:\/\/api.w.org\/{rel}","templated":true}]}}