{"id":4307,"date":"2024-06-03T05:38:58","date_gmt":"2024-06-03T05:38:58","guid":{"rendered":"https:\/\/www.automakers.cz\/?p=4307"},"modified":"2024-06-03T05:38:58","modified_gmt":"2024-06-03T05:38:58","slug":"alfa-romeo-presune-spz-pod-masku","status":"publish","type":"post","link":"https:\/\/www.automakers.cz\/?p=4307","title":{"rendered":"Alfa Romeo p\u0159esune SPZ pod masku"},"content":{"rendered":"<p class=\"c_aY g_gp speakable\" data-dot=\"ogm-article-perex\"><strong>Kv\u016fli na\u0159\u00edzen\u00edm EU spojen\u00fdm s ochranou chodc\u016f p\u0159ijdou nov\u00e9 vozy Alfa Romeo o registra\u010dn\u00ed zna\u010dku um\u00edst\u011bnou po stran\u011b vedle ikonick\u00e9 troj\u00faheln\u00edkov\u00e9 masky. Nov\u011b bude instalovan\u00e1 uprost\u0159ed p\u0159\u00edd\u011b, podobn\u011b jako u jin\u00fdch aut.<\/strong><!--more--><\/p>\n<div class=\"g_gq\">\n<div class=\"ogm-main-media__container\" data-dot=\"ogm-main-media\" data-e2e=\"ogm-main-media\">\n<figure class=\"e_bt\" aria-label=\"Galerie Modernizovan\u00e1 Alfa Romeo Stelvio s\u00a0charakteristicky um\u00edst\u011bnou registra\u010dn\u00ed zna\u010dkou\" data-dot=\"mol-figure\" data-dot-data=\"{&quot;mediaItemType&quot;:&quot;foto&quot;}\">\n<div class=\"c_aK e_bu\">\n<div class=\"c_aL\" tabindex=\"0\"><img loading=\"lazy\" decoding=\"async\" class=\"c_s c_q\" src=\"https:\/\/d15-a.sdn.cz\/d_15\/c_img_QR_BA\/la1ML\/seznam-advertorial-fiat-alfa-romeo.jpeg?fl=cro,0,213,4096,2304%7Cres,1200,,1%7Cwebp,75\" sizes=\"auto, (min-width: 851px) 700px, 100vw\" srcset=\"\/\/d15-a.sdn.cz\/d_15\/c_img_QR_BA\/la1ML\/seznam-advertorial-fiat-alfa-romeo.jpeg?fl=cro,0,213,4096,2304%7Cres,320,,1%7Cwebp,75 320w, \/\/d15-a.sdn.cz\/d_15\/c_img_QR_BA\/la1ML\/seznam-advertorial-fiat-alfa-romeo.jpeg?fl=cro,0,213,4096,2304%7Cres,480,,1%7Cwebp,75 480w, \/\/d15-a.sdn.cz\/d_15\/c_img_QR_BA\/la1ML\/seznam-advertorial-fiat-alfa-romeo.jpeg?fl=cro,0,213,4096,2304%7Cres,600,,1%7Cwebp,75 600w, \/\/d15-a.sdn.cz\/d_15\/c_img_QR_BA\/la1ML\/seznam-advertorial-fiat-alfa-romeo.jpeg?fl=cro,0,213,4096,2304%7Cres,722,,1%7Cwebp,75 722w, \/\/d15-a.sdn.cz\/d_15\/c_img_QR_BA\/la1ML\/seznam-advertorial-fiat-alfa-romeo.jpeg?fl=cro,0,213,4096,2304%7Cres,1024,,1%7Cwebp,75 1024w, \/\/d15-a.sdn.cz\/d_15\/c_img_QR_BA\/la1ML\/seznam-advertorial-fiat-alfa-romeo.jpeg?fl=cro,0,213,4096,2304%7Cres,1280,,1%7Cwebp,75 1280w, \/\/d15-a.sdn.cz\/d_15\/c_img_QR_BA\/la1ML\/seznam-advertorial-fiat-alfa-romeo.jpeg?fl=cro,0,213,4096,2304%7Cres,2560,,1%7Cwebp,75 2560w\" width=\"4096\" height=\"2304\" \/><\/div>\n<p><span class=\"c_aO\" data-dot=\"atm-media-item-image-caption\"><span class=\"c_aM\"><span class=\"c_aN\">Foto: alfaromeo.cz<\/span><\/span><\/span><\/p>\n<\/div><figcaption class=\"e_d8\"><\/figcaption><\/figure>\n<\/div>\n<\/div>\n<div class=\"ogm-container _6231b388c0086990921bf42b\">\n<div class=\"g_gw\" data-e2e=\"ogm-article-layout\">\n<article class=\"g_gy\" role=\"article\" aria-labelledby=\"accessibility-article\">\n<div class=\"g_gx\" data-dot=\"ogm-article-content\">\n<div class=\"e_dZ e_d9\">\n<div class=\"e_aY speakable\" data-dot=\"mol-paragraph\">\n<p class=\"c_aY\"><span class=\"c_em\">Vozy zna\u010dky Alfa Romeo se v\u017edy vyzna\u010dovaly emotivn\u00edm designem, jeho\u017e neodmyslitelnou sou\u010d\u00e1st\u00ed je i maska scudetto. Specifikem v\u011bt\u0161iny voz\u016f italsk\u00e9 automobilky je v\u0161ak i nev\u0161edn\u00ed um\u00edst\u011bn\u00ed registra\u010dn\u00ed zna\u010dky po lev\u00e9 stran\u011b p\u0159\u00edd\u011b, kter\u00e1 tak masku nehyzdila ani nezakr\u00fdvala. To se ov\u0161em zm\u011bn\u00ed.<\/span><\/p>\n<\/div>\n<div class=\"e_aY speakable\" data-dot=\"mol-paragraph\">\n<p class=\"c_aY\"><span class=\"c_em\">Jak v\u00a0rozhovoru pro\u00a0<a class=\"c_am\" href=\"https:\/\/www.autocar.co.uk\/car-news\/new-cars\/alfa-romeo-switch-centrally-mounted-numberplates\" target=\"_blank\" rel=\"noopener\">Autocar<\/a>\u00a0uvedl Alejandro Mesonero-Romanos, designov\u00fd \u0161\u00e9f zna\u010dky Alfa Romeo, nov\u00e9 modely u\u017e budou m\u00edt registra\u010dn\u00ed zna\u010dku um\u00edst\u011bnou klasicky vp\u0159edu uprost\u0159ed. D\u016fvodem je bezpe\u010dnostn\u00ed na\u0159\u00edzen\u00ed General Safety Regulations (GSR) z\u00a0EU, kdy zna\u010dka um\u00edst\u011bn\u00e1 uprost\u0159ed masky \u00fadajn\u011b p\u0159edstavuje men\u0161\u00ed riziko p\u0159i sr\u00e1\u017ece s\u00a0chodcem.<\/span><\/p>\n<\/div>\n<div class=\"e_aY speakable\" data-dot=\"mol-paragraph\">\n<p class=\"c_aY\"><span class=\"c_em\">Prvn\u00edm modern\u00edm vozem, kter\u00fd automobilka p\u0159edstavila s registra\u010dn\u00ed zna\u010dkou instalovanou uprost\u0159ed, byl nov\u00fd crossover\u00a0<a class=\"c_am\" href=\"https:\/\/www.novinky.cz\/auto\/clanek\/auto-alfa-romeo-ukazala-svuj-prvni-elektromobil-milano-ale-muze-mit-i-spalovaci-motor-40467416\" target=\"_blank\" rel=\"noopener\">Alfa Romeo Milano<\/a>, pozd\u011bji p\u0159ejmenovan\u00fd na Alfa Romeo Junior (kv\u016fli v\u00fdrob\u011b mimo It\u00e1lii). Zna\u010dka je p\u0159itom instalovan\u00e1 velmi n\u00edzko na n\u00e1razn\u00edku, tak\u017ee st\u00e1le nijak nezakr\u00fdv\u00e1 tvary masky.<\/span><\/p>\n<\/div>\n<div class=\"e_aY speakable\" data-dot=\"mol-paragraph\">\n<p class=\"c_aY\"><span class=\"c_em\">Po mal\u00e9m crossoveru by zna\u010dku instalovanou uprost\u0159ed p\u0159\u00edd\u011b m\u011bly dostat i nov\u00e9 generace model\u016f Alfa Romeo Giulia a Stelvio. Oba vozy u\u017e by ale m\u011bly vsadit na \u010dist\u011b elektrick\u00fd pohon, d\u00edky kter\u00e9mu by maska ve tvaru p\u00edsmene V mohla b\u00fdt uzav\u0159ena a mohla dostat i odli\u0161n\u00fd design.<\/span><\/p>\n<p><strong>Zdroj: novinky.cz<\/strong><\/p>\n<\/div>\n<\/div>\n<\/div>\n<\/article>\n<\/div>\n<\/div>\n","protected":false},"excerpt":{"rendered":"<p>Kv\u016fli na\u0159\u00edzen\u00edm EU spojen\u00fdm s ochranou chodc\u016f p\u0159ijdou nov\u00e9 vozy Alfa Romeo o registra\u010dn\u00ed zna\u010dku&#8230;<\/p>\n","protected":false},"author":1,"featured_media":4332,"comment_status":"closed","ping_status":"closed","sticky":false,"template":"","format":"standard","meta":{"footnotes":""},"categories":[13,25],"tags":[],"class_list":["post-4307","post","type-post","status-publish","format-standard","has-post-thumbnail","hentry","category-design","category-legislativa"],"_links":{"self":[{"href":"https:\/\/www.automakers.cz\/index.php?rest_route=\/wp\/v2\/posts\/4307","targetHints":{"allow":["GET"]}}],"collection":[{"href":"https:\/\/www.automakers.cz\/index.php?rest_route=\/wp\/v2\/posts"}],"about":[{"href":"https:\/\/www.automakers.cz\/index.php?rest_route=\/wp\/v2\/types\/post"}],"author":[{"embeddable":true,"href":"https:\/\/www.automakers.cz\/index.php?rest_route=\/wp\/v2\/users\/1"}],"replies":[{"embeddable":true,"href":"https:\/\/www.automakers.cz\/index.php?rest_route=%2Fwp%2Fv2%2Fcomments&post=4307"}],"version-history":[{"count":3,"href":"https:\/\/www.automakers.cz\/index.php?rest_route=\/wp\/v2\/posts\/4307\/revisions"}],"predecessor-version":[{"id":4400,"href":"https:\/\/www.automakers.cz\/index.php?rest_route=\/wp\/v2\/posts\/4307\/revisions\/4400"}],"wp:featuredmedia":[{"embeddable":true,"href":"https:\/\/www.automakers.cz\/index.php?rest_route=\/wp\/v2\/media\/4332"}],"wp:attachment":[{"href":"https:\/\/www.automakers.cz\/index.php?rest_route=%2Fwp%2Fv2%2Fmedia&parent=4307"}],"wp:term":[{"taxonomy":"category","embeddable":true,"href":"https:\/\/www.automakers.cz\/index.php?rest_route=%2Fwp%2Fv2%2Fcategories&post=4307"},{"taxonomy":"post_tag","embeddable":true,"href":"https:\/\/www.automakers.cz\/index.php?rest_route=%2Fwp%2Fv2%2Ftags&post=4307"}],"curies":[{"name":"wp","href":"https:\/\/api.w.org\/{rel}","templated":true}]}}