{"id":4315,"date":"2024-05-29T19:20:50","date_gmt":"2024-05-29T19:20:50","guid":{"rendered":"https:\/\/www.automakers.cz\/?p=4315"},"modified":"2024-05-29T20:45:05","modified_gmt":"2024-05-29T20:45:05","slug":"sda-zvazuje-rozsireni-poroty-auta-roku-2025","status":"publish","type":"post","link":"https:\/\/www.automakers.cz\/?p=4315","title":{"rendered":"SDA zva\u017euje roz\u0161\u00ed\u0159en\u00ed poroty Auta roku 2025"},"content":{"rendered":"<p><strong>Svaz dovozc\u016f automobil\u016f fini\u0161uje s nominac\u00ed novin\u00e1\u0159sk\u00e9 poroty ankety Auto roku 2025 v \u010cR. P\u016fvodn\u011b navrhovan\u00fd po\u010det 20 \u010dlen\u016f z\u0159ejm\u011b bude nav\u00fd\u0161en. <\/strong><!--more--><\/p>\n<p>N\u00e1vrh jmenn\u00e9ho seznamu porotc\u016f nyn\u00ed putuje mezi sekretari\u00e1tem svazu a PR mana\u017eery \u010dlensk\u00fdch firem. Podle dostupn\u00fdch informac\u00ed by se nem\u011bl z\u00e1sadn\u011b li\u0161it od lo\u0148sk\u00e9ho ro\u010dn\u00edku.<\/p>\n<p>&#8222;N\u011bkte\u0159\u00ed \u010dlenov\u00e9 svazu ale letos po\u017eaduj\u00ed v\u00edce porotc\u016f z m\u00e9di\u00ed specializovan\u00fdch na elektromobilitu. Jin\u00ed zase poukazuj\u00ed na skute\u010dnost, \u017ee v\u0161ichni porotci by m\u011bli b\u00fdt schopni posoudit nejen elektromobil, ale i kvality voz\u016f se spalovac\u00edm motorem, kter\u00e9 st\u00e1le je\u0161t\u011b v anket\u011b sout\u011b\u017e\u00ed,&#8220; up\u0159esnil n\u00e1m situaci PR mana\u017eer SDA Petr Hor\u00e1k.<\/p>\n<p>Situace se z\u0159ejm\u011b vy\u0159e\u0161\u00ed nav\u00fd\u0161en\u00edm \u010dlen\u016f poroty na 22 jmen. Syst\u00e9m volby bude op\u011bt kop\u00edrovat model volby evropsk\u00e9ho Auta roku, kter\u00e9 rovn\u011b\u017e vol\u00ed v\u00fdhradn\u011b odborn\u00e1 porota ve dvoukolov\u00e9m re\u017eimu.<\/p>\n<p>O titul Auto roku 2024 v \u010cesk\u00e9 republice se loni uch\u00e1zelo celkem 21 voz\u016f, kandid\u00e1tsk\u00e1 listina pro leto\u0161ek bude zn\u00e1ma na podzim.<\/p>\n<p><strong>Zdroj: Petr Hor\u00e1k, archiv<br \/>\n<\/strong><\/p>\n<p><img loading=\"lazy\" decoding=\"async\" class=\"alignnone size-medium wp-image-1201\" src=\"http:\/\/www.automakers.cz\/wp-content\/uploads\/2024\/01\/Auto-roku-Certousy-2024-900x675.jpg\" alt=\"\" width=\"900\" height=\"675\" \/><\/p>\n","protected":false},"excerpt":{"rendered":"<p>Svaz dovozc\u016f automobil\u016f fini\u0161uje s nominac\u00ed novin\u00e1\u0159sk\u00e9 poroty ankety Auto roku 2025 v \u010cR. P\u016fvodn\u011b&#8230;<\/p>\n","protected":false},"author":1,"featured_media":561,"comment_status":"closed","ping_status":"closed","sticky":false,"template":"","format":"standard","meta":{"footnotes":""},"categories":[32,27],"tags":[],"class_list":["post-4315","post","type-post","status-publish","format-standard","has-post-thumbnail","hentry","category-ankety","category-novinari"],"_links":{"self":[{"href":"https:\/\/www.automakers.cz\/index.php?rest_route=\/wp\/v2\/posts\/4315","targetHints":{"allow":["GET"]}}],"collection":[{"href":"https:\/\/www.automakers.cz\/index.php?rest_route=\/wp\/v2\/posts"}],"about":[{"href":"https:\/\/www.automakers.cz\/index.php?rest_route=\/wp\/v2\/types\/post"}],"author":[{"embeddable":true,"href":"https:\/\/www.automakers.cz\/index.php?rest_route=\/wp\/v2\/users\/1"}],"replies":[{"embeddable":true,"href":"https:\/\/www.automakers.cz\/index.php?rest_route=%2Fwp%2Fv2%2Fcomments&post=4315"}],"version-history":[{"count":3,"href":"https:\/\/www.automakers.cz\/index.php?rest_route=\/wp\/v2\/posts\/4315\/revisions"}],"predecessor-version":[{"id":4337,"href":"https:\/\/www.automakers.cz\/index.php?rest_route=\/wp\/v2\/posts\/4315\/revisions\/4337"}],"wp:featuredmedia":[{"embeddable":true,"href":"https:\/\/www.automakers.cz\/index.php?rest_route=\/wp\/v2\/media\/561"}],"wp:attachment":[{"href":"https:\/\/www.automakers.cz\/index.php?rest_route=%2Fwp%2Fv2%2Fmedia&parent=4315"}],"wp:term":[{"taxonomy":"category","embeddable":true,"href":"https:\/\/www.automakers.cz\/index.php?rest_route=%2Fwp%2Fv2%2Fcategories&post=4315"},{"taxonomy":"post_tag","embeddable":true,"href":"https:\/\/www.automakers.cz\/index.php?rest_route=%2Fwp%2Fv2%2Ftags&post=4315"}],"curies":[{"name":"wp","href":"https:\/\/api.w.org\/{rel}","templated":true}]}}