{"id":4318,"date":"2024-05-29T20:01:10","date_gmt":"2024-05-29T20:01:10","guid":{"rendered":"https:\/\/www.automakers.cz\/?p=4318"},"modified":"2024-05-30T06:12:52","modified_gmt":"2024-05-30T06:12:52","slug":"alfa-romeo-chce-letos-prodat-v-cr-300-aut","status":"publish","type":"post","link":"https:\/\/www.automakers.cz\/?p=4318","title":{"rendered":"Alfa Romeo letos prod\u00e1 v \u010cR 300 aut"},"content":{"rendered":"<p><strong>Brand director zna\u010dky Alfa Romeo Tom\u00e1\u0161 Zahel sezval 29. kv\u011btna novin\u00e1\u0159e na brunch do Vysok\u00e9ho \u00dajezda. V Local ristorante se hovo\u0159ilo o prodejn\u00edch pl\u00e1nech zna\u010dky, nov\u00fdch modelech a glob\u00e1ln\u00ed edici Tributo Italiano. Prezentaci doplnily testovac\u00ed j\u00edzdy s Giuli\u00ed, Tonalem i modelem Stelvio.<\/strong><!--more--><\/p>\n<p>Alfa Romeo, kter\u00e1 p\u0159ed \u010dasem p\u0159e\u0161la spolu s Fiatem pod import\u00e9rsk\u00e1 k\u0159\u00eddla Emila Freye, loni prodala v \u010cesku t\u00e9m\u011b\u0159 200 kus\u016f. Letos import c\u00edl\u00ed na 300 aut, o 50 procent v\u00edce ne\u017e loni.<\/p>\n<p><img loading=\"lazy\" decoding=\"async\" class=\"alignnone size-medium wp-image-4325\" src=\"http:\/\/www.automakers.cz\/wp-content\/uploads\/2024\/05\/Alfa-Zahel-Marounkova-900x506.jpg\" alt=\"\" width=\"900\" height=\"506\" srcset=\"https:\/\/www.automakers.cz\/wp-content\/uploads\/2024\/05\/Alfa-Zahel-Marounkova-900x506.jpg 900w, https:\/\/www.automakers.cz\/wp-content\/uploads\/2024\/05\/Alfa-Zahel-Marounkova-768x432.jpg 768w, https:\/\/www.automakers.cz\/wp-content\/uploads\/2024\/05\/Alfa-Zahel-Marounkova.jpg 1024w\" sizes=\"auto, (max-width: 900px) 100vw, 900px\" \/>&#8222;Nyn\u00ed v kv\u011btnu u\u017e m\u016f\u017eeme ohl\u00e1sit 98 registrovan\u00fdch vozidel a 106 objedn\u00e1vek v kapse, t\u0159\u00edstovkov\u00fd pl\u00e1n pro cel\u00fd rok tedy nen\u00ed nere\u00e1ln\u00fd. Odpov\u00edd\u00e1 mu i tov\u00e1rn\u00ed kv\u00f3ta pro \u010ceskou republiku,&#8220; uvedl \u0161\u00e9f zna\u010dky.<\/p>\n<p><img loading=\"lazy\" decoding=\"async\" class=\"alignnone size-medium wp-image-4326\" src=\"http:\/\/www.automakers.cz\/wp-content\/uploads\/2024\/05\/Alfa-Romeo-Tonale-Ujezd-900x506.jpg\" alt=\"\" width=\"900\" height=\"506\" srcset=\"https:\/\/www.automakers.cz\/wp-content\/uploads\/2024\/05\/Alfa-Romeo-Tonale-Ujezd-900x506.jpg 900w, https:\/\/www.automakers.cz\/wp-content\/uploads\/2024\/05\/Alfa-Romeo-Tonale-Ujezd-768x432.jpg 768w, https:\/\/www.automakers.cz\/wp-content\/uploads\/2024\/05\/Alfa-Romeo-Tonale-Ujezd.jpg 1024w\" sizes=\"auto, (max-width: 900px) 100vw, 900px\" \/>Nejl\u00e9pe mu prodejn\u011b jde Stelvio, tak\u00e9 Giulia jde dob\u0159e. &#8222;C\u00edt\u00edme je\u0161t\u011b prostor pro Tonale a nov\u00fd model Junior, kter\u00fd se poprv\u00e9 objev\u00ed v tuzemsku na podzim,&#8220; m\u00edn\u00ed import\u00e9r.<\/p>\n<p><img loading=\"lazy\" decoding=\"async\" class=\"alignnone size-medium wp-image-4327\" src=\"http:\/\/www.automakers.cz\/wp-content\/uploads\/2024\/05\/Alfa-Hermansky-Ujezd-900x675.jpg\" alt=\"\" width=\"900\" height=\"675\" srcset=\"https:\/\/www.automakers.cz\/wp-content\/uploads\/2024\/05\/Alfa-Hermansky-Ujezd-900x675.jpg 900w, https:\/\/www.automakers.cz\/wp-content\/uploads\/2024\/05\/Alfa-Hermansky-Ujezd-768x576.jpg 768w, https:\/\/www.automakers.cz\/wp-content\/uploads\/2024\/05\/Alfa-Hermansky-Ujezd.jpg 1024w\" sizes=\"auto, (max-width: 900px) 100vw, 900px\" \/>P\u0159\u00ed\u0161t\u00ed rok o\u010dek\u00e1v\u00e1 \u0161\u00e9f Fiatu Jarom\u00edr He\u0159mansk\u00fd p\u0159\u00edchod nov\u00e9 verze Stelvia, v roce 2026 novou Giulii. &#8222;V roce 2027 pak budeme podle pl\u00e1n\u016f m\u00edt v\u0161echny modely Alfa Romeo elektrifikovan\u00e9,&#8220; slibuje import.<\/p>\n<p><strong>Erich Handl, Vysok\u00fd \u00dajezd; FOTO: Lud\u011bk Kortus<\/strong><\/p>\n<p><img loading=\"lazy\" decoding=\"async\" class=\"alignnone size-medium wp-image-4340\" src=\"http:\/\/www.automakers.cz\/wp-content\/uploads\/2024\/05\/Alfa-kolaz-Vysoky-Ujezd-900x900.jpg\" alt=\"\" width=\"900\" height=\"900\" srcset=\"https:\/\/www.automakers.cz\/wp-content\/uploads\/2024\/05\/Alfa-kolaz-Vysoky-Ujezd-900x900.jpg 900w, https:\/\/www.automakers.cz\/wp-content\/uploads\/2024\/05\/Alfa-kolaz-Vysoky-Ujezd-1024x1024.jpg 1024w, https:\/\/www.automakers.cz\/wp-content\/uploads\/2024\/05\/Alfa-kolaz-Vysoky-Ujezd-768x768.jpg 768w, https:\/\/www.automakers.cz\/wp-content\/uploads\/2024\/05\/Alfa-kolaz-Vysoky-Ujezd.jpg 1080w\" sizes=\"auto, (max-width: 900px) 100vw, 900px\" \/><\/p>\n","protected":false},"excerpt":{"rendered":"<p>Brand director zna\u010dky Alfa Romeo Tom\u00e1\u0161 Zahel sezval 29. kv\u011btna novin\u00e1\u0159e na brunch do Vysok\u00e9ho&#8230;<\/p>\n","protected":false},"author":1,"featured_media":4324,"comment_status":"closed","ping_status":"closed","sticky":false,"template":"","format":"standard","meta":{"footnotes":""},"categories":[11,20],"tags":[],"class_list":["post-4318","post","type-post","status-publish","format-standard","has-post-thumbnail","hentry","category-importeri","category-tiskovky"],"_links":{"self":[{"href":"https:\/\/www.automakers.cz\/index.php?rest_route=\/wp\/v2\/posts\/4318","targetHints":{"allow":["GET"]}}],"collection":[{"href":"https:\/\/www.automakers.cz\/index.php?rest_route=\/wp\/v2\/posts"}],"about":[{"href":"https:\/\/www.automakers.cz\/index.php?rest_route=\/wp\/v2\/types\/post"}],"author":[{"embeddable":true,"href":"https:\/\/www.automakers.cz\/index.php?rest_route=\/wp\/v2\/users\/1"}],"replies":[{"embeddable":true,"href":"https:\/\/www.automakers.cz\/index.php?rest_route=%2Fwp%2Fv2%2Fcomments&post=4318"}],"version-history":[{"count":12,"href":"https:\/\/www.automakers.cz\/index.php?rest_route=\/wp\/v2\/posts\/4318\/revisions"}],"predecessor-version":[{"id":4341,"href":"https:\/\/www.automakers.cz\/index.php?rest_route=\/wp\/v2\/posts\/4318\/revisions\/4341"}],"wp:featuredmedia":[{"embeddable":true,"href":"https:\/\/www.automakers.cz\/index.php?rest_route=\/wp\/v2\/media\/4324"}],"wp:attachment":[{"href":"https:\/\/www.automakers.cz\/index.php?rest_route=%2Fwp%2Fv2%2Fmedia&parent=4318"}],"wp:term":[{"taxonomy":"category","embeddable":true,"href":"https:\/\/www.automakers.cz\/index.php?rest_route=%2Fwp%2Fv2%2Fcategories&post=4318"},{"taxonomy":"post_tag","embeddable":true,"href":"https:\/\/www.automakers.cz\/index.php?rest_route=%2Fwp%2Fv2%2Ftags&post=4318"}],"curies":[{"name":"wp","href":"https:\/\/api.w.org\/{rel}","templated":true}]}}