{"id":436,"date":"2023-11-22T09:14:20","date_gmt":"2023-11-22T09:14:20","guid":{"rendered":"https:\/\/www.automakers.cz\/?p=436"},"modified":"2023-11-22T09:41:19","modified_gmt":"2023-11-22T09:41:19","slug":"servind-vydava-supersportovni-kalendar","status":"publish","type":"post","link":"https:\/\/www.automakers.cz\/?p=436","title":{"rendered":"Servind vyd\u00e1v\u00e1 supersportovn\u00ed kalend\u00e1\u0159"},"content":{"rendered":"<p><strong>Na obchodn\u00ed partnery a p\u0159\u00e1tele spole\u010dnosti Servind m\u00ed\u0159\u00ed origin\u00e1ln\u00ed kalend\u00e1\u0159 Servind pro rok 2024. Kultovn\u00ed devades\u00e1tkov\u00e1 auta vyst\u0159\u00eddaj\u00ed v kalend\u00e1\u0159i Supercars: Lights &amp; Colors posledn\u00ed supersporty<\/strong><!--more--><\/p>\n<p>V are\u00e1lech Servindu, p\u0159esn\u011bji v z\u00e1zem\u00ed logistiky a tr\u00e9ninkov\u00fdch center pro lakov\u00e1n\u00ed a karosa\u0159inu, zap\u00f3zovali jedny z nejv\u00fdkonn\u011bj\u0161\u00edch voz\u016f sv\u011bta. To v\u0161e dopln\u011bno tajemnou no\u010dn\u00ed atmosf\u00e9rou, barevn\u00fdm nasv\u00edcen\u00edm a kou\u0159ovou clonou.<\/p>\n<p>\u201eZa kalend\u00e1\u0159em stoj\u00ed stejn\u011b jako v minul\u00e9m roce fotograf Martin Zeman. V Servindu m\u00e1me r\u00e1di auta a nejv\u00edce ty rychl\u00e9 a v\u00fdkonn\u00e9. B\u011bhem l\u00e9ta p\u0159i diskuz\u00edch s fotografem jsme do\u0161li k my\u0161lence, \u017ee v nov\u00e9m kalend\u00e1\u0159i nesm\u00ed chyb\u011bt opravdu v\u00fdjime\u010dn\u00e1 auta, se kter\u00fdmi se jen tak \u010dasto na ulic\u00edch nepotk\u00e1te. Tohle zad\u00e1n\u00ed stoprocentn\u011b spl\u0148uje na tituln\u00ed stran\u011b zhmotn\u011bn\u00e1 Praga Bohema. Pokud zalistujete kalend\u00e1\u0159em d\u00e1le, naraz\u00edte na Mercedes AMG GT R, Maserati Gran Turismo Trofeo, McLaren 600LT, Lexus RC500 SPORT+, BMW 850i xDrive Cabrio a Lamborghini Hurac\u00e1n EVO.\u201c, \u0159\u00edk\u00e1 Tom\u00e1\u0161 Cafourek, vedouc\u00ed marketingu a produktov\u00e9ho managementu.<\/p>\n<p><strong>N\u00e1ro\u010dn\u00e9 focen\u00ed supersport\u016f<\/strong><\/p>\n<p>\u201eStejn\u011b jako poutav\u00e9 vozy, byl zaj\u00edmav\u00fd i proces cel\u00e9ho fotografov\u00e1n\u00ed a jeho zaji\u0161t\u011bn\u00ed. Ji\u017e n\u011bkolik t\u00fddn\u016f p\u0159ed samotn\u00fdm focen\u00edm jsme koordinovali zap\u016fj\u010den\u00ed voz\u016f, aby se u n\u00e1s se\u0161ly v\u0161echny pr\u00e1v\u011b v den D. T\u00edm byl p\u00e1tek 2. z\u00e1\u0159\u00ed, kdy jsme r\u00e1no nakoupili opravdu moc red bull\u016f a coly. N\u00e1sledn\u011b \u0159e\u0161ili transport, p\u0159eb\u00edr\u00e1n\u00ed a fin\u00e1ln\u00ed myt\u00ed \u010di dole\u0161t\u011bn\u00ed v\u0161ech zdatn\u00fdch sportovc\u016f. A v podve\u010der to pak cel\u00e9 vypuklo. V jeden den se u n\u00e1s, pod kapotami sedmi voz\u016f, se\u0161lo 4 096 poctiv\u00fdch kon\u00ed a dokonce 4 575 Nm. Nejpomalej\u0161\u00ed auto disponovalo maxim\u00e1lkou 250 km\/hod a to je\u0161t\u011b omezenou omezova\u010dem. A nejrychlej\u0161\u00ed? To to um\u00ed p\u00e1dit rychlost\u00ed 328 km\/hod, mo\u017en\u00e1 i v\u00edc. \u0160anci vyzkou\u0161et to jsme ale toho ve\u010dera nedostali. Dan\u00fd den jsme t\u00e9m\u011b\u0159 opovrhovali zrychlen\u00edm \u201enejslab\u0161\u00edho\u201c kousku 4,7 s z 0 na 100 km\/hod. Naopak jsme necht\u011bli uv\u011b\u0159it, a tou\u017eili si vyzkou\u0161et, pouh\u00fdm 2,9 s z nuly na sto toho nejsvi\u017en\u011bj\u0161\u00edho supersportu. De\u0161tiv\u00e9 po\u010das\u00ed fotografov\u00e1n\u00ed moc nep\u0159\u00e1lo, na\u0161t\u011bst\u00ed jsme v exteri\u00e9rech fotili jen dv\u011b auta. Na ostatn\u00ed ji\u017e bylo pod st\u0159echou v\u00edce klidu a \u010dasu. Pod rou\u0161kou tmy, kterou pronikal svit barevn\u00fdch sv\u011btlomet\u016f doprov\u00e1zen\u00fd d\u00fdmem z d\u00fdmovnic, tak do sobotn\u00ed \u010dtvrt\u00e9 hodiny r\u00e1no vznikly par\u00e1dn\u00ed fotografie v\u00fdjime\u010dn\u00fdch voz\u016f,&#8220; uvedl Cafourek.<\/p>\n<p><img loading=\"lazy\" decoding=\"async\" class=\"alignnone size-medium wp-image-439\" src=\"http:\/\/www.automakers.cz\/wp-content\/uploads\/2023\/11\/Servind-MCLAREN-900x601.jpg\" alt=\"\" width=\"900\" height=\"601\" \/><\/p>\n<p>Pod\u011bkov\u00e1n\u00ed pat\u0159\u00ed v\u0161em, kte\u0159\u00ed se na fotografov\u00e1n\u00ed pod\u00edleli a firm\u00e1m, kter\u00e9 n\u00e1m auta na focen\u00ed laskav\u011b a beze strachu zap\u016fj\u010dily. V\u011b\u0159\u00edme, \u017ee nov\u00fd kalend\u00e1\u0159 se na\u0161im p\u0159\u00edznivc\u016fm bude l\u00edbit a bude je prov\u00e1zet rokem 2024, dod\u00e1v\u00e1 Tom\u00e1\u0161 Cafourek.<\/p>\n<p><strong>Zdroj: Servind<\/strong><\/p>\n<p><img loading=\"lazy\" decoding=\"async\" class=\"alignnone size-medium wp-image-438\" src=\"http:\/\/www.automakers.cz\/wp-content\/uploads\/2023\/11\/servind_kalendar_2024_2310262-900x646.jpg\" alt=\"\" width=\"900\" height=\"646\" \/><\/p>\n","protected":false},"excerpt":{"rendered":"<p>Na obchodn\u00ed partnery a p\u0159\u00e1tele spole\u010dnosti Servind m\u00ed\u0159\u00ed origin\u00e1ln\u00ed kalend\u00e1\u0159 Servind pro rok 2024. Kultovn\u00ed&#8230;<\/p>\n","protected":false},"author":1,"featured_media":437,"comment_status":"open","ping_status":"open","sticky":false,"template":"","format":"standard","meta":{"footnotes":""},"categories":[13,36],"tags":[],"class_list":["post-436","post","type-post","status-publish","format-standard","has-post-thumbnail","hentry","category-design","category-marketing"],"_links":{"self":[{"href":"https:\/\/www.automakers.cz\/index.php?rest_route=\/wp\/v2\/posts\/436","targetHints":{"allow":["GET"]}}],"collection":[{"href":"https:\/\/www.automakers.cz\/index.php?rest_route=\/wp\/v2\/posts"}],"about":[{"href":"https:\/\/www.automakers.cz\/index.php?rest_route=\/wp\/v2\/types\/post"}],"author":[{"embeddable":true,"href":"https:\/\/www.automakers.cz\/index.php?rest_route=\/wp\/v2\/users\/1"}],"replies":[{"embeddable":true,"href":"https:\/\/www.automakers.cz\/index.php?rest_route=%2Fwp%2Fv2%2Fcomments&post=436"}],"version-history":[{"count":3,"href":"https:\/\/www.automakers.cz\/index.php?rest_route=\/wp\/v2\/posts\/436\/revisions"}],"predecessor-version":[{"id":443,"href":"https:\/\/www.automakers.cz\/index.php?rest_route=\/wp\/v2\/posts\/436\/revisions\/443"}],"wp:featuredmedia":[{"embeddable":true,"href":"https:\/\/www.automakers.cz\/index.php?rest_route=\/wp\/v2\/media\/437"}],"wp:attachment":[{"href":"https:\/\/www.automakers.cz\/index.php?rest_route=%2Fwp%2Fv2%2Fmedia&parent=436"}],"wp:term":[{"taxonomy":"category","embeddable":true,"href":"https:\/\/www.automakers.cz\/index.php?rest_route=%2Fwp%2Fv2%2Fcategories&post=436"},{"taxonomy":"post_tag","embeddable":true,"href":"https:\/\/www.automakers.cz\/index.php?rest_route=%2Fwp%2Fv2%2Ftags&post=436"}],"curies":[{"name":"wp","href":"https:\/\/api.w.org\/{rel}","templated":true}]}}