{"id":4405,"date":"2024-06-03T12:03:24","date_gmt":"2024-06-03T12:03:24","guid":{"rendered":"https:\/\/www.automakers.cz\/?p=4405"},"modified":"2024-06-03T12:03:53","modified_gmt":"2024-06-03T12:03:53","slug":"hyundai-s-novym-sefdesignerem-pro-evropu","status":"publish","type":"post","link":"https:\/\/www.automakers.cz\/?p=4405","title":{"rendered":"Nov\u00fd \u0161\u00e9fdesign\u00e9r Hyundaie pro Evropu"},"content":{"rendered":"<p><strong>Zna\u010dka Hyundai jmenovala od 1. \u010dervna Eduarda Ram\u00edreze nov\u00fdm \u0161\u00e9fdesign\u00e9rem evropsk\u00e9ho design\u00e9rsk\u00e9ho centra Hyundai.<\/strong><!--more--><\/p>\n<p>Povede ho s \u00fakolem zvy\u0161ovat konkurenceschopnost designu zna\u010dky v obdob\u00ed rychl\u00fdch zm\u011bn, j\u00edm\u017e glob\u00e1ln\u00ed automobilov\u00fdch pr\u016fmysl v sou\u010dasn\u00e9 dob\u011b proch\u00e1z\u00ed. Ram\u00edrez se zam\u011b\u0159\u00ed na \u201edesignov\u00e9 inovace uspokojuj\u00edc\u00ed pot\u0159eby z\u00e1kazn\u00edk\u016f\u201c a vytv\u00e1\u0159en\u00ed jedine\u010dn\u00fdch z\u00e1kaznick\u00fdch z\u00e1\u017eitk\u016f, jimi\u017e se vozy Hyundai budou odli\u0161ovat.<\/p>\n<p>Eduardo Ram\u00edrez, absolvent univerzity v Coventry a presti\u017en\u00ed design\u00e9rsk\u00e9 \u0161koly Royal College of Art, zah\u00e1jil svou kari\u00e9ru jako design\u00e9r exteri\u00e9r\u016f u zna\u010dky Audi a pozd\u011bji p\u016fsobil ve spole\u010dnosti General Motors. Do evropsk\u00e9ho design\u00e9rsk\u00e9ho centra Hyundai p\u0159e\u0161el v roce 2007. Dosud byl zodpov\u011bdn\u00fd za design \u0159ady kl\u00ed\u010dov\u00fdch projekt\u016f pro evropsk\u00fd trh, jak\u00fdmi jsou modely i10, KONA, Bayon a Santa Fe.<\/p>\n<p><strong>Zdroj: HMCZ<\/strong><\/p>\n","protected":false},"excerpt":{"rendered":"<p>Zna\u010dka Hyundai jmenovala od 1. \u010dervna Eduarda Ram\u00edreze nov\u00fdm \u0161\u00e9fdesign\u00e9rem evropsk\u00e9ho design\u00e9rsk\u00e9ho centra Hyundai.<\/p>\n","protected":false},"author":1,"featured_media":4406,"comment_status":"closed","ping_status":"closed","sticky":false,"template":"","format":"standard","meta":{"footnotes":""},"categories":[13,5],"tags":[],"class_list":["post-4405","post","type-post","status-publish","format-standard","has-post-thumbnail","hentry","category-design","category-personalie"],"_links":{"self":[{"href":"https:\/\/www.automakers.cz\/index.php?rest_route=\/wp\/v2\/posts\/4405","targetHints":{"allow":["GET"]}}],"collection":[{"href":"https:\/\/www.automakers.cz\/index.php?rest_route=\/wp\/v2\/posts"}],"about":[{"href":"https:\/\/www.automakers.cz\/index.php?rest_route=\/wp\/v2\/types\/post"}],"author":[{"embeddable":true,"href":"https:\/\/www.automakers.cz\/index.php?rest_route=\/wp\/v2\/users\/1"}],"replies":[{"embeddable":true,"href":"https:\/\/www.automakers.cz\/index.php?rest_route=%2Fwp%2Fv2%2Fcomments&post=4405"}],"version-history":[{"count":2,"href":"https:\/\/www.automakers.cz\/index.php?rest_route=\/wp\/v2\/posts\/4405\/revisions"}],"predecessor-version":[{"id":4409,"href":"https:\/\/www.automakers.cz\/index.php?rest_route=\/wp\/v2\/posts\/4405\/revisions\/4409"}],"wp:featuredmedia":[{"embeddable":true,"href":"https:\/\/www.automakers.cz\/index.php?rest_route=\/wp\/v2\/media\/4406"}],"wp:attachment":[{"href":"https:\/\/www.automakers.cz\/index.php?rest_route=%2Fwp%2Fv2%2Fmedia&parent=4405"}],"wp:term":[{"taxonomy":"category","embeddable":true,"href":"https:\/\/www.automakers.cz\/index.php?rest_route=%2Fwp%2Fv2%2Fcategories&post=4405"},{"taxonomy":"post_tag","embeddable":true,"href":"https:\/\/www.automakers.cz\/index.php?rest_route=%2Fwp%2Fv2%2Ftags&post=4405"}],"curies":[{"name":"wp","href":"https:\/\/api.w.org\/{rel}","templated":true}]}}