{"id":4410,"date":"2024-06-03T12:20:49","date_gmt":"2024-06-03T12:20:49","guid":{"rendered":"https:\/\/www.automakers.cz\/?p=4410"},"modified":"2024-06-03T12:24:04","modified_gmt":"2024-06-03T12:24:04","slug":"mercedes-mel-na-legendach-tri-premiery","status":"publish","type":"post","link":"https:\/\/www.automakers.cz\/?p=4410","title":{"rendered":"Mercedes m\u011bl na Legend\u00e1ch t\u0159i premi\u00e9ry"},"content":{"rendered":"<div class=\"HeaderContainer-sc-10zscs5-0 eAVBSF\">\n<div class=\"HeaderContainerText-sc-181ifbk-0 dhoHat\">\n<p class=\"Perex-sc-1qbdpua-0 fGYCev\"><strong>Mercedes-Benz p\u0159estavil na leto\u0161n\u00ed motoristick\u00e9 slavnosti Legendy 2024 t\u0159i vozy, kter\u00e9 dosud mohli vid\u011bt jednotliv\u011b jen n\u00e1v\u0161t\u011bvn\u00edci nejv\u011bt\u0161\u00edch sv\u011btov\u00fdch motorshow. Novinky p\u0159edstavili m\u00e9di\u00edm \u0161\u00e9f importu Alexander Henzler a PR mana\u017eer zna\u010dky Josef Hl\u00e1vka.<br \/>\n<\/strong><\/p>\n<p class=\"Perex-sc-1qbdpua-0 fGYCev\">Vedle design\u00e9rsk\u00fdch koncept\u016f Mercedes-Benz Concept CLA Class a Vision One-Eleven se v Praze poprv\u00e9 objevil tak\u00e9 funk\u010dn\u00ed prototyp \u00fasporn\u00e9ho elektromobilu VISION EQXX, s n\u00edm\u017e automobilka Mercedes-Benz dos\u00e1hla pozoruhodn\u00fdch v\u00fdsledk\u016f v re\u00e1ln\u00e9m provozu.<\/p>\n<p><img loading=\"lazy\" decoding=\"async\" class=\"alignnone size-medium wp-image-4414\" src=\"http:\/\/www.automakers.cz\/wp-content\/uploads\/2024\/06\/Mercedes-Concept-900x675.jpg\" alt=\"\" width=\"900\" height=\"675\" srcset=\"https:\/\/www.automakers.cz\/wp-content\/uploads\/2024\/06\/Mercedes-Concept-900x675.jpg 900w, https:\/\/www.automakers.cz\/wp-content\/uploads\/2024\/06\/Mercedes-Concept-1024x768.jpg 1024w, https:\/\/www.automakers.cz\/wp-content\/uploads\/2024\/06\/Mercedes-Concept-768x576.jpg 768w, https:\/\/www.automakers.cz\/wp-content\/uploads\/2024\/06\/Mercedes-Concept-1536x1152.jpg 1536w, https:\/\/www.automakers.cz\/wp-content\/uploads\/2024\/06\/Mercedes-Concept.jpg 2040w\" sizes=\"auto, (max-width: 900px) 100vw, 900px\" \/>Mercedes tradi\u010dn\u011b p\u0159edstavil \u0159adu exkluzivn\u00edch voz\u016f z historie zna\u010dky, kterou reprezentovala i samostatn\u00e1 expozice Mercedes-Benz klub \u010cesk\u00e1 republika.<\/p>\n<p><img loading=\"lazy\" decoding=\"async\" class=\"alignnone size-medium wp-image-4419\" src=\"http:\/\/www.automakers.cz\/wp-content\/uploads\/2024\/06\/Mercedes-TK-Hlavka-900x675.jpg\" alt=\"\" width=\"900\" height=\"675\" srcset=\"https:\/\/www.automakers.cz\/wp-content\/uploads\/2024\/06\/Mercedes-TK-Hlavka-900x675.jpg 900w, https:\/\/www.automakers.cz\/wp-content\/uploads\/2024\/06\/Mercedes-TK-Hlavka-1024x768.jpg 1024w, https:\/\/www.automakers.cz\/wp-content\/uploads\/2024\/06\/Mercedes-TK-Hlavka-768x576.jpg 768w, https:\/\/www.automakers.cz\/wp-content\/uploads\/2024\/06\/Mercedes-TK-Hlavka-1536x1152.jpg 1536w, https:\/\/www.automakers.cz\/wp-content\/uploads\/2024\/06\/Mercedes-TK-Hlavka.jpg 2040w\" sizes=\"auto, (max-width: 900px) 100vw, 900px\" \/>N\u00e1v\u0161t\u011bvn\u00edci se mohli d\u00e1le t\u011b\u0161it i na n\u011bkolik premi\u00e9r sou\u010dasn\u00e9 modelov\u00e9 nab\u00eddky, v\u016fbec poprv\u00e9 se tak setkali s novou T\u0159\u00eddou G, T\u0159\u00eddou V, prvn\u00edm luxusn\u00edm SUV sv\u00e9ho druhu &#8211; Mercedes-Maybach EQS SUV \u010di vrcholn\u00fdm proveden\u00edm Mercedes-AMG E 53 HYBRID 4MATIC+ \u00fasp\u011b\u0161n\u00e9 T\u0159\u00eddy E \u2013 Auta roku 2024 v \u010cesk\u00e9 republice.<\/p>\n<p class=\"Perex-sc-1qbdpua-0 fGYCev\"><strong>Erich Handl, TK Mercedes-Benz, Legendy 2024<\/strong><\/p>\n<p class=\"Perex-sc-1qbdpua-0 fGYCev\"><img loading=\"lazy\" decoding=\"async\" class=\"alignnone size-medium wp-image-4416\" src=\"http:\/\/www.automakers.cz\/wp-content\/uploads\/2024\/06\/Maybach-900x675.jpg\" alt=\"\" width=\"900\" height=\"675\" srcset=\"https:\/\/www.automakers.cz\/wp-content\/uploads\/2024\/06\/Maybach-900x675.jpg 900w, https:\/\/www.automakers.cz\/wp-content\/uploads\/2024\/06\/Maybach-1024x768.jpg 1024w, https:\/\/www.automakers.cz\/wp-content\/uploads\/2024\/06\/Maybach-768x576.jpg 768w, https:\/\/www.automakers.cz\/wp-content\/uploads\/2024\/06\/Maybach-1536x1152.jpg 1536w, https:\/\/www.automakers.cz\/wp-content\/uploads\/2024\/06\/Maybach.jpg 2040w\" sizes=\"auto, (max-width: 900px) 100vw, 900px\" \/><br \/>\n<!--more--><\/p>\n<\/div>\n<\/div>\n","protected":false},"excerpt":{"rendered":"<p>Mercedes-Benz p\u0159estavil na leto\u0161n\u00ed motoristick\u00e9 slavnosti Legendy 2024 t\u0159i vozy, kter\u00e9 dosud mohli vid\u011bt jednotliv\u011b&#8230;<\/p>\n","protected":false},"author":1,"featured_media":4413,"comment_status":"closed","ping_status":"closed","sticky":false,"template":"","format":"standard","meta":{"footnotes":""},"categories":[12,8],"tags":[],"class_list":["post-4410","post","type-post","status-publish","format-standard","has-post-thumbnail","hentry","category-premiery","category-vystavy"],"_links":{"self":[{"href":"https:\/\/www.automakers.cz\/index.php?rest_route=\/wp\/v2\/posts\/4410","targetHints":{"allow":["GET"]}}],"collection":[{"href":"https:\/\/www.automakers.cz\/index.php?rest_route=\/wp\/v2\/posts"}],"about":[{"href":"https:\/\/www.automakers.cz\/index.php?rest_route=\/wp\/v2\/types\/post"}],"author":[{"embeddable":true,"href":"https:\/\/www.automakers.cz\/index.php?rest_route=\/wp\/v2\/users\/1"}],"replies":[{"embeddable":true,"href":"https:\/\/www.automakers.cz\/index.php?rest_route=%2Fwp%2Fv2%2Fcomments&post=4410"}],"version-history":[{"count":6,"href":"https:\/\/www.automakers.cz\/index.php?rest_route=\/wp\/v2\/posts\/4410\/revisions"}],"predecessor-version":[{"id":4418,"href":"https:\/\/www.automakers.cz\/index.php?rest_route=\/wp\/v2\/posts\/4410\/revisions\/4418"}],"wp:featuredmedia":[{"embeddable":true,"href":"https:\/\/www.automakers.cz\/index.php?rest_route=\/wp\/v2\/media\/4413"}],"wp:attachment":[{"href":"https:\/\/www.automakers.cz\/index.php?rest_route=%2Fwp%2Fv2%2Fmedia&parent=4410"}],"wp:term":[{"taxonomy":"category","embeddable":true,"href":"https:\/\/www.automakers.cz\/index.php?rest_route=%2Fwp%2Fv2%2Fcategories&post=4410"},{"taxonomy":"post_tag","embeddable":true,"href":"https:\/\/www.automakers.cz\/index.php?rest_route=%2Fwp%2Fv2%2Ftags&post=4410"}],"curies":[{"name":"wp","href":"https:\/\/api.w.org\/{rel}","templated":true}]}}