{"id":4431,"date":"2024-06-04T06:15:07","date_gmt":"2024-06-04T06:15:07","guid":{"rendered":"https:\/\/www.automakers.cz\/?p=4431"},"modified":"2024-06-04T10:09:52","modified_gmt":"2024-06-04T10:09:52","slug":"olivier-parry-opousti-ceskeho-emila-freye","status":"publish","type":"post","link":"https:\/\/www.automakers.cz\/?p=4431","title":{"rendered":"Olivier Parry opou\u0161t\u00ed \u010desk\u00e9ho Emila Freye"},"content":{"rendered":"<p><strong><b>Dlouholet\u00fd \u0161\u00e9f \u010desk\u00e9ho Emila Freye se p\u0159esouv\u00e1 do \u0161v\u00fdcarsk\u00e9ho Curychu, odkud bude v pozici provozn\u00edho \u0159editele \u0159\u00eddit region st\u0159edn\u00ed a ji\u017en\u00ed Evropy. V Praze ho nahrad\u00ed zn\u00fdm\u00fd matador import\u00e9rsk\u00e9 soupisky.<br \/>\n<\/b><\/strong><!--more--><\/p>\n<p>Nov\u00fdm \u0159editelem skupiny Emil Frey v \u010cesk\u00e9 republice se od 1. \u010dervence 2024 stane Ji\u0159\u00ed Picek. Krom\u011b celkov\u00e9 odpov\u011bdnosti za maloobchod (zna\u010dky Toyota, Kia, Suzuki, Subaru), import (zna\u010dky skupin Stellantis a Subaru) a korpor\u00e1tn\u00ed aktivity skupiny Emil Frey v \u010cesk\u00e9 republice, bude jeho hlavn\u00edm \u00fakolem koordinovat v\u00a0r\u00e1mci skupiny Emil Frey \u010cR aktivity v\u0161ech koncernov\u00fdch zna\u010dek skupiny Stellantis: Abarth, Alfa Romeo, Citro\u00ebn, DS Automobiles, Fiat, Fiat Professional, Jeep\u00ae, Opel a Peugeot.<\/p>\n<p>Picek (54 let), kter\u00fd se od 1. \u010dervence 2024 ujme pozice \u0159editele skupiny Emil Frey v \u010cesk\u00e9 republice, nep\u0159ich\u00e1z\u00ed do nezn\u00e1m\u00e9ho teritoria. U\u017e p\u0159ed deseti lety toti\u017e p\u016fsobil jako mana\u017eer rozvoje koncesion\u00e1\u0159sk\u00e9 s\u00edt\u011b pro zna\u010dky Peugeot a Citro\u00ebn v \u010cR.<\/p>\n<p>N\u00e1sledn\u011b v letech 2017 a\u017e 2020 v r\u00e1mci skupiny Emil Frey v \u010cR \u0159\u00eddil import zna\u010dky Subaru a retailovou spole\u010dnost Emil Frey \u010cR. Od roku 2021 byl zodpov\u011bdn\u00fd za maloobchodn\u00ed aktivity Emil Frey v Polsku, odkud se nyn\u00ed vrac\u00ed do \u010ceska, konkr\u00e9tn\u011bji do s\u00eddla spole\u010dnosti na Olbrachtov\u011b ulici v Praze, aby zaujal m\u00edsto \u0159editele skupiny Emil Frey v \u010cR.<\/p>\n<p><strong>Koordinace \u0159ady zna\u010dek<\/strong><\/p>\n<p>Krom\u011b celkov\u00e9 odpov\u011bdnosti za aktivity skupiny Emil Frey v \u010cesk\u00e9 republice, bude Ji\u0159\u00ed Picek zodpov\u00eddat za koordinaci aktivit zna\u010dek Stellantis spadaj\u00edc\u00edch pod skupinu Emil Frey v\u00a0\u010cR. Samotn\u00e9 veden\u00ed zna\u010dek, zejm\u00e9na pak z\u00a0obchodn\u00edho a marketingov\u00e9ho hlediska, z\u016fstane v\u00a0kompetenc\u00edch jej\u00edch \u0159editel\u016f, \u010d\u00edm\u017e se zajist\u00ed zachov\u00e1n\u00ed jedine\u010dn\u00e9 identity ka\u017ed\u00e9 ze zna\u010dek. Veden\u00ed odd\u011blen\u00ed zaji\u0161\u0165uj\u00edc\u00edch korpor\u00e1tn\u00ed \u010dinnosti, jako jsou logistika, B2B, poprodejn\u00ed servis, kvalita a rozvoj s\u00edt\u011b, budou hierarchicky spadat p\u0159\u00edmo pod Ji\u0159\u00edho Picka. Ve sv\u00e9 nov\u00e9 funkci bude Ji\u0159\u00ed Picek pod\u0159\u00edzen Olivierovi Parrymu a stane se jednatelem Emil Frey v\u00a0\u010cR a sou\u010dasn\u011b i \u010dlenem v\u00fdkonn\u00e9 rady Emil Frey pro region st\u0159edn\u00ed a ji\u017en\u00ed Evropy.<\/p>\n<figure id=\"attachment_4434\" aria-describedby=\"caption-attachment-4434\" style=\"width: 600px\" class=\"wp-caption alignnone\"><img loading=\"lazy\" decoding=\"async\" class=\"size-medium wp-image-4434\" src=\"http:\/\/www.automakers.cz\/wp-content\/uploads\/2024\/06\/Jiri-Picek-600x900.jpg\" alt=\"\" width=\"600\" height=\"900\" srcset=\"https:\/\/www.automakers.cz\/wp-content\/uploads\/2024\/06\/Jiri-Picek-600x900.jpg 600w, https:\/\/www.automakers.cz\/wp-content\/uploads\/2024\/06\/Jiri-Picek-683x1024.jpg 683w, https:\/\/www.automakers.cz\/wp-content\/uploads\/2024\/06\/Jiri-Picek-768x1152.jpg 768w, https:\/\/www.automakers.cz\/wp-content\/uploads\/2024\/06\/Jiri-Picek-1024x1536.jpg 1024w, https:\/\/www.automakers.cz\/wp-content\/uploads\/2024\/06\/Jiri-Picek-1365x2048.jpg 1365w, https:\/\/www.automakers.cz\/wp-content\/uploads\/2024\/06\/Jiri-Picek-scaled.jpg 1707w\" sizes=\"auto, (max-width: 600px) 100vw, 600px\" \/><figcaption id=\"caption-attachment-4434\" class=\"wp-caption-text\">Ji\u0159\u00ed Picek<\/figcaption><\/figure>\n<p>Tak\u00e9 Olivier Parry (48 let) m\u00e1 za sebou bohatou profesn\u00ed kari\u00e9ru spjatou se zna\u010dkami skupiny Stellantis, ale i s \u010ceskou republikou, kde u\u017e v roce 2013 nastoupil na pozici \u0159editele \u010desk\u00e9ho zastoupen\u00ed zna\u010dky Citro\u00ebn. Po p\u0159evzet\u00ed zna\u010dek Peugeot, Citro\u00ebn a DS Automobiles skupinou Emil Frey v dubnu roku 2016 se Olivier Parry ujal veden\u00ed nov\u011b vznikl\u00e9 spole\u010dnosti jako\u017eto jej\u00ed \u0159editel a v roce 2018 se stal \u010dlenem v\u00fdkonn\u00e9 rady skupiny Emil Frey.<\/p>\n<p><strong><em>Zdroj: Radka Matthey<br \/>\n<\/em><\/strong><\/p>\n","protected":false},"excerpt":{"rendered":"<p>Dlouholet\u00fd \u0161\u00e9f \u010desk\u00e9ho Emila Freye se p\u0159esouv\u00e1 do \u0161v\u00fdcarsk\u00e9ho Curychu, odkud bude v pozici provozn\u00edho&#8230;<\/p>\n","protected":false},"author":1,"featured_media":4433,"comment_status":"closed","ping_status":"closed","sticky":false,"template":"","format":"standard","meta":{"footnotes":""},"categories":[11,5],"tags":[],"class_list":["post-4431","post","type-post","status-publish","format-standard","has-post-thumbnail","hentry","category-importeri","category-personalie"],"_links":{"self":[{"href":"https:\/\/www.automakers.cz\/index.php?rest_route=\/wp\/v2\/posts\/4431","targetHints":{"allow":["GET"]}}],"collection":[{"href":"https:\/\/www.automakers.cz\/index.php?rest_route=\/wp\/v2\/posts"}],"about":[{"href":"https:\/\/www.automakers.cz\/index.php?rest_route=\/wp\/v2\/types\/post"}],"author":[{"embeddable":true,"href":"https:\/\/www.automakers.cz\/index.php?rest_route=\/wp\/v2\/users\/1"}],"replies":[{"embeddable":true,"href":"https:\/\/www.automakers.cz\/index.php?rest_route=%2Fwp%2Fv2%2Fcomments&post=4431"}],"version-history":[{"count":2,"href":"https:\/\/www.automakers.cz\/index.php?rest_route=\/wp\/v2\/posts\/4431\/revisions"}],"predecessor-version":[{"id":4435,"href":"https:\/\/www.automakers.cz\/index.php?rest_route=\/wp\/v2\/posts\/4431\/revisions\/4435"}],"wp:featuredmedia":[{"embeddable":true,"href":"https:\/\/www.automakers.cz\/index.php?rest_route=\/wp\/v2\/media\/4433"}],"wp:attachment":[{"href":"https:\/\/www.automakers.cz\/index.php?rest_route=%2Fwp%2Fv2%2Fmedia&parent=4431"}],"wp:term":[{"taxonomy":"category","embeddable":true,"href":"https:\/\/www.automakers.cz\/index.php?rest_route=%2Fwp%2Fv2%2Fcategories&post=4431"},{"taxonomy":"post_tag","embeddable":true,"href":"https:\/\/www.automakers.cz\/index.php?rest_route=%2Fwp%2Fv2%2Ftags&post=4431"}],"curies":[{"name":"wp","href":"https:\/\/api.w.org\/{rel}","templated":true}]}}