{"id":4457,"date":"2024-06-04T18:02:56","date_gmt":"2024-06-04T18:02:56","guid":{"rendered":"https:\/\/www.automakers.cz\/?p=4457"},"modified":"2024-06-04T19:37:41","modified_gmt":"2024-06-04T19:37:41","slug":"ford-startuje-elektricky-explorer-v-koline","status":"publish","type":"post","link":"https:\/\/www.automakers.cz\/?p=4457","title":{"rendered":"Ford startuje elektrick\u00fd Explorer v Kol\u00edn\u011b"},"content":{"rendered":"<p><strong>Ford\u00a0 zah\u00e1jil s\u00e9riovou v\u00fdrobu nov\u00e9ho pln\u011b elektrick\u00e9ho modelu Explorer\u00a0 ve sv\u00e9m prvn\u00edm z\u00e1vod\u011b na v\u00fdrobu elektromobil\u016f v Evrop\u011b, a to po investici ve v\u00fd\u0161i 2 miliard dolar\u016f.<\/strong><!--more--><\/p>\n<p>Elektrick\u00fd Explorer\u00a0 je prvn\u00edm vozem, kter\u00fd sjel z linky v\u00fdrobn\u00edho z\u00e1vodu Ford Cologne Electric Vehicle Center, co\u017e m\u00e1 b\u00fdt krok na cest\u011b k v\u00fdrob\u011b nov\u00e9 generace kvalitn\u00edch osobn\u00edch elektrick\u00fdch vozidel pro tento region. Brzy bude odhalen druh\u00fd elektromobil, nov\u00fd sportovn\u00ed crossover, jeho\u017e v\u00fdroba v Kol\u00edn\u011b za\u010dne je\u0161t\u011b letos.<\/p>\n<p>Nov\u00fd pln\u011b elektrick\u00fd Explorer kombinuje n\u011bmeckou techniku, americk\u00fd p\u0159\u00edstup a \u0161pi\u010dkovou standardn\u00ed v\u00fdbavu, kter\u00e1 zahrnuje akumul\u00e1torov\u00e9 elektrick\u00e9 pohonn\u00e9 jednotky zaji\u0161\u0165uj\u00edc\u00ed nulov\u00e9 v\u00fdfukov\u00e9 emise b\u011bhem j\u00edzdy &#8211; a dojezd v\u00edce ne\u017e 600 km na jedno nabit\u00ed.<\/p>\n<p><strong>Tov\u00e1rna budoucnosti<\/strong><\/p>\n<p>Cologne Electric Vehicle Center je vybaveno nejmodern\u011bj\u0161\u00ed um\u011blou inteligenc\u00ed a symfoni\u00ed stovek pe\u010dliv\u011b koordinovan\u00fdch technologicky vysp\u011bl\u00fdch robot\u016f, kte\u0159\u00ed budou z\u00e1kazn\u00edk\u016fm Fordu v Evrop\u011b dod\u00e1vat novou generaci \u0161pi\u010dkov\u00fdch elektromobil\u016f. \u201eDigit\u00e1ln\u00ed dvoj\u010de&#8220; z\u00e1vodu monitoruje a podporuje oper\u00e1tory v\u00fdrobn\u00ed linky, aby zajistilo vysok\u00e9 standardy kvality.<\/p>\n<p>Cologne Electric Vehicle Center je podporov\u00e1no samou\u010d\u00edc\u00edmi se stroji a v\u00edce ne\u017e 600 nov\u00fdmi roboty, kter\u00e9 prov\u00e1d\u011bj\u00ed \u00fakoly sva\u0159ov\u00e1n\u00ed, \u0159ez\u00e1n\u00ed, pr\u00e1\u0161kov\u00e1n\u00ed, lakov\u00e1n\u00ed a taven\u00ed ve slo\u017eit\u00e9m baletu, aby byla zaji\u0161t\u011bna p\u0159esnost, efektivita a kvalita.<\/p>\n<p>Nov\u00e9 \u0159\u00eddic\u00ed centrum monitoruje cel\u00fd proces mont\u00e1\u017ee v re\u00e1ln\u00e9m \u010dase &#8211; a\u017e po mno\u017estv\u00ed ka\u017ed\u00e9ho d\u00edlu a matice na ka\u017ed\u00e9m pracovi\u0161ti. \u201eDigit\u00e1ln\u00ed dvoj\u010de&#8220; z\u00e1vodu se zobrazuje prost\u0159ednictv\u00edm ob\u0159\u00edho dotykov\u00e9ho displeje, na n\u011bm\u017e jsou um\u00edst\u011bna v\u0161echna pracovi\u0161t\u011b s informacemi o n\u00e1stroj\u00edch, dod\u00e1vk\u00e1ch materi\u00e1lu, bezpe\u010dnosti pr\u00e1ce a dal\u0161\u00edmi \u00fadaji. Pomoc\u00ed mal\u00fdch dotykov\u00fdch obrazovek poskytuj\u00ed zam\u011bstnanci na lince dal\u0161\u00ed informace o stavu jejich pracovi\u0161t\u011b.<\/p>\n<p>\u201eD\u00edky sledov\u00e1n\u00ed a kontrole ka\u017ed\u00e9ho kroku v\u00fdrobn\u00edho procesu dos\u00e1hne Ford pro na\u0161e z\u00e1kazn\u00edky neb\u00fdval\u00e9 \u00farovn\u011b kvality,&#8220; \u0159ekl Rene Wolf, gener\u00e1ln\u00ed \u0159editel divize Manufacturing spole\u010dnosti Ford-Werke GmbH.<\/p>\n<p><strong>Udr\u017eiteln\u011bj\u0161\u00ed v\u00fdroba<\/strong><\/p>\n<p>Cologne Electric Vehicle Center je jedn\u00edm z nejefektivn\u011bj\u0161\u00edch z\u00e1vod\u016f spole\u010dnosti Ford na mont\u00e1\u017e vozidel na sv\u011bt\u011b, co\u017e je podpo\u0159eno v\u00fdrazn\u00fdm sn\u00ed\u017een\u00edm emis\u00ed, spot\u0159eby vody a energie.<\/p>\n<p>Pro Cologne Electric Vehicle Center pracuje Ford na zaveden\u00ed uhl\u00edkov\u00e9 neutrality. Po zah\u00e1jen\u00ed v\u00fdroby budou \u00fadaje o emis\u00edch sklen\u00edkov\u00fdch plyn\u016f (GHG) monitorov\u00e1ny a zaznamen\u00e1v\u00e1ny pro \u00fa\u010dely nez\u00e1visl\u00e9 certifikace podle nejnov\u011bj\u0161\u00edch mezin\u00e1rodn\u00edch norem. V r\u00e1mci t\u00e9to cesty k dosa\u017een\u00ed uhl\u00edkov\u00e9 neutrality bude spole\u010dnost Ford neust\u00e1le zvy\u0161ovat svou uhl\u00edkovou bilanci a sni\u017eovat emise sklen\u00edkov\u00fdch plyn\u016f sm\u011brem ke zbytkov\u00e9 \u00farovni.<\/p>\n<p>Krom\u011b iniciativ, kter\u00e9 sni\u017euj\u00ed emise, spot\u0159ebu vody a energie, je ve\u0161ker\u00e1 elekt\u0159ina a zemn\u00ed plyn pot\u0159ebn\u00fd k provozu z\u00e1vodu ze 100 % tvo\u0159en certifikovanou obnovitelnou elekt\u0159inou\u00a0<sup>2<\/sup>\u00a0a biometanem. Spole\u010dnost Ford Motor Company usiluje o dosa\u017een\u00ed uhl\u00edkov\u00e9 neutrality v r\u00e1mci cel\u00e9ho sv\u00e9ho evropsk\u00e9ho v\u00fdrobn\u00edho provozu zahrnuj\u00edc\u00edho v\u00fdrobn\u00ed z\u00e1vody, logistiku a p\u0159\u00edm\u00e9 dodavatele do roku 2035.<\/p>\n<p><strong>Zdroj: FMC<\/strong><\/p>\n<p>&nbsp;<\/p>\n<div><\/div>\n","protected":false},"excerpt":{"rendered":"<p>Ford\u00a0 zah\u00e1jil s\u00e9riovou v\u00fdrobu nov\u00e9ho pln\u011b elektrick\u00e9ho modelu Explorer\u00a0 ve sv\u00e9m prvn\u00edm z\u00e1vod\u011b na v\u00fdrobu&#8230;<\/p>\n","protected":false},"author":1,"featured_media":4458,"comment_status":"closed","ping_status":"closed","sticky":false,"template":"","format":"standard","meta":{"footnotes":""},"categories":[9,18],"tags":[],"class_list":["post-4457","post","type-post","status-publish","format-standard","has-post-thumbnail","hentry","category-elektromobily","category-vyroba"],"_links":{"self":[{"href":"https:\/\/www.automakers.cz\/index.php?rest_route=\/wp\/v2\/posts\/4457","targetHints":{"allow":["GET"]}}],"collection":[{"href":"https:\/\/www.automakers.cz\/index.php?rest_route=\/wp\/v2\/posts"}],"about":[{"href":"https:\/\/www.automakers.cz\/index.php?rest_route=\/wp\/v2\/types\/post"}],"author":[{"embeddable":true,"href":"https:\/\/www.automakers.cz\/index.php?rest_route=\/wp\/v2\/users\/1"}],"replies":[{"embeddable":true,"href":"https:\/\/www.automakers.cz\/index.php?rest_route=%2Fwp%2Fv2%2Fcomments&post=4457"}],"version-history":[{"count":3,"href":"https:\/\/www.automakers.cz\/index.php?rest_route=\/wp\/v2\/posts\/4457\/revisions"}],"predecessor-version":[{"id":4485,"href":"https:\/\/www.automakers.cz\/index.php?rest_route=\/wp\/v2\/posts\/4457\/revisions\/4485"}],"wp:featuredmedia":[{"embeddable":true,"href":"https:\/\/www.automakers.cz\/index.php?rest_route=\/wp\/v2\/media\/4458"}],"wp:attachment":[{"href":"https:\/\/www.automakers.cz\/index.php?rest_route=%2Fwp%2Fv2%2Fmedia&parent=4457"}],"wp:term":[{"taxonomy":"category","embeddable":true,"href":"https:\/\/www.automakers.cz\/index.php?rest_route=%2Fwp%2Fv2%2Fcategories&post=4457"},{"taxonomy":"post_tag","embeddable":true,"href":"https:\/\/www.automakers.cz\/index.php?rest_route=%2Fwp%2Fv2%2Ftags&post=4457"}],"curies":[{"name":"wp","href":"https:\/\/api.w.org\/{rel}","templated":true}]}}