{"id":4461,"date":"2024-06-04T19:00:49","date_gmt":"2024-06-04T19:00:49","guid":{"rendered":"https:\/\/www.automakers.cz\/?p=4461"},"modified":"2024-06-04T19:35:02","modified_gmt":"2024-06-04T19:35:02","slug":"peugeot-ukazal-novinky-ve-vindysove-tovarne","status":"publish","type":"post","link":"https:\/\/www.automakers.cz\/?p=4461","title":{"rendered":"Vindy\u0161ova tov\u00e1rna hostila \u0161est premi\u00e9r Peugeotu"},"content":{"rendered":"<p class=\"xmprfx_MsoNormal\"><strong>\u0160\u00e9f Peugeotu Marco Venturini svolal novin\u00e1\u0159e na nejv\u011bt\u0161\u00ed medi\u00e1ln\u00ed prezentaci leto\u0161n\u00edho roku do radot\u00ednsk\u00e9 Vindy\u0161ovy tov\u00e1rny. P\u0159edstavil hned n\u011bkolik novinek. Hlavn\u00edm tah\u00e1kem byla nov\u00e1 verze vozu 3008, uk\u00e1zaly se tak\u00e9 modely Rifter a Traveller a k tomu dod\u00e1vky Partner, Expert a Boxer.<\/strong><!--more--><\/p>\n<p>&#8222;V lo\u0148sk\u00e9m roce se n\u00e1m neda\u0159ily prodeje podle p\u0159edstav, nem\u011bli jsme dostatek vozidel z v\u00fdroby. Letos ale, pokud p\u016fjde v\u00fdroba podle pl\u00e1nu, m\u016f\u017eeme registrovat a\u017e 8500 aut. Vid\u00edme rostouc\u00ed z\u00e1jem u soukromn\u00edk\u016f i flotilov\u00fdch mana\u017eer\u016f. Ned\u00e1vno jsme nap\u0159\u00edklad s modelem 2008 vyhr\u00e1li tendr Zl\u00ednsk\u00e9ho kraje. Z\u00e1jem je i o nov\u00fd Rifter, u\u017e te\u010f evidujeme 1000 klientsk\u00fdch objedn\u00e1vek,&#8220; \u0159ekl z\u00e1stupc\u016fm tisku \u0161\u00e9f importu.<\/p>\n<p>Hlavn\u00ed novinkou leto\u0161ka m\u00e1 b\u00fdt nov\u00e1 verze modelu 3008, kter\u00e1 nab\u00eddne n\u011bkolik variant v\u010detn\u011b pln\u011b elektrick\u00e9ho pohonu, plug-inu a mild hybridn\u00edho pohonu. V\u016fz se poprv\u00e9 objevil na trhu v roce 2011, jeho posledn\u00ed facelift se konal v roce 2021.<\/p>\n<p><img loading=\"lazy\" decoding=\"async\" class=\"alignnone size-medium wp-image-4468\" src=\"http:\/\/www.automakers.cz\/wp-content\/uploads\/2024\/06\/Peugeot-Radotin-rada-900x675.jpg\" alt=\"\" width=\"900\" height=\"675\" srcset=\"https:\/\/www.automakers.cz\/wp-content\/uploads\/2024\/06\/Peugeot-Radotin-rada-900x675.jpg 900w, https:\/\/www.automakers.cz\/wp-content\/uploads\/2024\/06\/Peugeot-Radotin-rada-1024x768.jpg 1024w, https:\/\/www.automakers.cz\/wp-content\/uploads\/2024\/06\/Peugeot-Radotin-rada-768x576.jpg 768w, https:\/\/www.automakers.cz\/wp-content\/uploads\/2024\/06\/Peugeot-Radotin-rada-1536x1152.jpg 1536w, https:\/\/www.automakers.cz\/wp-content\/uploads\/2024\/06\/Peugeot-Radotin-rada.jpg 2040w\" sizes=\"auto, (max-width: 900px) 100vw, 900px\" \/>Peugeot 3008 se vyr\u00e1b\u00ed v tov\u00e1rn\u011b v Sochaux ve Francii, je prvn\u00edm modelem, kter\u00fd vyu\u017e\u00edv\u00e1 novou platformu STLA Medium skupiny Stellantis. Tato platforma slibuje pro elektrickou verzi dojezd a\u017e 680 km, dobu nab\u00edjen\u00ed 30 minut) a online slu\u017eby (nap\u0159. aktualizace \u201eOver The Air\u201c).<\/p>\n<p><img loading=\"lazy\" decoding=\"async\" class=\"alignnone size-medium wp-image-4481\" src=\"http:\/\/www.automakers.cz\/wp-content\/uploads\/2024\/06\/Peugeot-TK-Radotin-tiskovka-900x600.webp\" alt=\"\" width=\"900\" height=\"600\" srcset=\"https:\/\/www.automakers.cz\/wp-content\/uploads\/2024\/06\/Peugeot-TK-Radotin-tiskovka-900x600.webp 900w, https:\/\/www.automakers.cz\/wp-content\/uploads\/2024\/06\/Peugeot-TK-Radotin-tiskovka-1024x683.webp 1024w, https:\/\/www.automakers.cz\/wp-content\/uploads\/2024\/06\/Peugeot-TK-Radotin-tiskovka-768x512.webp 768w, https:\/\/www.automakers.cz\/wp-content\/uploads\/2024\/06\/Peugeot-TK-Radotin-tiskovka.webp 1200w\" sizes=\"auto, (max-width: 900px) 100vw, 900px\" \/>Nov\u00fd 3008 startuje v akci na 749 000 korun\u00e1ch, prodeje m\u00e1 podpo\u0159it oper\u00e1k pro soukromn\u00edky s n\u00edzk\u00fdmi spl\u00e1tkami.<\/p>\n<p><strong>Erich Handl, Radot\u00edn, FOTO: Peugeot a autor<br \/>\n<\/strong><\/p>\n<p><img loading=\"lazy\" decoding=\"async\" class=\"alignnone size-medium wp-image-4469\" src=\"http:\/\/www.automakers.cz\/wp-content\/uploads\/2024\/06\/Peugeot-Radotin-kolaz-900x900.jpg\" alt=\"\" width=\"900\" height=\"900\" srcset=\"https:\/\/www.automakers.cz\/wp-content\/uploads\/2024\/06\/Peugeot-Radotin-kolaz-900x900.jpg 900w, https:\/\/www.automakers.cz\/wp-content\/uploads\/2024\/06\/Peugeot-Radotin-kolaz-1024x1024.jpg 1024w, https:\/\/www.automakers.cz\/wp-content\/uploads\/2024\/06\/Peugeot-Radotin-kolaz-768x768.jpg 768w, https:\/\/www.automakers.cz\/wp-content\/uploads\/2024\/06\/Peugeot-Radotin-kolaz.jpg 1080w\" sizes=\"auto, (max-width: 900px) 100vw, 900px\" \/><\/p>\n<p><img loading=\"lazy\" decoding=\"async\" class=\"alignnone size-medium wp-image-4476\" src=\"http:\/\/www.automakers.cz\/wp-content\/uploads\/2024\/06\/Peugeot-Rifter-Radotin-900x600.jpg\" alt=\"\" width=\"900\" height=\"600\" srcset=\"https:\/\/www.automakers.cz\/wp-content\/uploads\/2024\/06\/Peugeot-Rifter-Radotin-900x600.jpg 900w, https:\/\/www.automakers.cz\/wp-content\/uploads\/2024\/06\/Peugeot-Rifter-Radotin-1024x683.jpg 1024w, https:\/\/www.automakers.cz\/wp-content\/uploads\/2024\/06\/Peugeot-Rifter-Radotin-768x512.jpg 768w, https:\/\/www.automakers.cz\/wp-content\/uploads\/2024\/06\/Peugeot-Rifter-Radotin.jpg 1200w\" sizes=\"auto, (max-width: 900px) 100vw, 900px\" \/><\/p>\n","protected":false},"excerpt":{"rendered":"<p>\u0160\u00e9f Peugeotu Marco Venturini svolal novin\u00e1\u0159e na nejv\u011bt\u0161\u00ed medi\u00e1ln\u00ed prezentaci leto\u0161n\u00edho roku do radot\u00ednsk\u00e9 Vindy\u0161ovy&#8230;<\/p>\n","protected":false},"author":1,"featured_media":4473,"comment_status":"closed","ping_status":"closed","sticky":false,"template":"","format":"standard","meta":{"footnotes":""},"categories":[12,20],"tags":[],"class_list":["post-4461","post","type-post","status-publish","format-standard","has-post-thumbnail","hentry","category-premiery","category-tiskovky"],"_links":{"self":[{"href":"https:\/\/www.automakers.cz\/index.php?rest_route=\/wp\/v2\/posts\/4461","targetHints":{"allow":["GET"]}}],"collection":[{"href":"https:\/\/www.automakers.cz\/index.php?rest_route=\/wp\/v2\/posts"}],"about":[{"href":"https:\/\/www.automakers.cz\/index.php?rest_route=\/wp\/v2\/types\/post"}],"author":[{"embeddable":true,"href":"https:\/\/www.automakers.cz\/index.php?rest_route=\/wp\/v2\/users\/1"}],"replies":[{"embeddable":true,"href":"https:\/\/www.automakers.cz\/index.php?rest_route=%2Fwp%2Fv2%2Fcomments&post=4461"}],"version-history":[{"count":15,"href":"https:\/\/www.automakers.cz\/index.php?rest_route=\/wp\/v2\/posts\/4461\/revisions"}],"predecessor-version":[{"id":4482,"href":"https:\/\/www.automakers.cz\/index.php?rest_route=\/wp\/v2\/posts\/4461\/revisions\/4482"}],"wp:featuredmedia":[{"embeddable":true,"href":"https:\/\/www.automakers.cz\/index.php?rest_route=\/wp\/v2\/media\/4473"}],"wp:attachment":[{"href":"https:\/\/www.automakers.cz\/index.php?rest_route=%2Fwp%2Fv2%2Fmedia&parent=4461"}],"wp:term":[{"taxonomy":"category","embeddable":true,"href":"https:\/\/www.automakers.cz\/index.php?rest_route=%2Fwp%2Fv2%2Fcategories&post=4461"},{"taxonomy":"post_tag","embeddable":true,"href":"https:\/\/www.automakers.cz\/index.php?rest_route=%2Fwp%2Fv2%2Ftags&post=4461"}],"curies":[{"name":"wp","href":"https:\/\/api.w.org\/{rel}","templated":true}]}}