{"id":4493,"date":"2024-06-05T11:02:09","date_gmt":"2024-06-05T11:02:09","guid":{"rendered":"https:\/\/www.automakers.cz\/?p=4493"},"modified":"2024-06-05T11:02:09","modified_gmt":"2024-06-05T11:02:09","slug":"csob-euro-pouziva-polovina-firem-v-cr","status":"publish","type":"post","link":"https:\/\/www.automakers.cz\/?p=4493","title":{"rendered":"\u010cSOB: Euro pou\u017e\u00edv\u00e1 polovina firem v \u010cR"},"content":{"rendered":"<p><strong>Euro je ve firemn\u00edm sektoru v\u00a0\u010cesk\u00e9 republice \u0161iroce pou\u017e\u00edvan\u00e9 a st\u0159edn\u00ed a v\u011bt\u0161\u00ed firmy by u\u017e bez jednotn\u00e9 evropsk\u00e9 m\u011bny ani nemohly fungovat. <\/strong><span id=\"more-1217\"><\/span><!--more--><\/p>\n<p>Euro p\u0159i sv\u00e9 \u010dinnosti vyu\u017e\u00edv\u00e1 t\u00e9m\u011b\u0159 polovina firem a podnikatel\u016f a v p\u0159\u00edpad\u011b firem s obratem nad 40 mili\u00f3n\u016f korun jsou to dokonce \u010dty\u0159i p\u011btiny. Vypl\u00fdv\u00e1 to z pr\u016fzkumu \u010cSOB Index o\u010dek\u00e1v\u00e1n\u00ed firem.\u00a0<strong>\u00a0<\/strong><\/p>\n<p>Zat\u00edmco o p\u0159echodu od \u010desk\u00e9 koruny k euru se vedou politick\u00e9, ekonomick\u00e9 i spole\u010densk\u00e9 debaty, mezi firmami a podnikateli se n\u00e1lada postupn\u011b obrac\u00ed ve prosp\u011bch vstupu do euroz\u00f3ny, ve kter\u00e9 je nyn\u00ed 20 z celkem 27 zem\u00ed Evropsk\u00e9 unie.<\/p>\n<p><em>\u201eV leto\u0161n\u00edm roce jsme se v\u00a0r\u00e1mci Indexu o\u010dek\u00e1v\u00e1n\u00ed firem poprv\u00e9 zam\u011b\u0159ili i na hloubkov\u00e9 prov\u011b\u0159en\u00ed stavu \u201aeurizace\u2018 \u010desk\u00e9ho podnikatelsk\u00e9ho prost\u0159ed\u00ed. Potvrdilo se, \u017ee na\u0161e firmy a podnikatel\u00e9 jsou s\u00a0eurem siln\u011b propojeni a naprosto standardn\u011b ho vyu\u017e\u00edvaj\u00ed ve sv\u00e9 obchodn\u00ed \u010dinnosti \u2013 od zahrani\u010dn\u00edch plateb, p\u0159es tr\u017eby z prodeje v\u00fdrobk\u016f a dom\u00e1c\u00ed platby, ke spl\u00e1cen\u00ed \u00fav\u011br\u016f a \u00fa\u010detnictv\u00ed a\u017e po v\u00fdplaty a hrazen\u00ed n\u00e1jm\u016f. Lze p\u0159edpokl\u00e1dat, \u017ee prov\u00e1zanost na\u0161\u00ed ekonomiky s eurem se bude d\u00e1l prohlubovat,\u201c <\/em>uv\u00e1d\u00ed <strong>Pavel Prokop, v\u00fdkonn\u00fd \u0159editel firemn\u00edho bankovnictv\u00ed \u010cSOB.<\/strong><strong>\u00a0<\/strong><\/p>\n<p>Podnikatel\u00e9 vyu\u017e\u00edvaj\u00ed euro nej\u010dast\u011bji p\u0159i platebn\u00edm styku se zahrani\u010dn\u00edmi odb\u011brateli nebo dodavateli, takov\u00fdch je dokonce 82 procent. <em>\u201eAno, plat\u00edm v\u00a0eurech za materi\u00e1l, kter\u00fd pou\u017e\u00edv\u00e1me v\u00a0provozu,\u201c<\/em> \u0159\u00edk\u00e1 Jan Kr\u00e1l, majitel firmy Janova pec. <em>\u201eKdy\u017e importujeme n\u011bjak\u00fd materi\u00e1l, tak platby prob\u00edhaj\u00ed v\u00a0eurech,\u201c <\/em>p\u0159id\u00e1v\u00e1 se Libor Kr\u00e1\u010dal\u00edk, jednatel spole\u010dnosti Hydraulics Slopn\u00e9. Hned 34 procent dotazovan\u00fdch plat\u00ed v\u00a0eurech i tuzemsk\u00fdm dodavatel\u016fm a odb\u011bratel\u016fm.<\/p>\n<p>V\u00edce ne\u017e polovina firem a podnikatel\u016f nab\u00edz\u00ed sv\u00e9 produkty a slu\u017eby i v\u00a0eurech. Zhruba p\u011btina spl\u00e1c\u00ed v\u00a0eurech \u00fav\u011bry a vyu\u017e\u00edv\u00e1 kurzov\u00e9 zaji\u0161t\u011bn\u00ed. Dal\u0161\u00edch 16 procent vede \u00fa\u010detnictv\u00ed v\u00a0eurech a sedm procent vypl\u00e1c\u00ed v\u00a0eurech mzdy nebo odm\u011bny.<\/p>\n<p>Firmy a podnikatel\u00e9 p\u0159itom v\u00a0dohledn\u00e9 dob\u011b p\u0159\u00edli\u0161 nev\u011b\u0159\u00ed v siln\u011bj\u0161\u00ed \u010deskou m\u011bnu, kter\u00e1 se nyn\u00ed pohybuje kolem hladiny 24,7 koruny za euro. V polovin\u011b leto\u0161n\u00edho roku o\u010dek\u00e1vaj\u00ed podniky a \u017eivnostn\u00edci kurz eura ke korun\u011b v\u00a0pr\u016fm\u011bru za 25,2 K\u010d\/EUR, na konci roku pak jen o desetn\u00edk levn\u011bji. Jejich o\u010dek\u00e1v\u00e1n\u00ed jsou tak zhruba v\u00a0souladu s\u00a0predikc\u00ed \u010cesk\u00e9 n\u00e1rodn\u00ed banky.<\/p>\n<p><strong><em>Tabulka: Oblasti vyu\u017e\u00edv\u00e1n\u00ed eura u firem a podnikatel\u016f v \u010cR<\/em><\/strong><\/p>\n<table>\n<tbody>\n<tr>\n<td width=\"321\"><\/td>\n<td width=\"132\">Pod\u00edl (%)<\/td>\n<\/tr>\n<tr>\n<td width=\"321\">Platby zahrani\u010dn\u00edm dodavatel\u016fm \/ odb\u011bratel\u016fm<\/td>\n<td width=\"132\">81,7<\/td>\n<\/tr>\n<tr>\n<td width=\"321\">Nab\u00eddka produkt\u016f a slu\u017eeb<\/td>\n<td width=\"132\">54,4<\/td>\n<\/tr>\n<tr>\n<td width=\"321\">Platby tuzemsk\u00fdm dodavatel\u016fm \/ odb\u011bratel\u016fm<\/td>\n<td width=\"132\">34,4<\/td>\n<\/tr>\n<tr>\n<td width=\"321\">Spl\u00e1cen\u00ed \u00fav\u011br\u016f<\/td>\n<td width=\"132\">20,6<\/td>\n<\/tr>\n<tr>\n<td width=\"321\">Vyu\u017e\u00edv\u00e1n\u00ed kurzov\u00e9ho zaji\u0161t\u011bn\u00ed<\/td>\n<td width=\"132\">18,3<\/td>\n<\/tr>\n<tr>\n<td width=\"321\">Veden\u00ed \u00fa\u010detnictv\u00ed<\/td>\n<td width=\"132\">15,6<\/td>\n<\/tr>\n<tr>\n<td width=\"321\">Mzdy nebo \u010d\u00e1st odm\u011b\u0148ov\u00e1n\u00ed<\/td>\n<td width=\"132\">6,7<\/td>\n<\/tr>\n<tr>\n<td width=\"321\">Platba za n\u00e1jem (i \u010d\u00e1ste\u010dn\u011b)<\/td>\n<td width=\"132\">6,1<\/td>\n<\/tr>\n<\/tbody>\n<\/table>\n<p><strong>Zdroj: CzechBanking.cz<\/strong><\/p>\n","protected":false},"excerpt":{"rendered":"<p>Euro je ve firemn\u00edm sektoru v\u00a0\u010cesk\u00e9 republice \u0161iroce pou\u017e\u00edvan\u00e9 a st\u0159edn\u00ed a v\u011bt\u0161\u00ed firmy by&#8230;<\/p>\n","protected":false},"author":1,"featured_media":1218,"comment_status":"closed","ping_status":"closed","sticky":false,"template":"","format":"standard","meta":{"footnotes":""},"categories":[45,6],"tags":[],"class_list":["post-4493","post","type-post","status-publish","format-standard","has-post-thumbnail","hentry","category-finance","category-management"],"_links":{"self":[{"href":"https:\/\/www.automakers.cz\/index.php?rest_route=\/wp\/v2\/posts\/4493","targetHints":{"allow":["GET"]}}],"collection":[{"href":"https:\/\/www.automakers.cz\/index.php?rest_route=\/wp\/v2\/posts"}],"about":[{"href":"https:\/\/www.automakers.cz\/index.php?rest_route=\/wp\/v2\/types\/post"}],"author":[{"embeddable":true,"href":"https:\/\/www.automakers.cz\/index.php?rest_route=\/wp\/v2\/users\/1"}],"replies":[{"embeddable":true,"href":"https:\/\/www.automakers.cz\/index.php?rest_route=%2Fwp%2Fv2%2Fcomments&post=4493"}],"version-history":[{"count":2,"href":"https:\/\/www.automakers.cz\/index.php?rest_route=\/wp\/v2\/posts\/4493\/revisions"}],"predecessor-version":[{"id":4495,"href":"https:\/\/www.automakers.cz\/index.php?rest_route=\/wp\/v2\/posts\/4493\/revisions\/4495"}],"wp:featuredmedia":[{"embeddable":true,"href":"https:\/\/www.automakers.cz\/index.php?rest_route=\/wp\/v2\/media\/1218"}],"wp:attachment":[{"href":"https:\/\/www.automakers.cz\/index.php?rest_route=%2Fwp%2Fv2%2Fmedia&parent=4493"}],"wp:term":[{"taxonomy":"category","embeddable":true,"href":"https:\/\/www.automakers.cz\/index.php?rest_route=%2Fwp%2Fv2%2Fcategories&post=4493"},{"taxonomy":"post_tag","embeddable":true,"href":"https:\/\/www.automakers.cz\/index.php?rest_route=%2Fwp%2Fv2%2Ftags&post=4493"}],"curies":[{"name":"wp","href":"https:\/\/api.w.org\/{rel}","templated":true}]}}