{"id":4501,"date":"2024-06-06T06:36:37","date_gmt":"2024-06-06T06:36:37","guid":{"rendered":"https:\/\/www.automakers.cz\/?p=4501"},"modified":"2024-06-06T15:37:35","modified_gmt":"2024-06-06T15:37:35","slug":"sda-secetl-kvetnove-registrace-aut","status":"publish","type":"post","link":"https:\/\/www.automakers.cz\/?p=4501","title":{"rendered":"SDA se\u010detl kv\u011btnov\u00e9 registrace aut"},"content":{"rendered":"<p><strong>Za prvn\u00edch p\u011bt m\u011bs\u00edc\u016f leto\u0161n\u00edho roku se registrace nov\u00fdch osobn\u00edch automobil\u016f meziro\u010dn\u011b zv\u00fd\u0161ily o 1,91 %. Registrace \u010dist\u011b elektrick\u00fdch OA vzrostly o 11,5 % a program Z\u00e1ruka MPO tak nyn\u00ed dorovn\u00e1v\u00e1 pokles zaznamenan\u00fd v prvn\u00edch t\u0159ech m\u011bs\u00edc\u00edch leto\u0161n\u00edho roku, hybridn\u00ed vozy zaznamenaly n\u00e1r\u016fst o 34,7 %.<\/strong> <!--more--><\/p>\n<p>Nejv\u00edce elektrick\u00fdch osobn\u00edch automobil\u016f prodaly zna\u010dky Tesla, \u0160koda, Hyundai, Volvo a BMW. Vozy kategorie SUV se na celkov\u00fdch prodej\u00edch OA pod\u00edlej\u00ed ji\u017e v\u00edce ne\u017e 47 %.<\/p>\n<p>Meziro\u010dn\u00ed n\u00e1r\u016fst vyk\u00e1zaly i ostatn\u00ed kategorie vozidel s v\u00fdjimkou velk\u00fdch n\u00e1kladn\u00edch automobil\u016f. V obdob\u00ed 1\u20115\/2024 bylo v \u010cR registrov\u00e1no celkem 96 887 nov\u00fdch osobn\u00edch automobil\u016f, 9 617 lehk\u00fdch u\u017eitkov\u00fdch automobil\u016f, 430 autobus\u016f, 3 865 n\u00e1kladn\u00edch vozidel, 12 744 motocykl\u016f.<\/p>\n<p>Za stejn\u00e9 obdob\u00ed minul\u00e9ho roku to bylo 95 068 osobn\u00edch automobil\u016f, 8 603 lehk\u00fdch u\u017eitkov\u00fdch automobil\u016f, 241 autobus\u016f, 4 350 n\u00e1kladn\u00edch vozidel a 11 796 motocykl\u016f.<\/p>\n<p>Celkov\u011b registrace nov\u00fdch osobn\u00edch automobil\u016f vzrostly oproti 1\u20115\/2023 o 1,91 % (z 95 068 ks na 96 887 ks, tj. o 1 819 ks).<\/p>\n<p>V kv\u011btnu klesly meziro\u010dn\u011b o 2,77 %.<\/p>\n<p>Prvn\u00ed je zna\u010dka \u0160koda s 33 335 registrovan\u00fdmi osobn\u00edmi vozy (34,41 %), n\u00e1sleduj\u00ed Hyundai \u2013 9 132 ks (9,43 %), Toyota \u2013 8 419 ks (8,69 %), Volkswagen \u2013 6 251 ks (6,45 %), Kia \u2013 4 069 ks (4,20 %), Dacia \u2013 3 795 ks (3,92 %), Mercedes-Benz \u2013 3 079 ks (3,18 %), BMW \u2013 2 505 ks (2,59 %), Volvo \u2013 2 238 ks (2,31 %), Ford \u2013 2 213 ks (2,28 %), atd.<\/p>\n<p>Volvo se v leto\u0161n\u00edm roce dostalo do prvn\u00ed des\u00edtky nejprod\u00e1van\u011bj\u0161\u00edch zna\u010dek OA \u2013 nap\u0159. v lo\u0148sk\u00e9m kv\u011btnu bylo na 16. m\u00edst\u011b, zat\u00edmco v leto\u0161n\u00edm na 8. m\u00edst\u011b.<\/p>\n<p><strong>NEJPROD\u00c1VAN\u011aJ\u0160\u00cd MODELY<\/strong><\/p>\n<p>Nejprod\u00e1van\u011bj\u0161\u00edmi osobn\u00edmi vozy jsou \u0160koda OCTAVIA s 10 163 ks (10,49 %), d\u00e1le \u0160koda SCALA \u2013 4 254 ks (4,39 %), Hyundai i30 \u2013 4 130 ks (4,26 %), \u0160koda KODIAQ \u2013 4 097 ks (4,23 %), \u0160koda KAMIQ \u2013 4 035 ks (4,16 %), \u0160koda FABIA \u2013 3 814 ks (3,94 %), \u0160koda KAROQ \u2013 3 754 ks (3,87 %), \u0160koda SUPERB \u2013 2 819 ks (2,91 %), Hyundai TUCSON \u2013 2 571 ks (2,65 %), Dacia DUSTER \u2013 2 011 ks (2,08 %), atd.<\/p>\n<p>Z pohledu obchodn\u00edch t\u0159\u00edd jsou na prvn\u00edm m\u00edst\u011b SUV s 45 634 registrovan\u00fdmi vozy (47,10 %). Z hlediska paliva vede benz\u00edn s 66,57 %, pod\u00edl nafty povyrostl na 25,19 % (v kv\u011btnu 27,97 %).<\/p>\n<p>Registrace OA s alternativn\u00edm pohonem meziro\u010dn\u011b stouply o 31,13 % (z 19 964 na 26 178 voz\u016f). Po\u010det registrovan\u00fdch elektromobil\u016f narostl o 11,15 % (v samotn\u00e9m kv\u011btnu je meziro\u010dn\u00ed n\u00e1r\u016fst 30,65 %). Hybridn\u00ed vozy celkov\u011b meziro\u010dn\u011b vzrostly o 34,7 % (21 452 vs. 15 929 voz\u016f), z toho plug-in hybridy o 13,6 % (z 2 097 na 2 382 ks). Na celkov\u00e9m po\u010dtu registrovan\u00fdch OA se \u010dist\u011b elektrick\u00e9 vozy pod\u00edlej\u00ed 2,71 %, hybridn\u00ed 22,14 %.<\/p>\n<p>Pod\u00edl firemn\u00edch automobil\u016f na registrac\u00edch byl 73 %, priv\u00e1tn\u00edch 27 %. Po\u010det dovezen\u00fdch ojet\u00fdch OA klesl meziro\u010dn\u011b o 10,7 % na 59 959 ks. Jejich pr\u016fm\u011brn\u00e9 st\u00e1\u0159\u00ed je 10,5 roku, p\u0159i\u010dem\u017e pod\u00edl vozidel star\u0161\u00edch 10 let \u010din\u00ed 48,91 %, z toho star\u0161\u00edch 15 let je 22,82 %.<\/p>\n<p>Registrace lehk\u00fdch u\u017eitkov\u00fdch automobil\u016f zaznamenaly meziro\u010dn\u00ed n\u00e1r\u016fst o 11,79 % (z 8 603 na 9 617 ks, tj. o 1 014 ks). V kv\u011btnu meziro\u010dn\u011b klesly o 6,84 %.<\/p>\n<p>Prvn\u00ed je zna\u010dka Renault s 1 436 registrovan\u00fdmi lehk\u00fdmi u\u017eitkov\u00fdmi vozy (14,93 %), n\u00e1sleduj\u00ed Toyota \u2013 1 248 ks (12,98 %), Ford \u2013 1 214 ks (12,62 %), Volkswagen \u2013 1 114 ks (11,58 %), Opel \u2013 924 ks (9,61 %), Citro\u00ebn \u2013 709 ks (7,37 %), Peugeot \u2013 706 ks (7,34 %), Fiat \u2013 596 ks (6,20 %), Iveco \u2013 544 ks (5,66 %), Mercedes-Benz \u2013 487 ks (5,06 %), atd.<\/p>\n<p>Registrace n\u00e1kladn\u00edch vozidel ve srovn\u00e1n\u00ed s lo\u0148sk\u00fdm rokem klesly o 11,15 % (ze 4 350 ks na 3 865 ks, tj. o 485 ks). V kv\u011btnu meziro\u010dn\u011b klesly o 11,45 %.<\/p>\n<p><strong>Podrobn\u00e9 tabulky jsou uvedeny v sekci Statistika na http:\/\/portal.sda-cia.cz\/.<\/strong><\/p>\n","protected":false},"excerpt":{"rendered":"<p>Za prvn\u00edch p\u011bt m\u011bs\u00edc\u016f leto\u0161n\u00edho roku se registrace nov\u00fdch osobn\u00edch automobil\u016f meziro\u010dn\u011b zv\u00fd\u0161ily o 1,91&#8230;<\/p>\n","protected":false},"author":1,"featured_media":3266,"comment_status":"closed","ping_status":"closed","sticky":false,"template":"","format":"standard","meta":{"footnotes":""},"categories":[48,10],"tags":[],"class_list":["post-4501","post","type-post","status-publish","format-standard","has-post-thumbnail","hentry","category-registrace","category-statistika"],"_links":{"self":[{"href":"https:\/\/www.automakers.cz\/index.php?rest_route=\/wp\/v2\/posts\/4501","targetHints":{"allow":["GET"]}}],"collection":[{"href":"https:\/\/www.automakers.cz\/index.php?rest_route=\/wp\/v2\/posts"}],"about":[{"href":"https:\/\/www.automakers.cz\/index.php?rest_route=\/wp\/v2\/types\/post"}],"author":[{"embeddable":true,"href":"https:\/\/www.automakers.cz\/index.php?rest_route=\/wp\/v2\/users\/1"}],"replies":[{"embeddable":true,"href":"https:\/\/www.automakers.cz\/index.php?rest_route=%2Fwp%2Fv2%2Fcomments&post=4501"}],"version-history":[{"count":3,"href":"https:\/\/www.automakers.cz\/index.php?rest_route=\/wp\/v2\/posts\/4501\/revisions"}],"predecessor-version":[{"id":4504,"href":"https:\/\/www.automakers.cz\/index.php?rest_route=\/wp\/v2\/posts\/4501\/revisions\/4504"}],"wp:featuredmedia":[{"embeddable":true,"href":"https:\/\/www.automakers.cz\/index.php?rest_route=\/wp\/v2\/media\/3266"}],"wp:attachment":[{"href":"https:\/\/www.automakers.cz\/index.php?rest_route=%2Fwp%2Fv2%2Fmedia&parent=4501"}],"wp:term":[{"taxonomy":"category","embeddable":true,"href":"https:\/\/www.automakers.cz\/index.php?rest_route=%2Fwp%2Fv2%2Fcategories&post=4501"},{"taxonomy":"post_tag","embeddable":true,"href":"https:\/\/www.automakers.cz\/index.php?rest_route=%2Fwp%2Fv2%2Ftags&post=4501"}],"curies":[{"name":"wp","href":"https:\/\/api.w.org\/{rel}","templated":true}]}}