{"id":4511,"date":"2024-06-06T06:49:38","date_gmt":"2024-06-06T06:49:38","guid":{"rendered":"https:\/\/www.automakers.cz\/?p=4511"},"modified":"2024-06-06T15:56:31","modified_gmt":"2024-06-06T15:56:31","slug":"volvo-zahajuje-vyrobu-elektrickeho-ex90","status":"publish","type":"post","link":"https:\/\/www.automakers.cz\/?p=4511","title":{"rendered":"Volvo zahajuje v\u00fdrobu elektrick\u00e9ho EX90"},"content":{"rendered":"<p><strong>Z\u00e1vod Volvo Cars pobl\u00ed\u017e Charlestonu v Ji\u017en\u00ed Karol\u00edn\u011b zah\u00e1jil v\u00fdrobu vlajkov\u00e9ho modelu, pln\u011b elektrick\u00e9ho SUV s ozna\u010den\u00edm EX90. Prvn\u00ed dod\u00e1vky z\u00e1kazn\u00edk\u016fm jsou napl\u00e1nov\u00e1ny na druhou polovinu tohoto roku.<\/strong><!--more--><\/p>\n<p>Volvo EX90 nejen\u017ee roz\u0161i\u0159uje na\u0161e portfolio pln\u011b elektrick\u00fdch voz\u016f, ale p\u0159edstavuje tak\u00e9 z\u00e1sadn\u00ed posun pro na\u0161i spole\u010dnost: jde o prvn\u00ed v\u016fz zna\u010dky Volvo funguj\u00edc\u00ed na v\u00fdkonn\u00e9 v\u00fdpo\u010detn\u00ed technologii, kter\u00e1 zaji\u0161\u0165uje novou \u00e9ru bezpe\u010dnosti na\u0161ich voz\u016f.<\/p>\n<p>Prvn\u00edm exempl\u00e1\u0159em EX90 kter\u00fd sjel z v\u00fdrobn\u00ed linky v Charlestonu a je ur\u010den pro z\u00e1kazn\u00edka, byl impozantn\u00ed v\u016fz v barv\u011b Denim Blue, jen\u017e bude dod\u00e1n sv\u00e9mu majiteli v USA je\u0161t\u011b letos.<\/p>\n<p><em><i>\u201ePln\u011b elektrick\u00e9 Volvo EX90 je za\u010d\u00e1tkem nov\u00e9 \u00e9ry pro Volvo Cars \u2013 \u00e9ry bezpe\u010dnosti, udr\u017eitelnosti a technologi\u00ed zam\u011b\u0159en\u00fdch na \u010dlov\u011bka,\u201c \u0159\u00edk\u00e1 n\u00e1\u0161 gener\u00e1ln\u00ed \u0159editel Jim Rowan. \u201eEX90 je s\u00a0velkou p\u00e9\u010d\u00ed vyr\u00e1b\u011bno v USA a odr\u00e1\u017e\u00ed n\u00e1\u0161 dlouhodob\u00fd z\u00e1vazek v\u016f\u010di na\u0161im lidem v Ji\u017en\u00ed Karol\u00edn\u011b a \u0161ir\u0161\u00edmu americk\u00e9mu trhu.\u201c<\/i><\/em><\/p>\n<p><img loading=\"lazy\" decoding=\"async\" class=\"size-medium wp-image-4552\" src=\"http:\/\/www.automakers.cz\/wp-content\/uploads\/2024\/06\/328912_EX90_SOP_Hero1-900x600.jpg\" alt=\"\" width=\"900\" height=\"600\" srcset=\"https:\/\/www.automakers.cz\/wp-content\/uploads\/2024\/06\/328912_EX90_SOP_Hero1-900x600.jpg 900w, https:\/\/www.automakers.cz\/wp-content\/uploads\/2024\/06\/328912_EX90_SOP_Hero1-1024x682.jpg 1024w, https:\/\/www.automakers.cz\/wp-content\/uploads\/2024\/06\/328912_EX90_SOP_Hero1-768x512.jpg 768w, https:\/\/www.automakers.cz\/wp-content\/uploads\/2024\/06\/328912_EX90_SOP_Hero1-1536x1024.jpg 1536w, https:\/\/www.automakers.cz\/wp-content\/uploads\/2024\/06\/328912_EX90_SOP_Hero1.jpg 2000w\" sizes=\"auto, (max-width: 900px) 100vw, 900px\" \/><\/p>\n<p><strong><b>Tov\u00e1rna v Ji\u017en\u00ed Karol\u00edn\u011b<\/b><\/strong><\/p>\n<p>Prvn\u00ed v\u00fdrobn\u00ed z\u00e1vod Volvo Cars ve Spojen\u00fdch st\u00e1tech byl otev\u0159en v l\u00e9t\u011b roku 2018 nedaleko Charlestonu, jednoho z nejstar\u0161\u00edch a nejv\u00fdznamn\u011bj\u0161\u00edch m\u011bst v zemi. Dnes vyr\u00e1b\u00ed jihokarol\u00ednsk\u00e1 tov\u00e1rna modely EX90 a sedan S60 a jej\u00ed kapacita je a\u017e 150 000 voz\u016f ro\u010dn\u011b.<\/p>\n<p>V posledn\u00edch letech jsme do z\u00e1vodu v\u00a0Ji\u017en\u00ed Karol\u00edn\u011b v\u00fdznamn\u011b investovali. Karos\u00e1rna a lakovna byly roz\u0161\u00ed\u0159eny a modernizov\u00e1ny a z\u00e1vod nyn\u00ed tak\u00e9 disponuje \u0161pi\u010dkovou v\u00fdrobn\u00ed linkou na trak\u010dn\u00ed baterie.<\/p>\n<p>D\u00edky t\u011bmto investic\u00edm jsou na\u0161e v\u00fdrobn\u00ed mo\u017enosti v USA dob\u0159e p\u0159ipraveny na nadch\u00e1zej\u00edc\u00ed novou historickou \u00e9ru a odr\u00e1\u017eej\u00ed n\u00e1\u0161 dlouhodob\u00fd z\u00e1vazek v\u016f\u010di Ji\u017en\u00ed Karol\u00edn\u011b a Spojen\u00fdm st\u00e1t\u016fm, kde Volvo Cars p\u016fsob\u00ed t\u00e9m\u011b\u0159 70 let prost\u0159ednictv\u00edm rozs\u00e1hl\u00e9 s\u00edt\u011b 281 prodejc\u016f ve 47 st\u00e1tech.<\/p>\n<p><strong><b>Pln\u011b elektrick\u00fd pr\u016fkopn\u00edk<\/b><\/strong><\/p>\n<p>Model EX90 je postaven na nov\u00e9 generaci na\u0161\u00ed pln\u011b elektrick\u00e9 platformy a nab\u00eddne dojezd na jedno nabit\u00ed a\u017e 600 km. Je navr\u017een tak, aby byl dosud nejbezpe\u010dn\u011bj\u0161\u00edm vozem Volvo a disponuje proto nejmodern\u011bj\u0161\u00edmi technologiemi pasivn\u00ed i aktivn\u00ed bezpe\u010dnosti a softwarem, kter\u00fd vyu\u017e\u00edv\u00e1 \u00fadaj\u016f z \u0161irok\u00e9 \u0161k\u00e1ly senzor\u016f.<\/p>\n<p>V duchu skandin\u00e1vsk\u00fdch designov\u00fdch princip\u016f nab\u00edz\u00ed EX90 vyv\u00e1\u017een\u00e9 proporce, kter\u00e9 optimalizuj\u00ed nejen estetiku tvar\u016f, ale tak\u00e9 bezpe\u010dnost a provozn\u00ed efektivitu vozu. D\u00edky pln\u011b sedmim\u00edstn\u00e9 konfiguraci je EX90 ide\u00e1ln\u00edm spole\u010dn\u00edkem pro celou rodinu, nab\u00edzej\u00edc\u00edm velk\u00fd vnit\u0159n\u00ed prostor, v\u0161estrannost a komfort.<\/p>\n<p>Model EX90 je vybaven v\u00fdkonn\u00fdm v\u00fdpo\u010detn\u00edm j\u00e1drem\u00a0vyu\u017e\u00edvaj\u00edc\u00edm potenci\u00e1l um\u011bl\u00e9 inteligence (AI). Vozy jsou st\u00e1le propojeny, p\u0159i\u010dem\u017e pr\u016fb\u011b\u017en\u011b shroma\u017e\u010fuj\u00ed a p\u0159ij\u00edmaj\u00ed data v\u00a0re\u00e1ln\u00e9m \u010dase\u00a0a mohou b\u00fdt neust\u00e1le vylep\u0161ov\u00e1ny prost\u0159ednictv\u00edm aktualizac\u00ed p\u0159es vzd\u00e1len\u00fd p\u0159\u00edstup.<\/p>\n<p><strong>Zdroj: Volvo, Petra Dole\u017ealov\u00e1<\/strong><\/p>\n<figure id=\"attachment_3353\" aria-describedby=\"caption-attachment-3353\" style=\"width: 640px\" class=\"wp-caption alignnone\"><img loading=\"lazy\" decoding=\"async\" class=\"size-full wp-image-3353\" src=\"http:\/\/www.automakers.cz\/wp-content\/uploads\/2024\/04\/Volvo-EX-90-kostel-predek.jpeg\" alt=\"\" width=\"640\" height=\"427\" \/><figcaption id=\"caption-attachment-3353\" class=\"wp-caption-text\"><strong>EX 90 se ned\u00e1vno p\u0159edvedlo v Pra\u017esk\u00e9 k\u0159i\u017eovatce<\/strong><\/figcaption><\/figure>\n","protected":false},"excerpt":{"rendered":"<p>Z\u00e1vod Volvo Cars pobl\u00ed\u017e Charlestonu v Ji\u017en\u00ed Karol\u00edn\u011b zah\u00e1jil v\u00fdrobu vlajkov\u00e9ho modelu, pln\u011b elektrick\u00e9ho SUV&#8230;<\/p>\n","protected":false},"author":1,"featured_media":3352,"comment_status":"closed","ping_status":"closed","sticky":false,"template":"","format":"standard","meta":{"footnotes":""},"categories":[9,18],"tags":[],"class_list":["post-4511","post","type-post","status-publish","format-standard","has-post-thumbnail","hentry","category-elektromobily","category-vyroba"],"_links":{"self":[{"href":"https:\/\/www.automakers.cz\/index.php?rest_route=\/wp\/v2\/posts\/4511","targetHints":{"allow":["GET"]}}],"collection":[{"href":"https:\/\/www.automakers.cz\/index.php?rest_route=\/wp\/v2\/posts"}],"about":[{"href":"https:\/\/www.automakers.cz\/index.php?rest_route=\/wp\/v2\/types\/post"}],"author":[{"embeddable":true,"href":"https:\/\/www.automakers.cz\/index.php?rest_route=\/wp\/v2\/users\/1"}],"replies":[{"embeddable":true,"href":"https:\/\/www.automakers.cz\/index.php?rest_route=%2Fwp%2Fv2%2Fcomments&post=4511"}],"version-history":[{"count":8,"href":"https:\/\/www.automakers.cz\/index.php?rest_route=\/wp\/v2\/posts\/4511\/revisions"}],"predecessor-version":[{"id":4554,"href":"https:\/\/www.automakers.cz\/index.php?rest_route=\/wp\/v2\/posts\/4511\/revisions\/4554"}],"wp:featuredmedia":[{"embeddable":true,"href":"https:\/\/www.automakers.cz\/index.php?rest_route=\/wp\/v2\/media\/3352"}],"wp:attachment":[{"href":"https:\/\/www.automakers.cz\/index.php?rest_route=%2Fwp%2Fv2%2Fmedia&parent=4511"}],"wp:term":[{"taxonomy":"category","embeddable":true,"href":"https:\/\/www.automakers.cz\/index.php?rest_route=%2Fwp%2Fv2%2Fcategories&post=4511"},{"taxonomy":"post_tag","embeddable":true,"href":"https:\/\/www.automakers.cz\/index.php?rest_route=%2Fwp%2Fv2%2Ftags&post=4511"}],"curies":[{"name":"wp","href":"https:\/\/api.w.org\/{rel}","templated":true}]}}