{"id":456,"date":"2023-11-23T08:29:10","date_gmt":"2023-11-23T08:29:10","guid":{"rendered":"https:\/\/www.automakers.cz\/?p=456"},"modified":"2023-11-23T08:29:57","modified_gmt":"2023-11-23T08:29:57","slug":"unicorn-university-porada-konferenci-emobilita","status":"publish","type":"post","link":"https:\/\/www.automakers.cz\/?p=456","title":{"rendered":"Unicorn University chyst\u00e1 online konferenci eMobilita"},"content":{"rendered":"<p><strong>Pra\u017esk\u00e1 soukrom\u00e1 Unicorn Vysok\u00e1 \u0161kola po\u0159\u00e1d\u00e1 24. listopadu dal\u0161\u00ed ze sv\u00fdch konferenc\u00ed, tentokr\u00e1t v\u011bnovanou elektromobilit\u011b. Jubilejn\u00ed 10. ro\u010dn\u00edk jednodenn\u00ed on-line konference nese n\u00e1zev Electromobility: The Future Is Now. Na t\u00e9ma trend\u016f, technologi\u00ed a inovac\u00ed v oblasti eMobility vystoup\u00ed \u0159ada expert\u016f.<\/strong><!--more--><\/p>\n<p>Konference, konan\u00e9 pravideln\u011b od roku 2013, se sna\u017e\u00ed propojit p\u0159edn\u00ed mezin\u00e1rodn\u00ed odborn\u00edky z praxe a zprost\u0159edkovat tak student\u016fm Unicorn Vysok\u00e9 \u0161koly i \u0161irok\u00e9 ve\u0159ejnosti unik\u00e1tn\u00ed vhled do aktu\u00e1ln\u00edho d\u011bn\u00ed v dan\u00e9 oblasti.<\/p>\n<p>\u201eChystan\u00e9 t\u00e9ma elektromobility nebude v\u00fdjimkou, ve\u0159ejnost i na\u0161i studenti budou m\u00edt mo\u017enost vyslechnout si nap\u0159\u00edklad p\u0159edn\u00e1\u0161ku odbornice na m\u011bstskou mobilitu Sary Teige Kals\u00e5s z norsk\u00e9ho Osla, kter\u00e1 vystoup\u00ed s p\u0159edn\u00e1\u0161kou Cesta k m\u011bst\u016fm s nulov\u00fdmi emisemi,\u201c l\u00e1k\u00e1 rektor Unicorn Vysok\u00e9 \u0161koly Jan \u010cadil a dod\u00e1v\u00e1, \u017ee Oslo je pr\u00e1vem pova\u017eov\u00e1no za hlavn\u00ed m\u011bsto eMobility, proto\u017ee nikde jinde nejezd\u00ed tolik elektromobil\u016f a nikde nen\u00ed hustota dob\u00edjec\u00ed infrastruktury tak vysok\u00e1 jako pr\u00e1v\u011b v norsk\u00e9 metropoli. Oslo nav\u00edc chce b\u00fdt do roku 2030 prvn\u00edm bezemisn\u00edm m\u011bstem na sv\u011bt\u011b.<\/p>\n<p>D\u00edky tomu, \u017ee Unicorn Vysok\u00e1 \u0161kola je sou\u010d\u00e1st\u00ed tuzemsk\u00e9 skupiny Unicorn, kter\u00e1 krom\u011b informa\u010dn\u00edch syst\u00e9m\u016f a \u0159e\u0161en\u00ed z oblasti IT, poskytuje prost\u0159ednictv\u00edm sv\u00e9 firmy ChargeUp tak\u00e9 komplexn\u00ed \u0159e\u0161en\u00ed pro dob\u00edjen\u00ed elektromobil\u016f, m\u00e1 k t\u00e9matu opravdu bl\u00edzko.<\/p>\n<p>\u201eC\u00edlem konference je zasadit t\u00e9ma eMobility do evropsk\u00e9ho kontextu a poskytnout \u00fa\u010dastn\u00edk\u016fm konference srovn\u00e1n\u00ed v pohledu na oblast eMobility prost\u0159ednictv\u00edm r\u016fzn\u00fdch typ\u016f hr\u00e1\u010d\u016f na trhu s eMobilitou. T\u00edmto trendem se dnes zab\u00fdv\u00e1 skute\u010dn\u011b \u201acel\u00fd sv\u011bt\u2018 a p\u0159echod od spalovac\u00edch motor\u016f k elektromobilit\u011b je zejm\u00e9na v osobn\u00ed doprav\u011b neodvratn\u00fd,\u201c mysl\u00ed si obchodn\u00ed \u0159editel spole\u010dnosti ChargeUp Daniel \u0160ev\u010d\u00edk.<\/p>\n<p>ChargeUp, za kterou na konferenci vystoup\u00ed obchodn\u00ed mana\u017eerka Lenka Rycht\u00e1\u0159ov\u00e1, nab\u00edz\u00ed komplexn\u00ed softwarov\u00fd produkt ChargeUp pro \u0159\u00edzen\u00ed a monetizaci dob\u00edjec\u00ed infrastruktury, \u0161pi\u010dkov\u00e9 dob\u00edjec\u00ed stanice a slu\u017eby spojen\u00e9 s elektromobilitou, jako jsou nap\u0159\u00edklad konzultace, instalace stanic nebo e-mobility helpdesk pro \u0159idi\u010de.<\/p>\n<p>\u201eOblast eMobility je aktu\u00e1ln\u011b jedn\u00edm z nejrychleji rostouc\u00edch odv\u011btv\u00ed v Evrop\u011b. I my expandujeme do zahrani\u010d\u00ed, a proto na\u0161e spole\u010dnost letos vyroste minim\u00e1ln\u011b dvojn\u00e1sobn\u011b oproti lo\u0148sku. Aktu\u00e1ln\u011b n\u00e1\u0161 cloudov\u00fd produkt ChargeUp CPO pro \u0159\u00edzen\u00ed dob\u00edjec\u00ed infrastruktury poskytujeme \u0161v\u00e9dsk\u00e9mu m\u011bstu G\u00f6teborg a tak\u00e9 nov\u011b \u201ahlavn\u00edmu m\u011bstu elektromobility\u2018 norsk\u00e9mu Oslu, kde aktu\u00e1ln\u011b \u0159\u00edd\u00edme 2 500 dob\u00edjec\u00edch bod\u016f,\u201c uzav\u00edr\u00e1 Daniel \u0160ev\u010d\u00edk.<\/p>\n<p>P\u0159esto\u017ee je elektromobilita celosv\u011btov\u011b na vzestupu a po\u010det elektrick\u00fdch \u010di hybridn\u00edch voz\u016f ka\u017edoro\u010dn\u011b roste o des\u00edtky procent, udr\u017eet se na \u0161pici nen\u00ed v\u016fbec jednoduch\u00e9. \u201eAbyste se v nab\u00edjen\u00ed elektromobil\u016f stali l\u00eddrem v oboru, vy\u017eaduje to roky tvrd\u00e9 pr\u00e1ce a nen\u00ed to v\u016fbec jednoduch\u00e9. I kdy\u017e m\u00e1te skv\u011bl\u00fd software, hardware, dod\u00e1vky energie, v\u00fdstavbu a dokonce i servis nab\u00edjec\u00edch stanic, udr\u017eet se na \u0161pici je je\u0161t\u011b t\u011b\u017e\u0161\u00ed. Spadnout m\u016f\u017eete b\u011bhem n\u011bkolika t\u00fddn\u016f nebo dokonce dn\u016f,\u201c upozor\u0148uje dal\u0161\u00ed z \u0159e\u010dn\u00edk\u016f konference Wulf Schlachter, majitel spole\u010dnosti DXBe Management a jeden z pr\u016fkopn\u00edk\u016f eMobility v Evrop\u011b.<\/p>\n<p>Na konferenci, kter\u00e1 se kon\u00e1 online 24. listopadu od 9:30, se m\u016f\u017eete zdarma registrovat na webu Unicorn Vysok\u00e9 \u0161koly. Najdete zde tak\u00e9 podrobn\u00e9 informace o programu a medailonky jednotliv\u00fdch \u0159e\u010dn\u00edk\u016f, mezi nimi\u017e budou tak\u00e9:<\/p>\n<p>\u00b7 Luk\u00e1\u0161 Kovanda \u2013 Hlavn\u00ed ekonom Trinity Bank, kter\u00fd se bude v\u011bnovat ekonomick\u00fdm aspekt\u016fm elektromobility.<\/p>\n<p>\u00b7 Arjan van der Eijk \u2013 provozn\u00ed \u0159editel spole\u010dnosti E.ON Drive Infrastructure, kter\u00fd p\u0159edstav\u00ed aktu\u00e1ln\u00ed trendy v oblasti v\u00fdstavby nejv\u011bt\u0161\u00ed evropsk\u00e9 s\u00edt\u011b hypercharger\u016f.<\/p>\n<p>\u00b7 Lenka Rycht\u00e1\u0159ov\u00e1 \u2013 obchodn\u00ed mana\u017eerka spole\u010dnosti ChargeUp.<\/p>\n<p><strong>Zdroj: UNICORN VYSOK\u00c1 \u0160KOLA<\/strong><\/p>\n<p>Soukrom\u00e1 vysok\u00e1 \u0161kola v Praze, kter\u00e1 se zam\u011b\u0159uje na v\u00fduku informa\u010dn\u00edch technologi\u00ed, datov\u00e9 anal\u00fdzy a businessu. \u0160kola, kter\u00e1 je v \u010cesku jedinou vysokou \u0161kolou s pln\u011b akreditovan\u00fdm online vzd\u011bl\u00e1v\u00e1n\u00edm, nab\u00edz\u00ed bakal\u00e1\u0159sk\u00e9 a magistersk\u00e9 studijn\u00ed programy, kter\u00e9 jsou akreditov\u00e1ny Ministerstvem \u0161kolstv\u00ed, ml\u00e1de\u017ee a t\u011blov\u00fdchovy \u010cR.<\/p>\n<p>Unicorn Vysok\u00e1 \u0161kola klade d\u016fraz na propojen\u00ed v\u00fduky s prax\u00ed. Studenti maj\u00ed mo\u017enost \u00fa\u010dastnit se odborn\u00fdch st\u00e1\u017e\u00ed u v\u00fdznamn\u00fdch IT firem, jako je nap\u0159\u00edklad Google, \u0160koda Auto nebo Microsoft. Absolventi \u0161koly jsou tak dob\u0159e p\u0159ipraveni na n\u00e1stup do kari\u00e9ry a maj\u00ed \u0161ance na uplatn\u011bn\u00ed na trhu pr\u00e1ce.<\/p>\n","protected":false},"excerpt":{"rendered":"<p>Pra\u017esk\u00e1 soukrom\u00e1 Unicorn Vysok\u00e1 \u0161kola po\u0159\u00e1d\u00e1 24. listopadu dal\u0161\u00ed ze sv\u00fdch konferenc\u00ed, tentokr\u00e1t v\u011bnovanou elektromobilit\u011b&#8230;.<\/p>\n","protected":false},"author":1,"featured_media":457,"comment_status":"open","ping_status":"open","sticky":false,"template":"","format":"standard","meta":{"footnotes":""},"categories":[22],"tags":[],"class_list":["post-456","post","type-post","status-publish","format-standard","has-post-thumbnail","hentry","category-konference"],"_links":{"self":[{"href":"https:\/\/www.automakers.cz\/index.php?rest_route=\/wp\/v2\/posts\/456","targetHints":{"allow":["GET"]}}],"collection":[{"href":"https:\/\/www.automakers.cz\/index.php?rest_route=\/wp\/v2\/posts"}],"about":[{"href":"https:\/\/www.automakers.cz\/index.php?rest_route=\/wp\/v2\/types\/post"}],"author":[{"embeddable":true,"href":"https:\/\/www.automakers.cz\/index.php?rest_route=\/wp\/v2\/users\/1"}],"replies":[{"embeddable":true,"href":"https:\/\/www.automakers.cz\/index.php?rest_route=%2Fwp%2Fv2%2Fcomments&post=456"}],"version-history":[{"count":3,"href":"https:\/\/www.automakers.cz\/index.php?rest_route=\/wp\/v2\/posts\/456\/revisions"}],"predecessor-version":[{"id":461,"href":"https:\/\/www.automakers.cz\/index.php?rest_route=\/wp\/v2\/posts\/456\/revisions\/461"}],"wp:featuredmedia":[{"embeddable":true,"href":"https:\/\/www.automakers.cz\/index.php?rest_route=\/wp\/v2\/media\/457"}],"wp:attachment":[{"href":"https:\/\/www.automakers.cz\/index.php?rest_route=%2Fwp%2Fv2%2Fmedia&parent=456"}],"wp:term":[{"taxonomy":"category","embeddable":true,"href":"https:\/\/www.automakers.cz\/index.php?rest_route=%2Fwp%2Fv2%2Fcategories&post=456"},{"taxonomy":"post_tag","embeddable":true,"href":"https:\/\/www.automakers.cz\/index.php?rest_route=%2Fwp%2Fv2%2Ftags&post=456"}],"curies":[{"name":"wp","href":"https:\/\/api.w.org\/{rel}","templated":true}]}}