{"id":4587,"date":"2024-06-09T21:18:18","date_gmt":"2024-06-09T21:18:18","guid":{"rendered":"https:\/\/www.automakers.cz\/?p=4587"},"modified":"2024-06-09T21:31:09","modified_gmt":"2024-06-09T21:31:09","slug":"znacka-mg-hlasi-rekordni-kveten","status":"publish","type":"post","link":"https:\/\/www.automakers.cz\/?p=4587","title":{"rendered":"Zna\u010dka MG hl\u00e1s\u00ed rekordn\u00ed kv\u011bten"},"content":{"rendered":"<p><strong>Zna\u010dce MG, kter\u00e1 se zat\u00edm jako jedin\u00e1 z \u010d\u00ednsk\u00fdch zna\u010dek etabluje na \u010desk\u00e9m trhu, se v kv\u011btnu poda\u0159ilo registrovat 420 voz\u016f. \u010c\u00edsla komentoval \u0161\u00e9f importu Martin Kr\u00e1l\u00ed\u010dek.<\/strong><!--more--><\/p>\n<p>\u201eM\u00e1me za sebou \u00fasp\u011b\u0161n\u00e9 uveden\u00ed n\u011bkolika model\u016f v\u010detn\u011b presti\u017en\u00edho elektrick\u00e9ho speci\u00e1lu XPOWER i ned\u00e1vn\u00e9 p\u0159edstaven\u00ed velmi o\u010dek\u00e1van\u00e9 novinky \u2013 roadsteru MG CYBERSTER na pra\u017esk\u00fdch Legend\u00e1ch. Nejv\u011bt\u0161\u00ed radost n\u00e1m ale d\u011blaj\u00ed prodeje.\u201c \u0159\u00edk\u00e1 gener\u00e1ln\u00ed \u0159editel zna\u010dky MG, Martin Kr\u00e1l\u00ed\u010dek. \u201eZa kv\u011bten se n\u00e1m poda\u0159ilo registrovat 420 voz\u016f, co\u017e n\u00e1s posunulo na 13. m\u00edsto mezi dovozci a tr\u017en\u00ed pod\u00edl 2,13 % poprv\u00e9 p\u0159ekonal n\u00e1\u0161 celoro\u010dn\u00ed pl\u00e1n. Celkem jsme za m\u011bs\u00edce 1-5 prodali ji\u017e 1 545 voz\u016f.&#8220;<\/p>\n<p>&#8222;\u00dasp\u011b\u0161n\u00ed jsme tak\u00e9 v r\u00e1mci dota\u010dn\u00edho programu, kde se pohybujeme kolem 5. m\u00edsta mezi dovozci, co\u017e znamen\u00e1, \u017ee s ohledem na n\u00e1\u0161 tr\u017en\u00ed pod\u00edl v\u00fdrazn\u011b p\u0159ekon\u00e1v\u00e1me v\u011bt\u0161inu velk\u00fdch zaveden\u00fdch zna\u010dek na trhu\u2026v\u010detn\u011b t\u011bch dom\u00e1c\u00edch,\u201c dod\u00e1v\u00e1 Kr\u00e1l\u00ed\u010dek.<\/p>\n<p>Zna\u010dka MG otev\u0159ela v kv\u011btnu prvn\u00ed showroom v Praze, letos slibuje a\u017e sedm produktov\u00fdch novinek.<\/p>\n<p><img loading=\"lazy\" decoding=\"async\" class=\"alignnone size-medium wp-image-4373\" src=\"http:\/\/www.automakers.cz\/wp-content\/uploads\/2024\/05\/MG-Orbion-showroom-900x675.jpg\" alt=\"\" width=\"900\" height=\"675\" srcset=\"https:\/\/www.automakers.cz\/wp-content\/uploads\/2024\/05\/MG-Orbion-showroom-900x675.jpg 900w, https:\/\/www.automakers.cz\/wp-content\/uploads\/2024\/05\/MG-Orbion-showroom-1024x768.jpg 1024w, https:\/\/www.automakers.cz\/wp-content\/uploads\/2024\/05\/MG-Orbion-showroom-768x576.jpg 768w, https:\/\/www.automakers.cz\/wp-content\/uploads\/2024\/05\/MG-Orbion-showroom-1536x1152.jpg 1536w, https:\/\/www.automakers.cz\/wp-content\/uploads\/2024\/05\/MG-Orbion-showroom.jpg 2040w\" sizes=\"auto, (max-width: 900px) 100vw, 900px\" \/><\/p>\n<p><strong>Zdroj: MG<\/strong><\/p>\n","protected":false},"excerpt":{"rendered":"<p>Zna\u010dce MG, kter\u00e1 se zat\u00edm jako jedin\u00e1 z \u010d\u00ednsk\u00fdch zna\u010dek etabluje na \u010desk\u00e9m trhu, se&#8230;<\/p>\n","protected":false},"author":1,"featured_media":364,"comment_status":"closed","ping_status":"closed","sticky":false,"template":"","format":"standard","meta":{"footnotes":""},"categories":[48,10],"tags":[],"class_list":["post-4587","post","type-post","status-publish","format-standard","has-post-thumbnail","hentry","category-registrace","category-statistika"],"_links":{"self":[{"href":"https:\/\/www.automakers.cz\/index.php?rest_route=\/wp\/v2\/posts\/4587","targetHints":{"allow":["GET"]}}],"collection":[{"href":"https:\/\/www.automakers.cz\/index.php?rest_route=\/wp\/v2\/posts"}],"about":[{"href":"https:\/\/www.automakers.cz\/index.php?rest_route=\/wp\/v2\/types\/post"}],"author":[{"embeddable":true,"href":"https:\/\/www.automakers.cz\/index.php?rest_route=\/wp\/v2\/users\/1"}],"replies":[{"embeddable":true,"href":"https:\/\/www.automakers.cz\/index.php?rest_route=%2Fwp%2Fv2%2Fcomments&post=4587"}],"version-history":[{"count":2,"href":"https:\/\/www.automakers.cz\/index.php?rest_route=\/wp\/v2\/posts\/4587\/revisions"}],"predecessor-version":[{"id":4589,"href":"https:\/\/www.automakers.cz\/index.php?rest_route=\/wp\/v2\/posts\/4587\/revisions\/4589"}],"wp:featuredmedia":[{"embeddable":true,"href":"https:\/\/www.automakers.cz\/index.php?rest_route=\/wp\/v2\/media\/364"}],"wp:attachment":[{"href":"https:\/\/www.automakers.cz\/index.php?rest_route=%2Fwp%2Fv2%2Fmedia&parent=4587"}],"wp:term":[{"taxonomy":"category","embeddable":true,"href":"https:\/\/www.automakers.cz\/index.php?rest_route=%2Fwp%2Fv2%2Fcategories&post=4587"},{"taxonomy":"post_tag","embeddable":true,"href":"https:\/\/www.automakers.cz\/index.php?rest_route=%2Fwp%2Fv2%2Ftags&post=4587"}],"curies":[{"name":"wp","href":"https:\/\/api.w.org\/{rel}","templated":true}]}}