{"id":4592,"date":"2024-06-11T07:16:09","date_gmt":"2024-06-11T07:16:09","guid":{"rendered":"https:\/\/www.automakers.cz\/?p=4592"},"modified":"2024-06-11T07:16:09","modified_gmt":"2024-06-11T07:16:09","slug":"coface-uspela-v-ankete-pojistovna-roku","status":"publish","type":"post","link":"https:\/\/www.automakers.cz\/?p=4592","title":{"rendered":"Coface usp\u011bla v anket\u011b Poji\u0161\u0165ovna roku"},"content":{"rendered":"<p><strong><b>Spole\u010dnost Coface se v\u00a0r\u00e1mci 23. ro\u010dn\u00edku odborn\u00e9 ankety\u00a0Poji\u0161\u0165ovna roku um\u00edstila na 2. m\u00edst\u011b v\u00a0kategorii Specializovan\u00e9 poji\u0161t\u011bn\u00ed. Meziro\u010dn\u011b se tak zlep\u0161ila o dv\u011b p\u0159\u00ed\u010dky.<\/b><\/strong><!--more--><\/p>\n<p>O v\u00fdsledc\u00edch ankety rozhoduj\u00ed sv\u00fdmi hlasy odborn\u00edci na\u00a0poji\u0161t\u011bn\u00ed z\u00a0\u0159ad poji\u0161\u0165ovac\u00edch makl\u00e9\u0159\u016f, kte\u0159\u00ed posuzuj\u00ed kvalitu nab\u00edzen\u00fdch produkt\u016f a slu\u017eeb na z\u00e1klad\u011b n\u011bkolika krit\u00e9ri\u00ed. Vyhl\u00e1\u0161en\u00ed v\u00fdsledk\u016f a\u00a0p\u0159ed\u00e1n\u00ed ocen\u011bn\u00ed prob\u011bhlo na slavnostn\u00edm galave\u010deru dne 29. kv\u011btna 2024 v\u00a0Kongresov\u00e9m centru \u010cesk\u00e9 n\u00e1rodn\u00ed banky v\u00a0Praze.<\/p>\n<p>Anketu vyhla\u0161uje a organizuje Asociace \u010desk\u00fdch poji\u0161\u0165ovac\u00edch makl\u00e9\u0159\u016f, ve\u00a0spolupr\u00e1ci s \u010ceskou asociac\u00ed poji\u0161\u0165oven a specializovan\u00fdm serverem oPoji\u0161t\u011bn\u00ed.cz. Osobn\u00ed z\u00e1\u0161titu 23. ro\u010dn\u00edku ankety Poji\u0161\u0165ovna roku poskytl guvern\u00e9r \u010cesk\u00e9 n\u00e1rodn\u00ed banky\u00a0Ale\u0161 Michl.<strong><b>\u00a0\u00a0\u00a0<\/b><\/strong><\/p>\n<p>P\u0159i hodnocen\u00ed se zohled\u0148uje kvalita a rozsah nab\u00edzen\u00fdch produkt\u016f \u010di slu\u017eeb, v\u010detn\u011b flexibility a\u00a0inovac\u00ed. Posuzuje se tak\u00e9 technick\u00e1 a provozn\u00ed podpora poji\u0161\u0165ovny z\u00a0hlediska sjedn\u00e1v\u00e1n\u00ed \u010di spr\u00e1vy poji\u0161t\u011bn\u00ed, spolupr\u00e1ce s\u00a0makl\u00e9\u0159i a rovn\u011b\u017e postupy p\u0159i likvidaci \u0161kod.<\/p>\n<p>Jednou z\u00a0p\u011bti oce\u0148ovan\u00fdch kategori\u00ed ankety Poji\u0161\u0165ovna roku je Specializovan\u00e9 poji\u0161t\u011bn\u00ed, v n\u00ed\u017e se spole\u010dnost Coface um\u00edstila na 2. m\u00edst\u011b. Ocen\u011bn\u00ed na slavnostn\u00edm galave\u010deru p\u0159evzal Rudolf Kypta, v\u00fdkonn\u00fd \u0159editel pro \u010ceskou republiku a\u00a0Slovensko.<\/p>\n<p><em><i>\u201eJsem velmi hrd\u00fd na to, \u017ee zde mezi v\u00fdznamn\u00fdmi poji\u0161\u0165ovnami a\u00a0renomovan\u00fdmi makl\u00e9\u0159i mohu reprezentovat spole\u010dnost Coface. Um\u00edstit se na druh\u00e9m m\u00edst\u011b v\u00a0na\u0161\u00ed kategorii, ale v\u00a0podstat\u011b na prvn\u00edm mezi poji\u0161\u0165ovnami kreditn\u00edho rizika, je velk\u00fd \u00fasp\u011bch. V\u00e1\u017e\u00edm si toho, \u017ee odborn\u00e1 ve\u0159ejnost oce\u0148uje nejen na\u0161e produkty a\u00a0slu\u017eby, ale tak\u00e9 n\u00e1\u0161 p\u0159\u00edstup ke klient\u016fm, partner\u016fm a\u00a0makl\u00e9\u0159\u016fm. Vn\u00edm\u00e1m to jako \u00fasp\u011bch cel\u00e9ho na\u0161eho t\u00fdmu, na\u0161\u00ed pr\u00e1ce, firemn\u00ed kultury a hodnot, kter\u00e9 v\u00a0Coface zast\u00e1v\u00e1me,\u201c<\/i><\/em>\u00a0\u0159\u00edk\u00e1 k\u00a0ocen\u011bn\u00ed Rudolf Kypta.<\/p>\n<p><em><i>&#8222;Leto\u0161n\u00ed v\u00fdsledky znovu ukazuj\u00ed, \u017ee postaven\u00ed pojistitel\u016f na trhu je z\u00a0hlediska poji\u0161\u0165ovac\u00edch makl\u00e9\u0159\u016f stabilizovan\u00e9. To je pro \u010desk\u00e9 poji\u0161\u0165ovnictv\u00ed dobr\u00e1 zpr\u00e1va zejm\u00e9na v\u00a0dob\u011b, kdy se podm\u00ednky pro podnik\u00e1n\u00ed v\u00a0tomto segmentu ekonomiky neust\u00e1le zp\u0159\u00eds\u0148uj\u00ed, hlavn\u011b kv\u016fli regulaci p\u0159ich\u00e1zej\u00edc\u00ed z Bruselu<\/i><\/em>,\u201c zhodnotil 23.\u00a0ro\u010dn\u00edk ankety Poji\u0161\u0165ovna roku Ivan \u0160pirakus, p\u0159edseda Asociace \u010desk\u00fdch poji\u0161\u0165ovac\u00edch makl\u00e9\u0159\u016f a zakladatel sout\u011b\u017ee. Z\u00a0ankety vypl\u00fdv\u00e1, \u017ee se da\u0159\u00ed p\u0159isp\u00edvat ke kultivaci \u010desk\u00e9ho poji\u0161\u0165ovnictv\u00ed a posilovat jeho vn\u00edm\u00e1n\u00ed jako jednoho z\u00a0kl\u00ed\u010dov\u00fdch pil\u00ed\u0159\u016f \u010desk\u00e9 ekonomiky.<\/p>\n<p><strong>Zdroj: Ond\u0159ej Ol\u0161ansk\u00fd<\/strong><\/p>\n<p><img loading=\"lazy\" decoding=\"async\" class=\"alignnone size-full wp-image-4594\" src=\"http:\/\/www.automakers.cz\/wp-content\/uploads\/2024\/06\/coface.jpg\" alt=\"\" width=\"620\" height=\"346\" \/><\/p>\n","protected":false},"excerpt":{"rendered":"<p>Spole\u010dnost Coface se v\u00a0r\u00e1mci 23. ro\u010dn\u00edku odborn\u00e9 ankety\u00a0Poji\u0161\u0165ovna roku um\u00edstila na 2. m\u00edst\u011b v\u00a0kategorii Specializovan\u00e9&#8230;<\/p>\n","protected":false},"author":1,"featured_media":4595,"comment_status":"closed","ping_status":"closed","sticky":false,"template":"","format":"standard","meta":{"footnotes":""},"categories":[32,35],"tags":[],"class_list":["post-4592","post","type-post","status-publish","format-standard","has-post-thumbnail","hentry","category-ankety","category-pojisteni"],"_links":{"self":[{"href":"https:\/\/www.automakers.cz\/index.php?rest_route=\/wp\/v2\/posts\/4592","targetHints":{"allow":["GET"]}}],"collection":[{"href":"https:\/\/www.automakers.cz\/index.php?rest_route=\/wp\/v2\/posts"}],"about":[{"href":"https:\/\/www.automakers.cz\/index.php?rest_route=\/wp\/v2\/types\/post"}],"author":[{"embeddable":true,"href":"https:\/\/www.automakers.cz\/index.php?rest_route=\/wp\/v2\/users\/1"}],"replies":[{"embeddable":true,"href":"https:\/\/www.automakers.cz\/index.php?rest_route=%2Fwp%2Fv2%2Fcomments&post=4592"}],"version-history":[{"count":3,"href":"https:\/\/www.automakers.cz\/index.php?rest_route=\/wp\/v2\/posts\/4592\/revisions"}],"predecessor-version":[{"id":4597,"href":"https:\/\/www.automakers.cz\/index.php?rest_route=\/wp\/v2\/posts\/4592\/revisions\/4597"}],"wp:featuredmedia":[{"embeddable":true,"href":"https:\/\/www.automakers.cz\/index.php?rest_route=\/wp\/v2\/media\/4595"}],"wp:attachment":[{"href":"https:\/\/www.automakers.cz\/index.php?rest_route=%2Fwp%2Fv2%2Fmedia&parent=4592"}],"wp:term":[{"taxonomy":"category","embeddable":true,"href":"https:\/\/www.automakers.cz\/index.php?rest_route=%2Fwp%2Fv2%2Fcategories&post=4592"},{"taxonomy":"post_tag","embeddable":true,"href":"https:\/\/www.automakers.cz\/index.php?rest_route=%2Fwp%2Fv2%2Ftags&post=4592"}],"curies":[{"name":"wp","href":"https:\/\/api.w.org\/{rel}","templated":true}]}}