{"id":4598,"date":"2024-06-11T08:13:53","date_gmt":"2024-06-11T08:13:53","guid":{"rendered":"https:\/\/www.automakers.cz\/?p=4598"},"modified":"2024-06-11T08:13:53","modified_gmt":"2024-06-11T08:13:53","slug":"premier-fiala-na-inspekci-dalnice-d4","status":"publish","type":"post","link":"https:\/\/www.automakers.cz\/?p=4598","title":{"rendered":"Premi\u00e9r Fiala na inspekci d\u00e1lnice D4"},"content":{"rendered":"<p><strong><b>O pokroku na stavb\u011b d\u00e1lnice D4 Via Salis, kter\u00e1 je prvn\u00edm \u010desk\u00fdm PPP projektem v oblasti dopravn\u00ed infrastruktury, se p\u0159ijeli p\u0159esv\u011bd\u010dit premi\u00e9r Petr Fiala s ministrem dopravy Martinem Kupkou. Projekt dostavby 48 kilometr\u016f dlouh\u00e9 d\u00e1lnice mezi P\u0159\u00edbram\u00ed a P\u00edskem bude dokon\u010den v prosinci 2024. <\/b><\/strong><!--more--><\/p>\n<p>O aktu\u00e1ln\u00edm stavu projektu D4 p\u0159edsedu vl\u00e1dy a ministra dopravy informovali v\u00a0r\u00e1mci kontroln\u00edho dne gener\u00e1ln\u00ed \u0159editel koncesion\u00e1\u0159e Via Salis Christian Biegert a za zhotovitele Martin Borovka, gener\u00e1ln\u00ed \u0159editel Skupiny VINCI Construction CS.<\/p>\n<p><em><i>\u201eZku\u0161enosti s pr\u00e1v\u011b prob\u00edhaj\u00edc\u00ed dostavbou d\u00e1lnice D4, kter\u00e1 je prvn\u00edm velk\u00fdm PPP projektem u n\u00e1s, uk\u00e1zaly, \u017ee tento model spolupr\u00e1ce st\u00e1tu a soukrom\u00e9ho sektoru jako jeden z n\u00e1stroj\u016f k zaji\u0161t\u011bn\u00ed v\u00fdstavby dopravn\u00ed infrastruktury funguje. V p\u0159\u00ed\u0161t\u00edch deseti letech pot\u0159ebujeme investovat do rozvoje dopravn\u00ed infrastruktury jednotky bilion\u016f korun. K zaji\u0161t\u011bn\u00ed t\u011bchto prost\u0159edk\u016f proto po\u010d\u00edt\u00e1me rovn\u011b\u017e s v\u011bt\u0161\u00edm zapojen\u00edm soukrom\u00e9ho kapit\u00e1lu do dal\u0161\u00edch projekt\u016f na d\u00e1lnic\u00edch i \u017eeleznic\u00edch,\u201c <\/i><\/em>uvedl p\u0159edseda vl\u00e1dy Petr Fiala.<\/p>\n<p>D\u00e1lnice D4 Via Salis se za\u010dala stav\u011bt v\u00a0\u010dervnu 2021. Projekt PPP (Public Private Partnership) D4 realizuje sdru\u017een\u00ed <a href=\"https:\/\/www.viasalis.cz\/\"><u>Via Salis<\/u><\/a>\u00a0slo\u017een\u00e9 z francouzsk\u00fdch firem VINCI Highways a Meridiam. Investice zahrnuje projektov\u00e1n\u00ed, financov\u00e1n\u00ed a stavbu 32 km d\u00e1lnice D4 z P\u0159\u00edbrami do P\u00edsku a modernizaci a \u00fadr\u017ebu dal\u0161\u00edch 16 kilometr\u016f ji\u017e zprovozn\u011bn\u00fdch navazuj\u00edc\u00edch \u00fasek\u016f. Aktu\u00e1ln\u011b je prostav\u011bno zhruba 85 % z\u00a0pl\u00e1novan\u00e9ho objemu prac\u00ed a d\u00edlo bude dokon\u010deno v\u00a0prosinci 2024.<\/p>\n<p><em><i>\u201eS panem premi\u00e9rem jsme se p\u0159esv\u011bd\u010dili, \u017ee na projektu dostavby D4 prob\u00edh\u00e1 v\u0161e podle pl\u00e1nu. I d\u00edky dokon\u010den\u00ed t\u00e9to d\u00e1lnice zprovozn\u00edme v\u00a0leto\u0161n\u00edm roce rekordn\u00ed po\u010det kilometr\u016f nov\u00fdch d\u00e1lnic. Realizace d\u00e1lnice D4 prost\u0159ednictv\u00edm PPP nejen v\u00fdrazn\u011b urychl\u00ed spojen\u00ed st\u0159edn\u00edch a ji\u017en\u00edch \u010cech a ulev\u00ed mnoha obc\u00edm v regionu od dopravn\u00ed z\u00e1t\u011b\u017ee, ale d\u016fle\u017eit\u00e1 je tak\u00e9 jako pozitivn\u00ed reference pro zapojen\u00ed PPP do dal\u0161\u00edch d\u00e1lni\u010dn\u00edch a \u017eelezni\u010dn\u00edch staveb<\/i><\/em><em>,\u201c <\/em>uvedl ministr dopravy Martin Kupka.<\/p>\n<p><em>\u201eJsme r\u00e1di, \u017ee se projekt Via Salis stal pozitivn\u00ed referenc\u00ed a pom\u00e1h\u00e1 razit cestu PPP projekt\u016fm v\u00a0\u010cesk\u00e9 republice. Do konce projektu zb\u00fdv\u00e1 necel\u00fdch 7 m\u011bs\u00edc\u016f a nasazen\u00ed v\u0161ech t\u00fdm\u016f, kter\u00e9 v projektu pracuj\u00ed je obrovsk\u00e9. Projekt se t\u011b\u0161\u00ed i velk\u00e9 podpo\u0159e akcion\u00e1\u0159\u016f, a i proto je velk\u00fd d\u016fraz kladen na aktivity podporuj\u00edc\u00ed udr\u017eitelnost, biodiverzitu a bezpe\u010dnost. Jsme hrd\u00ed na to, \u017ee budujeme modern\u00ed udr\u017eitelnou d\u00e1lnici\u201c<\/em>, dodal k\u00a0tomu gener\u00e1ln\u00ed \u0159editel Via Salis Christian Biegert<\/p>\n<p>Premi\u00e9r a ministr dopravy projeli \u010d\u00e1st nov\u011b budovan\u00e9 trasy a postupn\u011b nav\u0161t\u00edvili n\u011bkolik zaj\u00edmav\u00fdch m\u00edst. Zastavili se nap\u0159\u00edklad u mil\u00ednsk\u00e9ho z\u00e1\u0159ezu, kter\u00fd je jedn\u00edm ze stavebn\u011b nejkomplikovan\u011bj\u0161\u00edch \u00fasek\u016f na D4. V\u00a0pr\u016fb\u011bhu lo\u0148sk\u00e9ho roku zde bylo t\u0159eba odt\u011b\u017eit 43\u00a0000 m<sup>3<\/sup>\u00a0velk\u00e9ho skaln\u00edho masivu, aby byl vytvo\u0159en dostate\u010dn\u00fd prostor pro t\u011bleso d\u00e1lnice. Na vrcholu z\u00e1\u0159ezu nav\u00edc vyrostl ekodukt pro migraci divok\u00e9 zv\u011b\u0159e.<\/p>\n<p>Stavebn\u00ed \u010dinnosti prob\u00edhaj\u00ed intenzivn\u011b v\u00a0cel\u00e9 budovan\u00e9 trase d\u00e1lnice. K\u00a0t\u011bm nejv\u00fdznamn\u011bj\u0161\u00edm pat\u0159\u00ed nap\u0159\u00edklad pr\u00e1ce na odpo\u010d\u00edvk\u00e1ch Krsice (246 parkovac\u00edch m\u00edst), stavba opera\u010dn\u00edho centra, z\u00a0n\u011bj\u017e bude cel\u00fd provoz D4 monitorov\u00e1n a \u0159\u00edzen, nebo dokon\u010dov\u00e1n\u00ed mostn\u00edch konstrukc\u00ed. V\u00a0are\u00e1lu opera\u010dn\u00edho centra vznik\u00e1 i budova pro d\u00e1lni\u010dn\u00ed odd\u011blen\u00ed jiho\u010desk\u00e9ho krajsk\u00e9ho \u0159editelstv\u00ed P\u010cR pro dohled nad provozem.\u00a0Na hlavn\u00ed trase se postupn\u011b pokl\u00e1daj\u00ed v\u0161echny vozovkov\u00e9 vrstvy (s v\u00fdjimkou fin\u00e1ln\u00ed obrusn\u00e9 vrstvy, kter\u00e1 p\u0159ijde na \u0159adu a\u017e v\u00a0letn\u00edch m\u011bs\u00edc\u00edch, aby nebyla po\u0161kozena stavebn\u00ed technikou). B\u011b\u017e\u00ed rovn\u011b\u017e v\u0161echny \u010dinnosti souvisej\u00edc\u00ed s\u00a0d\u016fkladn\u00fdm odvodn\u011bn\u00edm komunikace a instaluj\u00ed se bezpe\u010dnostn\u00ed prvky \u2013 st\u0159edov\u00e1 a krajn\u00ed svodidla.<\/p>\n<p><em><i>\u201eNasazen\u00ed lid\u00ed i techniky na D4 je mimo\u0159\u00e1dn\u00e9. V sou\u010dasnosti na d\u00e1lnici pracuje p\u0159es 1100 lid\u00ed a 500 stroj\u016f a tyto po\u010dty budou kulminovat v\u00a0letn\u00edch m\u011bs\u00edc\u00edch,\u201c<\/i><\/em>\u00a0uvedl Martin Borovka, gener\u00e1ln\u00ed \u0159editel Skupiny VINCI Construction CS.<\/p>\n<p><strong>V delegaci byl i francouzsk\u00fd velvyslanec<\/strong><\/p>\n<p>Kontroln\u00edho dne se z\u00fa\u010dastnil i nov\u00fd francouzsk\u00fd velvyslanec Stephane Crouzat, kter\u00fd vyj\u00e1d\u0159il p\u0159ipravenost Francie pokra\u010dovat v\u00a0rozvoji \u010desko-francouzsk\u00fdch vztah\u016f, k\u00a0jejich\u017e priorit\u00e1m rozvoj infrastruktury rozhodn\u011b pat\u0159\u00ed.<\/p>\n<p>Podzimn\u00ed m\u011bs\u00edce budou v\u011bnov\u00e1ny des\u00edtk\u00e1m dokon\u010dovac\u00edch prac\u00ed, testov\u00e1n\u00ed a ov\u011b\u0159ov\u00e1n\u00ed funk\u010dnosti v\u0161ech prvk\u016f d\u00e1lnice tak, aby v\u00a0prosinci 2024 bylo v\u0161e hotovo. Dal\u0161\u00edch 25 let dal\u0161\u00edch bude koncesion\u00e1\u0159 d\u00e1lnici provozovat. Provoz a \u00fadr\u017eba na existuj\u00edc\u00edch t\u00e9m\u011b\u0159 16 kilometrech i na nov\u00fdch 32 kilometrech bude zaji\u0161\u0165ovat spole\u010dnost Via Salis Operations, vlastn\u011bn\u00e1 ze 100 % VINCI Highways. <em><i>\u201eBuduje se t\u00fdm v\u00edce ne\u017e 50 odborn\u00edk\u016f, kte\u0159\u00ed budou m\u00edt d\u00e1lnici na starosti. A sou\u010dasn\u011b se stav\u00ed z\u00e1zem\u00ed s <\/i><\/em><em><i>dohledov\u00fdm centrem, kde se budou sb\u00edhat ve\u0161ker\u00e1 data z\u00a0informa\u010dn\u00edho syst\u00e9mu a oper\u00e1to\u0159i budou m\u00edt d\u00edky \u0159ad\u011b velkoplo\u0161n\u00fdch obrazovek dokonal\u00fd p\u0159ehled o aktu\u00e1ln\u00edm d\u011bn\u00ed na d\u00e1lnici. V\u00a0are\u00e1lu opera\u010dn\u00edho centra tak\u00e9 vznik\u00e1 rozs\u00e1hl\u00e9 z\u00e1zem\u00ed pro technick\u00e9 \u010dety, kter\u00e9 budou zodpov\u011bdn\u00e9 za komplexn\u00ed \u00fadr\u017ebu d\u00e1lnice. Bezpe\u010dnost nov\u011b budovan\u00e9 d\u00e1lnice je pro n\u00e1s jednou z\u00a0nejvy\u0161\u0161\u00edch priorit,\u201c<\/i><\/em>\u00a0zakon\u010dil gener\u00e1ln\u00ed \u0159editel Via Salis Christian Biegert.<\/p>\n<p><strong>Zdroj: Ji\u0159\u00ed Janou\u0161ek<\/strong><\/p>\n","protected":false},"excerpt":{"rendered":"<p>O pokroku na stavb\u011b d\u00e1lnice D4 Via Salis, kter\u00e1 je prvn\u00edm \u010desk\u00fdm PPP projektem v&#8230;<\/p>\n","protected":false},"author":1,"featured_media":4618,"comment_status":"closed","ping_status":"closed","sticky":false,"template":"","format":"standard","meta":{"footnotes":""},"categories":[47],"tags":[],"class_list":["post-4598","post","type-post","status-publish","format-standard","has-post-thumbnail","hentry","category-doprava"],"_links":{"self":[{"href":"https:\/\/www.automakers.cz\/index.php?rest_route=\/wp\/v2\/posts\/4598","targetHints":{"allow":["GET"]}}],"collection":[{"href":"https:\/\/www.automakers.cz\/index.php?rest_route=\/wp\/v2\/posts"}],"about":[{"href":"https:\/\/www.automakers.cz\/index.php?rest_route=\/wp\/v2\/types\/post"}],"author":[{"embeddable":true,"href":"https:\/\/www.automakers.cz\/index.php?rest_route=\/wp\/v2\/users\/1"}],"replies":[{"embeddable":true,"href":"https:\/\/www.automakers.cz\/index.php?rest_route=%2Fwp%2Fv2%2Fcomments&post=4598"}],"version-history":[{"count":3,"href":"https:\/\/www.automakers.cz\/index.php?rest_route=\/wp\/v2\/posts\/4598\/revisions"}],"predecessor-version":[{"id":4620,"href":"https:\/\/www.automakers.cz\/index.php?rest_route=\/wp\/v2\/posts\/4598\/revisions\/4620"}],"wp:featuredmedia":[{"embeddable":true,"href":"https:\/\/www.automakers.cz\/index.php?rest_route=\/wp\/v2\/media\/4618"}],"wp:attachment":[{"href":"https:\/\/www.automakers.cz\/index.php?rest_route=%2Fwp%2Fv2%2Fmedia&parent=4598"}],"wp:term":[{"taxonomy":"category","embeddable":true,"href":"https:\/\/www.automakers.cz\/index.php?rest_route=%2Fwp%2Fv2%2Fcategories&post=4598"},{"taxonomy":"post_tag","embeddable":true,"href":"https:\/\/www.automakers.cz\/index.php?rest_route=%2Fwp%2Fv2%2Ftags&post=4598"}],"curies":[{"name":"wp","href":"https:\/\/api.w.org\/{rel}","templated":true}]}}