{"id":4600,"date":"2024-06-11T07:32:46","date_gmt":"2024-06-11T07:32:46","guid":{"rendered":"https:\/\/www.automakers.cz\/?p=4600"},"modified":"2024-06-11T07:34:48","modified_gmt":"2024-06-11T07:34:48","slug":"vykonnym-reditelem-cba-bude-baran","status":"publish","type":"post","link":"https:\/\/www.automakers.cz\/?p=4600","title":{"rendered":"V\u00fdkonn\u00fdm \u0159editelem \u010cBA bude Baran"},"content":{"rendered":"<p><strong><span style=\"font-size: 12pt;\">Po p\u0159ekvapiv\u00e9m odchodu Moniky Zah\u00e1lkov\u00e9 z pozice v\u00fdkonn\u00e9 \u0159editelky \u010cesk\u00e9 bankovn\u00ed asociace se zhruba dva m\u011bs\u00edce \u010dekalo na jej\u00edho n\u00e1stupce. <\/span><\/strong><strong>Na z\u00e1klad\u011b rozhodnut\u00ed Prezidia \u010cBA se od 1. \u010dervence 2024 stane nov\u00fdm v\u00fdkonn\u00fdm \u0159editelem <\/strong><strong><span style=\"font-size: 12pt;\">Du\u0161an Baran. <\/span><!--more--><\/strong><\/p>\n<p><span style=\"font-size: 12pt;\">Do t\u00e9to mana\u017eersk\u00e9 pozice p\u0159ich\u00e1z\u00ed s mnohalet\u00fdmi bohat\u00fdmi zku\u0161enostmi z bankovn\u00edho sektoru.<\/span><\/p>\n<p><span style=\"font-size: 12pt;\"><em>\u201eJsem spokojen s\u00a0v\u00fdb\u011brem nov\u00e9ho v\u00fdkonn\u00e9ho \u0159editele \u010cBA a\u00a0jsem r\u00e1d, \u017ee pan Du\u0161an Baran souhlasil s\u00a0p\u0159evzet\u00edm t\u00e9to odpov\u011bdnosti. Du\u0161an Baran m\u00e1 silnou expert\u00edzu a\u00a0zku\u0161enosti v\u00a0oblasti bankovnictv\u00ed, financ\u00ed, strategie, \u0159\u00edzen\u00ed rizik, \u0159\u00edzen\u00ed lid\u00ed a\u00a0dal\u0161\u00edch oblastech. Je to zku\u0161en\u00fd mana\u017eer s\u00a0bohatou mnohaletou expertizou. \u010clenov\u00e9 Prezidia \u010cBA jsou p\u0159esv\u011bd\u010deni, \u017ee jeho p\u0159\u00edstup a\u00a0zku\u0161enosti p\u0159isp\u011bj\u00ed k\u00a0dal\u0161\u00edmu pos\u00edlen\u00ed a\u00a0rozvoji nejen \u010cesk\u00e9 bankovn\u00ed asociace, ale i\u00a0cel\u00e9ho bankovn\u00edho sektoru v\u00a0\u010cesk\u00e9 republice,\u201c<\/em>\u00a0\u0159\u00edk\u00e1<strong>\u00a0Jan Juchelka, prezident \u010cesk\u00e9 bankovn\u00ed asociace a\u00a0gener\u00e1ln\u00ed \u0159editel Komer\u010dn\u00ed banky.<\/strong><\/span><\/p>\n<p><span style=\"font-size: 12pt;\"><em>\u201eP\u0159\u00edle\u017eitost spolupracovat s\u00a0\u010ceskou bankovn\u00ed asociac\u00ed vn\u00edm\u00e1m jako pokra\u010dov\u00e1n\u00ed sv\u00e9 dlouhodob\u00e9 pr\u00e1ce v\u00a0oblasti financ\u00ed a\u00a0bankovnictv\u00ed. V\u00a0nov\u00e9 roli bych cht\u011bl p\u0159isp\u011bt k\u00a0dal\u0161\u00edmu rozvoji a\u00a0vybudov\u00e1n\u00ed modern\u00ed a\u00a0kompetentn\u00ed asociace, kter\u00e1 bude respektovan\u00fdm a\u00a0d\u016fv\u011bryhodn\u00fdm partnerem st\u00e1tu, regul\u00e1tora, ve\u0159ejnosti a\u00a0dal\u0161\u00edch subjekt\u016f na trhu, a\u00a0kter\u00e1 bude zastupovat a\u00a0h\u00e1jit efektivn\u011b z\u00e1jmy sv\u00fdch \u010dlen\u016f. T\u011b\u0161\u00edm se na spolupr\u00e1ci s\u00a0na\u0161imi \u010dleny a\u00a0t\u00fdmem v\u00a0r\u00e1mci asociace. V\u011b\u0159\u00edm, \u017ee spole\u010dn\u011b zv\u00fd\u0161\u00edme pozitivn\u00ed vn\u00edm\u00e1n\u00ed \u010desk\u00e9ho bankovnictv\u00ed a\u00a0zapoj\u00edme se do zm\u011bn, kter\u00e9 pom\u016f\u017eou transformaci \u010desk\u00e9 ekonomiky,\u201c<\/em>\u00a0uvedl\u00a0<strong>Du\u0161an Baran.<\/strong><\/span><\/p>\n<p><span style=\"font-size: 12pt;\">Du\u0161an Baran m\u00e1 dlouholet\u00e9 zku\u0161enosti z\u00a0financ\u00ed a\u00a0bankovn\u00edho sektoru. V\u00edce ne\u017e 5\u00a0let p\u016fsobil jako finan\u010dn\u00ed \u0159editel a\u00a0m\u00edstop\u0159edseda p\u0159edstavenstva ve Sberbank CZ. V\u00a0\u010cesk\u00e9 spo\u0159iteln\u011b pracoval na r\u016fzn\u00fdch mana\u017eersk\u00fdch pozic\u00edch. V\u00a0obdob\u00ed 2000\u20132013\u00a0byl m\u00edstop\u0159edsedou p\u0159edstavenstva a\u00a0finan\u010dn\u00edm \u0159editelem a\u00a0v\u00a0letech 1999\u20132000\u00a0p\u0159edsedou p\u0159edstavenstva a\u00a0gener\u00e1ln\u00edm \u0159editelem \u010cesk\u00e9 spo\u0159itelny. Studoval na Matematicko-fyzik\u00e1ln\u00ed fakult\u011b UK v\u00a0Praze a\u00a0Katz GSB University of Pittsburgh.<\/span><\/p>\n<p><strong>Zdroj: CzechBanking.cz<br \/>\n<\/strong><\/p>\n<figure id=\"attachment_4604\" aria-describedby=\"caption-attachment-4604\" style=\"width: 600px\" class=\"wp-caption alignnone\"><img loading=\"lazy\" decoding=\"async\" class=\"size-medium wp-image-4604\" src=\"http:\/\/www.automakers.cz\/wp-content\/uploads\/2024\/06\/Dusan-Baran1-600x900.jpeg\" alt=\"\" width=\"600\" height=\"900\" \/><figcaption id=\"caption-attachment-4604\" class=\"wp-caption-text\">Du\u0161an Baran<\/figcaption><\/figure>\n","protected":false},"excerpt":{"rendered":"<p>Po p\u0159ekvapiv\u00e9m odchodu Moniky Zah\u00e1lkov\u00e9 z pozice v\u00fdkonn\u00e9 \u0159editelky \u010cesk\u00e9 bankovn\u00ed asociace se zhruba dva&#8230;<\/p>\n","protected":false},"author":1,"featured_media":4603,"comment_status":"closed","ping_status":"closed","sticky":false,"template":"","format":"standard","meta":{"footnotes":""},"categories":[6,5],"tags":[],"class_list":["post-4600","post","type-post","status-publish","format-standard","has-post-thumbnail","hentry","category-management","category-personalie"],"_links":{"self":[{"href":"https:\/\/www.automakers.cz\/index.php?rest_route=\/wp\/v2\/posts\/4600","targetHints":{"allow":["GET"]}}],"collection":[{"href":"https:\/\/www.automakers.cz\/index.php?rest_route=\/wp\/v2\/posts"}],"about":[{"href":"https:\/\/www.automakers.cz\/index.php?rest_route=\/wp\/v2\/types\/post"}],"author":[{"embeddable":true,"href":"https:\/\/www.automakers.cz\/index.php?rest_route=\/wp\/v2\/users\/1"}],"replies":[{"embeddable":true,"href":"https:\/\/www.automakers.cz\/index.php?rest_route=%2Fwp%2Fv2%2Fcomments&post=4600"}],"version-history":[{"count":5,"href":"https:\/\/www.automakers.cz\/index.php?rest_route=\/wp\/v2\/posts\/4600\/revisions"}],"predecessor-version":[{"id":4607,"href":"https:\/\/www.automakers.cz\/index.php?rest_route=\/wp\/v2\/posts\/4600\/revisions\/4607"}],"wp:featuredmedia":[{"embeddable":true,"href":"https:\/\/www.automakers.cz\/index.php?rest_route=\/wp\/v2\/media\/4603"}],"wp:attachment":[{"href":"https:\/\/www.automakers.cz\/index.php?rest_route=%2Fwp%2Fv2%2Fmedia&parent=4600"}],"wp:term":[{"taxonomy":"category","embeddable":true,"href":"https:\/\/www.automakers.cz\/index.php?rest_route=%2Fwp%2Fv2%2Fcategories&post=4600"},{"taxonomy":"post_tag","embeddable":true,"href":"https:\/\/www.automakers.cz\/index.php?rest_route=%2Fwp%2Fv2%2Ftags&post=4600"}],"curies":[{"name":"wp","href":"https:\/\/api.w.org\/{rel}","templated":true}]}}