{"id":4621,"date":"2024-06-11T08:26:43","date_gmt":"2024-06-11T08:26:43","guid":{"rendered":"https:\/\/www.automakers.cz\/?p=4621"},"modified":"2024-06-11T08:26:54","modified_gmt":"2024-06-11T08:26:54","slug":"chan-park-sefdesignerem-interieru-skody","status":"publish","type":"post","link":"https:\/\/www.automakers.cz\/?p=4621","title":{"rendered":"Chan Park \u0161\u00e9fdesign\u00e9rem interi\u00e9ru \u0160kody"},"content":{"rendered":"<p><strong>Petera Olaha vyst\u0159\u00eddal na pozici vedouc\u00edho designu interi\u00e9ru \u0160kody Auto Chan Park. Absolvent Royal College <\/strong><strong>of Art p\u0159ich\u00e1z\u00ed do \u010desk\u00e9 automobilky se zku\u0161enostmi z n\u011bkolika automobilov\u00fdch zna\u010dek. V budoucnu ponese jeho podpis interi\u00e9r s\u00e9riov\u00fdch i koncep\u010dn\u00edch voz\u016f zna\u010dky \u0160koda.<\/strong> <!--more--><\/p>\n<p>Krom\u011b minimalistick\u00e9ho p\u0159\u00edstupu k designu se Park zam\u011b\u0159\u00ed na zlep\u0161en\u00ed spole\u010dn\u00e9ho souzn\u011bn\u00ed \u0159idi\u010de a vozu. Jeho p\u0159edch\u016fdce Peter Olah p\u0159eb\u00edr\u00e1 novou funkci v t\u00fdmu \u0160koda Design a bude zodpov\u011bdn\u00fd za pozici Art Direction \u2013 One Design Identity.<\/p>\n<p>Oliver Stefani, \u0161\u00e9fdesign\u00e9r \u0160koda Auto, \u0159\u00edk\u00e1: \u201eJsem pot\u011b\u0161en, \u017ee mohu v t\u00fdmu \u0160koda Design p\u0159iv\u00edtat Chan Parka. D\u00edky sv\u00fdm prokazateln\u00fdm zku\u0161enostem u v\u00fdznamn\u00fdch automobilek je ide\u00e1ln\u00edm kandid\u00e1tem na pozici vedouc\u00edho odd\u011blen\u00ed designu interi\u00e9r\u016f. T\u011b\u0161\u00edm se, a\u017e uplatn\u00ed svou designovou filozofii \u201em\u00e9n\u011b je v\u00edce\u201c a dokonale slad\u00ed estetick\u00fd vzhled a funk\u010dnost na\u0161ich voz\u016f.<\/p>\n<p>T\u011b\u0161\u00edm se na na\u0161i spolupr\u00e1ci a p\u0159eji mu mnoho \u00fasp\u011bch\u016f. Peter Olah v\u00fdznamn\u011b p\u0159isp\u011bl k vytvo\u0159en\u00ed charakteristick\u00e9 DNA celkov\u00e9ho designu interi\u00e9r\u016f na\u0161ich voz\u016f. T\u011b\u0161\u00edm se na dal\u0161\u00ed pokra\u010dov\u00e1n\u00ed na\u0161\u00ed spolupr\u00e1ce a p\u0159eji mu hodn\u011b radosti a mnoho \u00fasp\u011bch\u016f v jeho nov\u00e9 funkci.\u201c<\/p>\n<p>Chan Park byl doned\u00e1vna \u0161\u00e9fdesign\u00e9rem interi\u00e9ru automobilky Nio. Park v roce 2007 dokon\u010dil magistersk\u00e9 studium oboru Design vozidel na Royal College of Art v Lond\u00fdn\u011b. Svou profesn\u00ed kari\u00e9ru zah\u00e1jil ve spole\u010dnosti Pininfarina v It\u00e1lii. V lednu 2009 p\u0159e\u0161el do spole\u010dnosti Kia Europe v N\u011bmecku, kde m\u011bl na starosti design interi\u00e9ru n\u011bkolika projekt\u016f.<\/p>\n<p>Ve spole\u010dnosti Mercedes-Benz AG postoupil na pozici seniorn\u00edho design\u00e9ra interi\u00e9ru a v letech 2013 a\u017e 2021 se vypracoval na pozici seniorn\u00edho design\u00e9ra v Audi AG.<\/p>\n<p><strong>Olah z\u016fst\u00e1v\u00e1 v t\u00fdmu<\/strong><\/p>\n<p>Jeho p\u0159edch\u016fdce Peter Olah z\u016fstane \u010dlenem t\u00fdmu \u0160koda Design a p\u0159evezme odpov\u011bdnost za pozici Art Direction \u2013 One Design Identity. Ve sv\u00e9 nov\u00e9 pozici bude m\u00edt na starosti definov\u00e1n\u00ed a dohled nad ucelenou 360\u00b0 strategi\u00ed designu v\u010detn\u011b filozofie, stylu a v\u00fdzkumu budouc\u00edch trend\u016f.<\/p>\n<p><strong>Zdroj: \u0160koda Auto<\/strong><\/p>\n","protected":false},"excerpt":{"rendered":"<p>Petera Olaha vyst\u0159\u00eddal na pozici vedouc\u00edho designu interi\u00e9ru \u0160kody Auto Chan Park. Absolvent Royal College&#8230;<\/p>\n","protected":false},"author":1,"featured_media":4623,"comment_status":"closed","ping_status":"closed","sticky":false,"template":"","format":"standard","meta":{"footnotes":""},"categories":[13,5],"tags":[],"class_list":["post-4621","post","type-post","status-publish","format-standard","has-post-thumbnail","hentry","category-design","category-personalie"],"_links":{"self":[{"href":"https:\/\/www.automakers.cz\/index.php?rest_route=\/wp\/v2\/posts\/4621","targetHints":{"allow":["GET"]}}],"collection":[{"href":"https:\/\/www.automakers.cz\/index.php?rest_route=\/wp\/v2\/posts"}],"about":[{"href":"https:\/\/www.automakers.cz\/index.php?rest_route=\/wp\/v2\/types\/post"}],"author":[{"embeddable":true,"href":"https:\/\/www.automakers.cz\/index.php?rest_route=\/wp\/v2\/users\/1"}],"replies":[{"embeddable":true,"href":"https:\/\/www.automakers.cz\/index.php?rest_route=%2Fwp%2Fv2%2Fcomments&post=4621"}],"version-history":[{"count":4,"href":"https:\/\/www.automakers.cz\/index.php?rest_route=\/wp\/v2\/posts\/4621\/revisions"}],"predecessor-version":[{"id":4626,"href":"https:\/\/www.automakers.cz\/index.php?rest_route=\/wp\/v2\/posts\/4621\/revisions\/4626"}],"wp:featuredmedia":[{"embeddable":true,"href":"https:\/\/www.automakers.cz\/index.php?rest_route=\/wp\/v2\/media\/4623"}],"wp:attachment":[{"href":"https:\/\/www.automakers.cz\/index.php?rest_route=%2Fwp%2Fv2%2Fmedia&parent=4621"}],"wp:term":[{"taxonomy":"category","embeddable":true,"href":"https:\/\/www.automakers.cz\/index.php?rest_route=%2Fwp%2Fv2%2Fcategories&post=4621"},{"taxonomy":"post_tag","embeddable":true,"href":"https:\/\/www.automakers.cz\/index.php?rest_route=%2Fwp%2Fv2%2Ftags&post=4621"}],"curies":[{"name":"wp","href":"https:\/\/api.w.org\/{rel}","templated":true}]}}