{"id":4627,"date":"2024-06-12T09:14:43","date_gmt":"2024-06-12T09:14:43","guid":{"rendered":"https:\/\/www.automakers.cz\/?p=4627"},"modified":"2024-06-12T09:13:39","modified_gmt":"2024-06-12T09:13:39","slug":"opel-ukazal-fronteru-na-cernem-moste","status":"publish","type":"post","link":"https:\/\/www.automakers.cz\/?p=4627","title":{"rendered":"Opel uk\u00e1zal Fronteru na \u010cern\u00e9m most\u011b"},"content":{"rendered":"<p><strong>Netradi\u010dn\u00ed m\u00edsto i formu p\u0159edpremi\u00e9rov\u00e9 statick\u00e9 prezentace si pro svoji horkou novinku vybralo \u010desk\u00e9 zastoupen\u00ed zna\u010dky Opel. Zasadilo ji do prost\u0159ed\u00ed velk\u00e9ho n\u00e1kupn\u00edho centra v Praze na \u010cern\u00e9m most\u011b.<\/strong><!--more--><\/p>\n<p>V\u00a0ohrani\u010den\u00e9m ostr\u016fvku mezi proch\u00e1zej\u00edc\u00edmi z\u00e1kazn\u00edky tak byl poprv\u00e9 v\u00a0\u010cesku vystaven model nesouc\u00ed zn\u00e1m\u00e9, ale u\u017e i trochu pozapomenut\u00e9 jm\u00e9no Frontera. Od premi\u00e9ry p\u016fvodn\u00ed Frontery, kter\u00e1 byla robustn\u00edm SUV a vyr\u00e1b\u011bla se 14 let, ub\u011bhlo u\u017e 33 let.<\/p>\n<p>O novince, ve kterou import Opelu vkl\u00e1d\u00e1 nemal\u00e9 nad\u011bje, p\u0159\u00edtomn\u00e9 novin\u00e1\u0159e informovala produktov\u00e1 mana\u017eerka Michaela Chmel\u00edkov\u00e1, spolu s PR mana\u017eerem zna\u010dky Martinem Hejralem.<\/p>\n<p><img loading=\"lazy\" decoding=\"async\" class=\"alignnone size-medium wp-image-4630\" src=\"http:\/\/www.automakers.cz\/wp-content\/uploads\/2024\/06\/Opel-Frontera_Hejral-Cmelikova-900x621.jpg\" alt=\"\" width=\"900\" height=\"621\" srcset=\"https:\/\/www.automakers.cz\/wp-content\/uploads\/2024\/06\/Opel-Frontera_Hejral-Cmelikova-900x621.jpg 900w, https:\/\/www.automakers.cz\/wp-content\/uploads\/2024\/06\/Opel-Frontera_Hejral-Cmelikova-1024x707.jpg 1024w, https:\/\/www.automakers.cz\/wp-content\/uploads\/2024\/06\/Opel-Frontera_Hejral-Cmelikova-768x530.jpg 768w, https:\/\/www.automakers.cz\/wp-content\/uploads\/2024\/06\/Opel-Frontera_Hejral-Cmelikova-1536x1060.jpg 1536w, https:\/\/www.automakers.cz\/wp-content\/uploads\/2024\/06\/Opel-Frontera_Hejral-Cmelikova-2048x1413.jpg 2048w\" sizes=\"auto, (max-width: 900px) 100vw, 900px\" \/>Oba vyzdvihli, \u017ee nov\u00e1 Frontera u\u017e nen\u00ed klasick\u00e9 SUV, jako ta p\u016fvodn\u00ed, ale sou\u010dasn\u00e9mu trendu v\u00edce odpov\u00eddaj\u00edc\u00ed kompaktn\u00ed rodinn\u00fd crossover, s d\u00e9lkou 4,38 metru, koncipovan\u00fd jako v\u016fz pro \u0161irok\u00e9 spektrum u\u017eivatel\u016f, kte\u0159\u00ed vy\u017eaduj\u00ed v\u00edc prakti\u010dnost a cenovou dostupnost, ne\u017e n\u00e1ro\u010dn\u00e9 a drah\u00e9 high-tech lah\u016fdky.<\/p>\n<p><strong><b>A\u017e sedm sedadel<\/b><\/strong><\/p>\n<p>Vzhledem k\u00a0celkov\u011b kompaktn\u00edm vn\u011bj\u0161\u00edm rozm\u011br\u016fm m\u00e1 nov\u00e1 Frontera p\u0159ekvapiv\u011b prostorn\u00fd interi\u00e9r, do kter\u00e9ho se vejde a\u017e sedm sedadel, v\u00a0p\u011btisedadlov\u00e9m proveden\u00ed disponuje zavazadlov\u00fdm prostorem 460 l a p\u0159i j\u00edzd\u011b ve dvou, opravdu slu\u0161n\u00fdmi 1600 litry.<\/p>\n<p>Pracovi\u0161t\u011b \u0159idi\u010de pot\u011b\u0161\u00ed mnoh\u00e9 p\u0159\u00edznivce snadn\u00e9ho ovl\u00e1d\u00e1n\u00ed. Opel Frontera si zakl\u00e1d\u00e1 na logick\u00fdch tla\u010d\u00edtk\u00e1ch a nekomplikuje zap\u00edn\u00e1n\u00ed \u010di vyp\u00edn\u00e1n\u00ed funkc\u00ed loven\u00edm na dotykov\u00fdch displej\u00edch.<\/p>\n<p><strong><b>Pohon si m\u016f\u017ee ka\u017ed\u00fd vybrat <\/b><\/strong><\/p>\n<p>I kdy\u017e se prezentace nesla v\u00a0duchu zd\u016fraz\u0148ov\u00e1n\u00ed \u010dist\u011b elektrick\u00e9 verze, kter\u00e1 bude s\u00a0dojezdem 300, resp. 400 km jist\u011b l\u00e1mat prodejn\u00ed statistiky v\u00a0nab\u00eddce pohonn\u00fdch jednotek m\u00e1 nov\u00e1 Frontera tak\u00e9 benzinovou mild-hybridn\u00ed verzi 1.2 l\/100 nebo 136 k, kter\u00e1 by se v\u00a0z\u00e1kladn\u00edm proveden\u00ed mohla dostat cenov\u011b i pod hranici p\u016fl milionu K\u010d. Jak je dnes u\u017e u men\u0161\u00edch model\u016f obvykl\u00e9, v\u00a0nab\u00eddce celkem pochopiteln\u011b chyb\u00ed naftov\u00e1 verze.<\/p>\n<p><strong><b>Nebude to m\u00edt snadn\u00e9 <\/b><\/strong><\/p>\n<p>Letm\u00fd pohled do sou\u010dasn\u00e9 nab\u00eddky kompaktn\u00edch crossover\u016f ukazuje, \u017ee se v t\u00e9to dnes nejobl\u00edben\u011bj\u0161\u00ed a nejv\u00edce prod\u00e1van\u00e9 kategorii uch\u00e1z\u00ed o p\u0159\u00edze\u0148 z\u00e1kazn\u00edk\u016f na \u010desk\u00e9m trhu na pades\u00e1t!!! model\u016f. Nejnov\u011bj\u0161\u00ed p\u0159\u00edr\u016fstek ze st\u00e1je Opel to v sou\u010dasn\u00e9 konkurenci nebude m\u00edt lehk\u00e9. V prodeji se m\u00e1 Frontera objevit u\u017e na podzim a p\u0159esn\u00e9 ceny budou zn\u00e1m\u00e9 pozd\u011bji.<\/p>\n<p><strong>Karel Ber\u00e1nek, \u010cern\u00fd most<\/strong><\/p>\n<p>&nbsp;<\/p>\n","protected":false},"excerpt":{"rendered":"<p>Netradi\u010dn\u00ed m\u00edsto i formu p\u0159edpremi\u00e9rov\u00e9 statick\u00e9 prezentace si pro svoji horkou novinku vybralo \u010desk\u00e9 zastoupen\u00ed&#8230;<\/p>\n","protected":false},"author":1,"featured_media":4629,"comment_status":"closed","ping_status":"closed","sticky":false,"template":"","format":"standard","meta":{"footnotes":""},"categories":[12,20],"tags":[],"class_list":["post-4627","post","type-post","status-publish","format-standard","has-post-thumbnail","hentry","category-premiery","category-tiskovky"],"_links":{"self":[{"href":"https:\/\/www.automakers.cz\/index.php?rest_route=\/wp\/v2\/posts\/4627","targetHints":{"allow":["GET"]}}],"collection":[{"href":"https:\/\/www.automakers.cz\/index.php?rest_route=\/wp\/v2\/posts"}],"about":[{"href":"https:\/\/www.automakers.cz\/index.php?rest_route=\/wp\/v2\/types\/post"}],"author":[{"embeddable":true,"href":"https:\/\/www.automakers.cz\/index.php?rest_route=\/wp\/v2\/users\/1"}],"replies":[{"embeddable":true,"href":"https:\/\/www.automakers.cz\/index.php?rest_route=%2Fwp%2Fv2%2Fcomments&post=4627"}],"version-history":[{"count":2,"href":"https:\/\/www.automakers.cz\/index.php?rest_route=\/wp\/v2\/posts\/4627\/revisions"}],"predecessor-version":[{"id":4631,"href":"https:\/\/www.automakers.cz\/index.php?rest_route=\/wp\/v2\/posts\/4627\/revisions\/4631"}],"wp:featuredmedia":[{"embeddable":true,"href":"https:\/\/www.automakers.cz\/index.php?rest_route=\/wp\/v2\/media\/4629"}],"wp:attachment":[{"href":"https:\/\/www.automakers.cz\/index.php?rest_route=%2Fwp%2Fv2%2Fmedia&parent=4627"}],"wp:term":[{"taxonomy":"category","embeddable":true,"href":"https:\/\/www.automakers.cz\/index.php?rest_route=%2Fwp%2Fv2%2Fcategories&post=4627"},{"taxonomy":"post_tag","embeddable":true,"href":"https:\/\/www.automakers.cz\/index.php?rest_route=%2Fwp%2Fv2%2Ftags&post=4627"}],"curies":[{"name":"wp","href":"https:\/\/api.w.org\/{rel}","templated":true}]}}