{"id":4651,"date":"2024-06-12T09:52:56","date_gmt":"2024-06-12T09:52:56","guid":{"rendered":"https:\/\/www.automakers.cz\/?p=4651"},"modified":"2024-06-12T09:55:31","modified_gmt":"2024-06-12T09:55:31","slug":"superb-mel-mezinarodni-premieru-v-puppu","status":"publish","type":"post","link":"https:\/\/www.automakers.cz\/?p=4651","title":{"rendered":"Superb m\u011bl mezin\u00e1rodn\u00ed premi\u00e9ru v Puppu"},"content":{"rendered":"<p align=\"LEFT\"><span style=\"color: #000000;\"><span style=\"font-family: Arial, sans-serif;\"><span style=\"font-size: medium;\"><strong>\u0160kodovka letos v zim\u011b p\u0159esunula produkci limuz\u00edny Superb z v\u00fdchodo\u010desk\u00fdch Kvasin do Bratislavy, kde sj\u00ed\u017ed\u00ed z v\u00fdrobn\u00edch p\u00e1s\u016f v po\u0159ad\u00ed \u010dtvrt\u00e1 generace modelu. Automobilka nejd\u0159\u00edve na ja\u0159e uk\u00e1zala komb\u00edk, na za\u010d\u00e1tku \u010dervna si v Karlov\u00fdch Varech pronajala hotel Pupp pro mezin\u00e1rodn\u00ed novin\u00e1\u0159skou premi\u00e9ru kr\u00e1tk\u00e9 karos\u00e1\u0159sk\u00e9 varianty liftback.<\/strong><br \/>\n<\/span><\/span><\/span><!--more--><\/p>\n<p align=\"LEFT\"><span style=\"color: #000000;\"><span style=\"font-family: Arial, sans-serif;\"><span style=\"font-size: medium;\">Novin\u00e1\u0159i z cel\u00e9 Evropy p\u0159ij\u00ed\u017ed\u011bli do Puppu po skupin\u00e1ch v pr\u016fb\u011bhu 14 dn\u016f, absolvovali technickou prezentaci a testovac\u00ed j\u00edzdy vedouc\u00ed z Var\u016f a\u017e na Bo\u017e\u00ed dar v Kru\u0161n\u00fdch hor\u00e1ch.<br \/>\n<\/span><\/span><\/span><\/p>\n<p align=\"LEFT\"><img loading=\"lazy\" decoding=\"async\" class=\"alignnone size-medium wp-image-4655\" src=\"http:\/\/www.automakers.cz\/wp-content\/uploads\/2024\/06\/Skoda-Superb-Pupp-TK-900x675.jpg\" alt=\"\" width=\"900\" height=\"675\" srcset=\"https:\/\/www.automakers.cz\/wp-content\/uploads\/2024\/06\/Skoda-Superb-Pupp-TK-900x675.jpg 900w, https:\/\/www.automakers.cz\/wp-content\/uploads\/2024\/06\/Skoda-Superb-Pupp-TK-1024x768.jpg 1024w, https:\/\/www.automakers.cz\/wp-content\/uploads\/2024\/06\/Skoda-Superb-Pupp-TK-768x576.jpg 768w, https:\/\/www.automakers.cz\/wp-content\/uploads\/2024\/06\/Skoda-Superb-Pupp-TK-1536x1152.jpg 1536w, https:\/\/www.automakers.cz\/wp-content\/uploads\/2024\/06\/Skoda-Superb-Pupp-TK.jpg 2040w\" sizes=\"auto, (max-width: 900px) 100vw, 900px\" \/><span style=\"color: #000000;\"><span style=\"font-family: Arial, sans-serif;\"><span style=\"font-size: medium;\">Superb m<span style=\"color: #161718;\">\u00e1 nyn\u00ed osmihrannou masku chladi\u010de a ost\u0159e \u0159ezan\u00e9 p\u0159edn\u00ed sv\u011btlomety, kter\u00e9 podle v\u00fdrobce poskytuj\u00ed je\u0161t\u011b lep\u0161\u00ed osv\u011btlen\u00ed ne\u017e p\u0159edchoz\u00ed generace. <\/span><\/span><\/span><\/span><\/p>\n<p align=\"LEFT\"><img loading=\"lazy\" decoding=\"async\" class=\"alignnone size-medium wp-image-4656\" src=\"http:\/\/www.automakers.cz\/wp-content\/uploads\/2024\/06\/Skoda-superb-sveteln-y-modul-900x675.jpg\" alt=\"\" width=\"900\" height=\"675\" srcset=\"https:\/\/www.automakers.cz\/wp-content\/uploads\/2024\/06\/Skoda-superb-sveteln-y-modul-900x675.jpg 900w, https:\/\/www.automakers.cz\/wp-content\/uploads\/2024\/06\/Skoda-superb-sveteln-y-modul-1024x768.jpg 1024w, https:\/\/www.automakers.cz\/wp-content\/uploads\/2024\/06\/Skoda-superb-sveteln-y-modul-768x576.jpg 768w, https:\/\/www.automakers.cz\/wp-content\/uploads\/2024\/06\/Skoda-superb-sveteln-y-modul-1536x1152.jpg 1536w, https:\/\/www.automakers.cz\/wp-content\/uploads\/2024\/06\/Skoda-superb-sveteln-y-modul.jpg 2040w\" sizes=\"auto, (max-width: 900px) 100vw, 900px\" \/><span style=\"color: #000000;\"><span style=\"font-family: Arial, sans-serif;\"><span style=\"font-size: medium;\"><span style=\"color: #161718;\">Sou\u010d\u00e1st\u00ed Matrix\u00a0LED p\u0159edn\u00edch sv\u011btlomet\u016f je nov\u00fd designov\u00fd prvek <\/span><span style=\"color: #161718;\">zvan\u00fd <\/span><span style=\"color: #161718;\">Crystallinium. Top LED zadn\u00ed sv\u011btla maj\u00ed animovan\u00e9 ukazatele sm\u011bru a\u00a0funkci Coming\/Leaving Home. Celkov\u00fd design d\u00e1le vylep\u0161uj\u00ed designov\u00e9 prvky v\u00a0odst\u00ednu Dark Chrome, nap\u0159\u00edklad logo \u0160koda na kapot\u011b nebo n\u00e1pis \u0160koda na p\u00e1t\u00fdch dve\u0159\u00edch. <\/span><\/span><\/span><\/span><\/p>\n<p align=\"LEFT\"><img loading=\"lazy\" decoding=\"async\" class=\"alignnone size-medium wp-image-4657\" src=\"http:\/\/www.automakers.cz\/wp-content\/uploads\/2024\/06\/Skoda-Superb-palubka-900x675.jpg\" alt=\"\" width=\"900\" height=\"675\" srcset=\"https:\/\/www.automakers.cz\/wp-content\/uploads\/2024\/06\/Skoda-Superb-palubka-900x675.jpg 900w, https:\/\/www.automakers.cz\/wp-content\/uploads\/2024\/06\/Skoda-Superb-palubka-1024x768.jpg 1024w, https:\/\/www.automakers.cz\/wp-content\/uploads\/2024\/06\/Skoda-Superb-palubka-768x576.jpg 768w, https:\/\/www.automakers.cz\/wp-content\/uploads\/2024\/06\/Skoda-Superb-palubka-1536x1152.jpg 1536w, https:\/\/www.automakers.cz\/wp-content\/uploads\/2024\/06\/Skoda-Superb-palubka.jpg 2040w\" sizes=\"auto, (max-width: 900px) 100vw, 900px\" \/><span style=\"font-family: Arial, sans-serif;\"><span style=\"font-size: medium;\"><span style=\"color: #000000;\">Nab\u00eddka pohonn\u00fdch jednotek \u010d\u00edt\u00e1 agreg\u00e1ty s v\u00fdkony od 110 kW (150 k) do 195 kW (265 k) a zahrnuje i plug-in hybridn\u00ed verzi s \u010dist\u011b elektrick\u00fdm dojezdem a\u017e 120 km. K tomu nov\u011b p\u0159ibyl motor 1,5 TSI s mild\u00a0hybridn\u00ed technologi\u00ed. Interi\u00e9r se chlub\u00ed multifunk\u010dn\u00edmi oto\u010dn\u00fdmi ovlada\u010di a softwarem vyu\u017e\u00edvaj\u00edc\u00edm um\u011blou inteligenci ChatGPT. <\/span><\/span><\/span><\/p>\n<p align=\"LEFT\"><span style=\"font-family: Arial, sans-serif;\"><span style=\"font-size: medium;\"><span style=\"color: #000000;\">Ve v\u011bt\u0161\u00ed m\u00ed\u0159e jsou v nov\u00e9 Superbu tak\u00e9 pou\u017eity udr\u017eiteln\u00e9 materi\u00e1ly.<\/span> <span style=\"color: #161718;\">Interi\u00e9r modelu Superb m\u00e1 voln\u011b stoj\u00edc\u00ed obrazovku infotainmentu s \u00fahlop\u0159\u00ed\u010dkou a\u017e 13\u201c. Voli\u010d p\u0159evodovky se p\u0159esunul na sloupek \u0159\u00edzen\u00ed, co\u017e pomohlo vytvo\u0159it st\u0159edovou konzoli s\u00a0\u010dist\u00fdm designem. Poprv\u00e9 je v Superbu k dispozici head\u00a0up displej. <\/span><\/span><\/span><\/p>\n<p align=\"LEFT\"><img loading=\"lazy\" decoding=\"async\" class=\"alignnone size-medium wp-image-4658\" src=\"http:\/\/www.automakers.cz\/wp-content\/uploads\/2024\/06\/Skoda-Superb-hotel-Pupp-Vary-900x675.jpg\" alt=\"\" width=\"900\" height=\"675\" srcset=\"https:\/\/www.automakers.cz\/wp-content\/uploads\/2024\/06\/Skoda-Superb-hotel-Pupp-Vary-900x675.jpg 900w, https:\/\/www.automakers.cz\/wp-content\/uploads\/2024\/06\/Skoda-Superb-hotel-Pupp-Vary-1024x768.jpg 1024w, https:\/\/www.automakers.cz\/wp-content\/uploads\/2024\/06\/Skoda-Superb-hotel-Pupp-Vary-768x576.jpg 768w, https:\/\/www.automakers.cz\/wp-content\/uploads\/2024\/06\/Skoda-Superb-hotel-Pupp-Vary-1536x1152.jpg 1536w, https:\/\/www.automakers.cz\/wp-content\/uploads\/2024\/06\/Skoda-Superb-hotel-Pupp-Vary.jpg 2040w\" sizes=\"auto, (max-width: 900px) 100vw, 900px\" \/><span style=\"font-family: Arial, sans-serif;\"><span style=\"font-size: medium;\"><span style=\"color: #161718;\">Mezi dal\u0161\u00ed novinky pat\u0159\u00ed nap\u0159. bezdr\u00e1tov\u00e9 nab\u00edjen\u00ed mobiln\u00edho telefonu o\u00a0v\u00fdkonu 15\u00a0W s\u00a0odv\u011btr\u00e1v\u00e1n\u00edm nebo ergonomick\u00e1 sedadla \u0161etrn\u00e1 k z\u00e1d\u016fm s\u00a0deseti pneumaticky ovl\u00e1dan\u00fdmi mas\u00e1\u017en\u00edmi vaky. Objem zavazadlov\u00e9ho prostoru verze liftback \u010din\u00ed 645\u00a0litr\u016f, co\u017e je o\u00a020\u00a0litr\u016f v\u00edce ne\u017e u\u00a0p\u0159edch\u016fdce. Nov\u00fd Superb Combi pojme a\u017e 690\u00a0litr\u016f, o\u00a030\u00a0litr\u016f v\u00edce ne\u017e p\u0159edchoz\u00ed generace. A cena? Limuz\u00edna startuje na 935 000 korun\u00e1ch.<\/span><\/span><\/span><\/p>\n<p align=\"LEFT\"><img loading=\"lazy\" decoding=\"async\" class=\"alignnone size-medium wp-image-4654\" src=\"http:\/\/www.automakers.cz\/wp-content\/uploads\/2024\/06\/Skoda-Superb-1936-Vary-Handl-900x675.jpg\" alt=\"\" width=\"900\" height=\"675\" srcset=\"https:\/\/www.automakers.cz\/wp-content\/uploads\/2024\/06\/Skoda-Superb-1936-Vary-Handl-900x675.jpg 900w, https:\/\/www.automakers.cz\/wp-content\/uploads\/2024\/06\/Skoda-Superb-1936-Vary-Handl-1024x768.jpg 1024w, https:\/\/www.automakers.cz\/wp-content\/uploads\/2024\/06\/Skoda-Superb-1936-Vary-Handl-768x576.jpg 768w, https:\/\/www.automakers.cz\/wp-content\/uploads\/2024\/06\/Skoda-Superb-1936-Vary-Handl-1536x1152.jpg 1536w, https:\/\/www.automakers.cz\/wp-content\/uploads\/2024\/06\/Skoda-Superb-1936-Vary-Handl.jpg 2040w\" sizes=\"auto, (max-width: 900px) 100vw, 900px\" \/><strong>P\u0159\u00edmo p\u0159ed Puppem bylo mo\u017en\u00e9 otestovat i Superb z roku 1936. P\u0159ijel z depozitu \u0161kodov\u00e1ck\u00e9ho muzea.<\/strong><\/p>\n<p align=\"LEFT\"><strong>Erich Handl, Karlovy Vary<\/strong><\/p>\n<p><iframe loading=\"lazy\" title=\"\u0160koda Superb Karlovy Vary\" width=\"640\" height=\"480\" src=\"https:\/\/www.youtube.com\/embed\/4quAVG-n6qo?feature=oembed\" frameborder=\"0\" allow=\"accelerometer; autoplay; clipboard-write; encrypted-media; gyroscope; picture-in-picture; web-share\" referrerpolicy=\"strict-origin-when-cross-origin\" allowfullscreen><\/iframe><\/p>\n","protected":false},"excerpt":{"rendered":"<p>\u0160kodovka letos v zim\u011b p\u0159esunula produkci limuz\u00edny Superb z v\u00fdchodo\u010desk\u00fdch Kvasin do Bratislavy, kde sj\u00ed\u017ed\u00ed&#8230;<\/p>\n","protected":false},"author":1,"featured_media":4653,"comment_status":"closed","ping_status":"closed","sticky":false,"template":"","format":"standard","meta":{"footnotes":""},"categories":[12,20,66],"tags":[],"class_list":["post-4651","post","type-post","status-publish","format-standard","has-post-thumbnail","hentry","category-premiery","category-tiskovky","category-video"],"_links":{"self":[{"href":"https:\/\/www.automakers.cz\/index.php?rest_route=\/wp\/v2\/posts\/4651","targetHints":{"allow":["GET"]}}],"collection":[{"href":"https:\/\/www.automakers.cz\/index.php?rest_route=\/wp\/v2\/posts"}],"about":[{"href":"https:\/\/www.automakers.cz\/index.php?rest_route=\/wp\/v2\/types\/post"}],"author":[{"embeddable":true,"href":"https:\/\/www.automakers.cz\/index.php?rest_route=\/wp\/v2\/users\/1"}],"replies":[{"embeddable":true,"href":"https:\/\/www.automakers.cz\/index.php?rest_route=%2Fwp%2Fv2%2Fcomments&post=4651"}],"version-history":[{"count":5,"href":"https:\/\/www.automakers.cz\/index.php?rest_route=\/wp\/v2\/posts\/4651\/revisions"}],"predecessor-version":[{"id":4662,"href":"https:\/\/www.automakers.cz\/index.php?rest_route=\/wp\/v2\/posts\/4651\/revisions\/4662"}],"wp:featuredmedia":[{"embeddable":true,"href":"https:\/\/www.automakers.cz\/index.php?rest_route=\/wp\/v2\/media\/4653"}],"wp:attachment":[{"href":"https:\/\/www.automakers.cz\/index.php?rest_route=%2Fwp%2Fv2%2Fmedia&parent=4651"}],"wp:term":[{"taxonomy":"category","embeddable":true,"href":"https:\/\/www.automakers.cz\/index.php?rest_route=%2Fwp%2Fv2%2Fcategories&post=4651"},{"taxonomy":"post_tag","embeddable":true,"href":"https:\/\/www.automakers.cz\/index.php?rest_route=%2Fwp%2Fv2%2Ftags&post=4651"}],"curies":[{"name":"wp","href":"https:\/\/api.w.org\/{rel}","templated":true}]}}