{"id":4704,"date":"2024-06-17T03:39:01","date_gmt":"2024-06-17T03:39:01","guid":{"rendered":"https:\/\/www.automakers.cz\/?p=4704"},"modified":"2024-06-17T03:39:01","modified_gmt":"2024-06-17T03:39:01","slug":"tuv-sud-czech-s-novym-reditelem","status":"publish","type":"post","link":"https:\/\/www.automakers.cz\/?p=4704","title":{"rendered":"T\u00dcV S\u00dcD Czech s\u00a0nov\u00fdm \u0159editelem"},"content":{"rendered":"<p><strong>T\u00dcV S\u00dcD Czech jmenovala Ji\u0159\u00edho Sochu nov\u00fdm gener\u00e1ln\u00edm \u0159editelem. V pozici vyst\u0159\u00edd\u00e1 Olega Spru\u017einu, kter\u00fd se v r\u00e1mci holdingu T\u00dcV S\u00dcD bude v\u011bnovat aktivit\u00e1m na \u00farovni regionu CEE.<\/strong><!--more--><\/p>\n<p>Ji\u0159\u00ed Socha ve spole\u010dnosti p\u016fsob\u00ed od roku 1999 a nejv\u011bt\u0161\u00ed \u010d\u00e1st sv\u00e9 kari\u00e9ry p\u016fsobil v\u00a0divizi Mobility, kterou od roku 2016 vedl. Divize Mobility v\u00a0r\u00e1mci \u010cesk\u00e9 republiky disponuje mimo jin\u00e9 n\u011bkolika unik\u00e1tn\u00edmi laborato\u0159emi zam\u011b\u0159en\u00fdmi na testov\u00e1n\u00ed a homologace vozidel.<\/p>\n<p>T\u00dcV S\u00dcD Czech je pobo\u010dka evropsk\u00e9ho l\u00eddra v\u00a0oblasti certifikace, nez\u00e1visl\u00e9ho ov\u011b\u0159ov\u00e1n\u00ed, testov\u00e1n\u00ed, inspekce a\u00a0vzd\u011bl\u00e1v\u00e1n\u00ed. P\u016fsobnost firmy zasahuje do v\u0161ech oblast\u00ed fyzick\u00e9ho i digit\u00e1ln\u00edho sv\u011bta, ve kter\u00fdch jde o bezpe\u010dnost, kvalitu \u010di ochranu \u017eivotn\u00edho prost\u0159ed\u00ed.<\/p>\n<p>Ji\u0159\u00ed Socha je absolventem \u010cVUT, kde zakon\u010dil studia z\u00edsk\u00e1n\u00edm titulu Ph.D. Je \u010dlenem p\u0159edstavenstva Sdru\u017een\u00ed automobilov\u00e9ho pr\u016fmyslu a \u010dlenem Rady vl\u00e1dy pro bezpe\u010dnost silni\u010dn\u00edho provozu. B\u011bhem sv\u00e9ho p\u016fsoben\u00ed v\u00a0\u010dele spole\u010dnosti chce zajistit, aby T\u00dcV S\u00dcD Czech i nad\u00e1le napl\u0148ovala roli respektovan\u00e9ho partnera pro sv\u00e9 kl\u00ed\u010dov\u00e9 z\u00e1kazn\u00edky i n\u00e1rodn\u00ed autority.<\/p>\n<p>Spole\u010dnost je zn\u00e1ma zejm\u00e9na ve spojen\u00ed s\u00a0bezpe\u010dnost\u00ed automobil\u016f, zab\u00fdv\u00e1 se v\u0161ak i takov\u00fdmi oblastmi jako je kyberbezpe\u010dnost, bezpe\u010dnost potravin \u010di ochrana \u017eivotn\u00edho prost\u0159ed\u00ed. Pr\u00e1v\u011b v\u00a0t\u00e9matech souvisej\u00edc\u00edch s\u00a0udr\u017eitelnost\u00ed a ochranou \u017eivotn\u00edho prost\u0159ed\u00ed o\u010dek\u00e1v\u00e1 Ji\u0159\u00ed Socha velmi rychl\u00fd rozvoj s\u00a0ohledem na zodpov\u011bdn\u011bj\u0161\u00ed chov\u00e1n\u00ed firem i rostouc\u00ed dopad evropsk\u00fdch regulac\u00ed. Obrat spole\u010dnosti T\u00dcV S\u00dcD Czech se v\u00a0minul\u00e9m roce p\u0159ibl\u00ed\u017eil hranici 800 mili\u00f3n\u016f korun.<\/p>\n<p>\u201eV\u00a0budoucnu bych r\u00e1d pos\u00edlil na\u0161e postaven\u00ed v\u00a0regionu st\u0159edn\u00ed Evropy, k\u00a0dal\u0161\u00edmu rozvoji vyu\u017eijeme ka\u017edou p\u0159\u00edle\u017eitost, kter\u00e1 se na evropsk\u00e9m trhu testov\u00e1n\u00ed, inspekc\u00ed a certifikac\u00ed objev\u00ed,\u201c \u0159\u00edk\u00e1 Ji\u0159\u00ed Socha ke sv\u00e9mu jmenov\u00e1n\u00ed do nov\u00e9 role.<\/p>\n<p><strong>Zdroj: Ivo \u010ci\u017em\u00e1r<\/strong><\/p>\n<p>&nbsp;<\/p>\n<p>&nbsp;<\/p>\n","protected":false},"excerpt":{"rendered":"<p>T\u00dcV S\u00dcD Czech jmenovala Ji\u0159\u00edho Sochu nov\u00fdm gener\u00e1ln\u00edm \u0159editelem. V pozici vyst\u0159\u00edd\u00e1 Olega Spru\u017einu, kter\u00fd&#8230;<\/p>\n","protected":false},"author":1,"featured_media":4705,"comment_status":"closed","ping_status":"closed","sticky":false,"template":"","format":"standard","meta":{"footnotes":""},"categories":[6,5],"tags":[],"class_list":["post-4704","post","type-post","status-publish","format-standard","has-post-thumbnail","hentry","category-management","category-personalie"],"_links":{"self":[{"href":"https:\/\/www.automakers.cz\/index.php?rest_route=\/wp\/v2\/posts\/4704","targetHints":{"allow":["GET"]}}],"collection":[{"href":"https:\/\/www.automakers.cz\/index.php?rest_route=\/wp\/v2\/posts"}],"about":[{"href":"https:\/\/www.automakers.cz\/index.php?rest_route=\/wp\/v2\/types\/post"}],"author":[{"embeddable":true,"href":"https:\/\/www.automakers.cz\/index.php?rest_route=\/wp\/v2\/users\/1"}],"replies":[{"embeddable":true,"href":"https:\/\/www.automakers.cz\/index.php?rest_route=%2Fwp%2Fv2%2Fcomments&post=4704"}],"version-history":[{"count":2,"href":"https:\/\/www.automakers.cz\/index.php?rest_route=\/wp\/v2\/posts\/4704\/revisions"}],"predecessor-version":[{"id":4707,"href":"https:\/\/www.automakers.cz\/index.php?rest_route=\/wp\/v2\/posts\/4704\/revisions\/4707"}],"wp:featuredmedia":[{"embeddable":true,"href":"https:\/\/www.automakers.cz\/index.php?rest_route=\/wp\/v2\/media\/4705"}],"wp:attachment":[{"href":"https:\/\/www.automakers.cz\/index.php?rest_route=%2Fwp%2Fv2%2Fmedia&parent=4704"}],"wp:term":[{"taxonomy":"category","embeddable":true,"href":"https:\/\/www.automakers.cz\/index.php?rest_route=%2Fwp%2Fv2%2Fcategories&post=4704"},{"taxonomy":"post_tag","embeddable":true,"href":"https:\/\/www.automakers.cz\/index.php?rest_route=%2Fwp%2Fv2%2Ftags&post=4704"}],"curies":[{"name":"wp","href":"https:\/\/api.w.org\/{rel}","templated":true}]}}