{"id":4708,"date":"2024-06-17T03:20:59","date_gmt":"2024-06-17T03:20:59","guid":{"rendered":"https:\/\/www.automakers.cz\/?p=4708"},"modified":"2024-06-17T03:44:11","modified_gmt":"2024-06-17T03:44:11","slug":"raben-nasadil-elektricky-chladici-naves","status":"publish","type":"post","link":"https:\/\/www.automakers.cz\/?p=4708","title":{"rendered":"Raben nasadil elektrick\u00fd chladic\u00ed n\u00e1v\u011bs"},"content":{"rendered":"<p><strong>Raben Fresh Logistics nov\u011b vyu\u017e\u00edv\u00e1 chladic\u00ed n\u00e1v\u011bs, kter\u00fd d\u00edky syst\u00e9mu rekuperace z\u00edsk\u00e1v\u00e1 energii ze samotn\u00e9 j\u00edzdy. Z ned\u00e1vno zve\u0159ejn\u011bn\u00fdch v\u00fdpo\u010dt\u016f Rabenu z\u00e1rove\u0148 vyplynulo, \u017ee uhl\u00edkovou stopu p\u0159epravy sni\u017euj\u00ed velk\u00e1 vozidla, kter\u00e1 pojmou v\u00edce palet.<\/strong><!--more--><\/p>\n<p>N\u00e1v\u011bs slou\u017e\u00edc\u00ed pro bezpe\u010dnou p\u0159epravu \u010derstv\u00fdch potravin mus\u00ed n\u00e1klad udr\u017eovat p\u0159i n\u00edzk\u00fdch teplot\u00e1ch, nap\u0159\u00edklad v\u00a0p\u0159\u00edpad\u011b ovoce a zeleniny je to od 2 do 4 \u00b0C. Chladic\u00ed jednotka, kterou vyu\u017e\u00edv\u00e1 Raben Fresh Logistics dok\u00e1\u017ee pot\u0159ebnou energii z\u00edsk\u00e1vat z\u00a0j\u00edzdy a br\u017ed\u011bn\u00ed vozidla, d\u00edky \u010demu\u017e sni\u017euje emise CO\u2082e o 30 %. Vygenerovan\u00e1 energie se ukl\u00e1d\u00e1 do baterie, syst\u00e9m nav\u00edc sni\u017euje opot\u0159ebov\u00e1v\u00e1n\u00ed brzd a prodlu\u017euje jejich \u017eivotnost. Oproti b\u011b\u017en\u00e9mu \u0159e\u0161en\u00ed je syst\u00e9m ti\u0161\u0161\u00ed.<\/p>\n<p><em>\u201eJsme r\u00e1di, \u017ee m\u016f\u017eeme b\u00fdt sou\u010d\u00e1st\u00ed t\u00e9to environment\u00e1ln\u00ed evoluce. S\u00a0t\u00edmto \u0159e\u0161en\u00edm jsme schopni nejen u\u0161et\u0159it palivo, ale tak\u00e9 sni\u017eovat opot\u0159ebov\u00e1n\u00ed flotily. P\u0159\u00edv\u011bs spl\u0148uje\u200b Evropsk\u00e9 normy CO\u2082, d\u00edky \u010demu\u017e m\u016f\u017ee vj\u00ed\u017ed\u011bt do n\u00edzkoemisn\u00edch z\u00f3n, tich\u00fd chod nav\u00edc zvy\u0161uje pracovn\u00ed komfort na\u0161ich dopravc\u016f,\u201c<\/em>\u00a0\u0159\u00edk\u00e1 Jakub Zaj\u0105c , provozn\u00ed \u0159editel Fresh Logistics Polska.<\/p>\n<p><strong><b>Velk\u00e1 auta jsou ekologick\u00e1<\/b><\/strong><\/p>\n<p>Z\u00a0ned\u00e1vn\u00e9 konference odborn\u00edk\u016f na logistiku v\u00a0rokycansk\u00e9m Eurohubu vyplynulo, \u017ee nej\u00fa\u010dinn\u011bj\u0161\u00ed cesta k redukci uhl\u00edkov\u00e9 stopy v\u00a0logistice vede p\u0159es zv\u00fd\u0161en\u00ed efektivity p\u0159epravy. Nap\u0159\u00edklad n\u00e1kladn\u00ed vozidlo cityliner \u00a0pojme 27 palet, a d\u00edky tomu proti b\u011b\u017en\u00e9mu n\u00e1kladn\u00edmu 18 paletov\u00e9mu autu u\u0161et\u0159\u00ed 35 % emis\u00ed uhl\u00edku a jejich ekvivalent\u016f, oproti b\u011b\u017en\u00e9 dod\u00e1vce pak vyprodukuje o 63 % m\u00e9n\u011b emis\u00ed na p\u0159evezenou paletu.<\/p>\n<p>N\u011bkolikan\u00e1sobn\u00fd n\u00e1v\u011bs zvan\u00fd road train je o cel\u00fdch 61 % \u00fasporn\u011bj\u0161\u00ed ne\u017e b\u011b\u017en\u00fd n\u00e1v\u011bs, op\u011bt je to d\u00edky vy\u0161\u0161\u00ed n\u00e1kladov\u00e9 kapacit\u011b. A\u010dkoli m\u00e1 \u201esilni\u010dn\u00ed vlak\u201c o 3 litry vy\u0161\u0161\u00ed spot\u0159ebu na kilometr, oproti standardn\u00edmu n\u00e1v\u011bsu v\u00a0jednom sm\u011bru pr\u016fm\u011brn\u011b naveze o 29 palet v\u00edce.<\/p>\n<p><em><i>\u201eP\u0159epravn\u00ed kapacita je ve snaze o ekologi\u010dt\u011bj\u0161\u00ed p\u0159epravu naprosto kl\u00ed\u010dov\u00e1, zvl\u00e1\u0161\u0165 ve chv\u00edli, kdy jsou dojezdy elektromobil\u016f pro mezin\u00e1rodn\u00ed logistiku st\u00e1le nedostate\u010dn\u00e9. Elektrifikovan\u00e1 vozidla nicm\u00e9n\u011b nach\u00e1z\u00ed vyu\u017eit\u00ed na krat\u0161\u00edch \u00fasec\u00edch, v\u00a0r\u00e1mci m\u011bstsk\u00e9 logistiky nebo intralogistiky,\u201c <\/i><\/em>\u0159\u00edk\u00e1 Jakub Trnka<em><i>,<\/i><\/em>\u00a0gener\u00e1ln\u00ed \u0159editel Raben Logistics Czech &amp; Slovakia. Raben<em><i>\u00a0<\/i><\/em>Group v\u00a0Polsku ve spolupr\u00e1ci s\u00a0Ikeou a Volvo Trucks provozuje flotilu elektrifikovan\u00fdch kami\u00f3n\u016f, vozidla se nab\u00edj\u00ed elekt\u0159inou z\u00a0obnoviteln\u00fdch zdroj\u016f.<\/p>\n<p><strong>Je t\u0159eba se zam\u011b\u0159it na vyt\u00ed\u017eenost s\u00edt\u011b<\/strong><\/p>\n<p>Ukazuje se tak, \u017ee maxim\u00e1ln\u00ed vyu\u017eit\u00ed p\u0159epravn\u00edch kapacit je v\u00a0ochran\u011b \u017eivotn\u00edho prost\u0159ed\u00ed tou hlavn\u00ed zbran\u00ed \u2013 to je v\u00a0souladu se strategi\u00ed Rabenu p\u0159i budov\u00e1n\u00ed s\u00edt\u011b takzvan\u00fdch Eurohub\u016f, \u0161estice logistick\u00fdch dep, kter\u00e1 d\u00edky sv\u00e9mu strategick\u00e9mu um\u00edst\u011bn\u00ed efektivn\u011b propojuj\u00ed Evropu. <em>\u201eD\u00edky zaveden\u00ed centr\u00e1ln\u00edho p\u0159ekladi\u0161t\u011b v\u00a0rokycansk\u00e9m Eurohubu a zm\u011bn\u011b mezidepov\u00fdch spojen\u00ed se n\u00e1m poda\u0159ilo celkov\u011b u\u0161et\u0159it 5,5 % gram\u016f emis\u00ed na paletu oproti p\u016fvodn\u00edmu \u0159e\u0161en\u00ed,\u201c<\/em>\u00a0uvedl Jakub Trnka. Z\u00e1sadn\u00ed roli sehr\u00e1v\u00e1 tak\u00e9 vyu\u017e\u00edv\u00e1n\u00ed syst\u00e9mu v\u00fdm\u011bnn\u00fdch n\u00e1staveb BDF.<\/p>\n<p><strong>Zdroj: Raben<\/strong><\/p>\n<p><img loading=\"lazy\" decoding=\"async\" class=\"alignnone size-medium wp-image-4710\" src=\"http:\/\/www.automakers.cz\/wp-content\/uploads\/2024\/06\/Raben-naves-cooling-900x281.jpg\" alt=\"\" width=\"900\" height=\"281\" srcset=\"https:\/\/www.automakers.cz\/wp-content\/uploads\/2024\/06\/Raben-naves-cooling-900x281.jpg 900w, https:\/\/www.automakers.cz\/wp-content\/uploads\/2024\/06\/Raben-naves-cooling-1024x320.jpg 1024w, https:\/\/www.automakers.cz\/wp-content\/uploads\/2024\/06\/Raben-naves-cooling-768x240.jpg 768w, https:\/\/www.automakers.cz\/wp-content\/uploads\/2024\/06\/Raben-naves-cooling-1536x480.jpg 1536w, https:\/\/www.automakers.cz\/wp-content\/uploads\/2024\/06\/Raben-naves-cooling-2048x640.jpg 2048w\" sizes=\"auto, (max-width: 900px) 100vw, 900px\" \/><\/p>\n","protected":false},"excerpt":{"rendered":"<p>Raben Fresh Logistics nov\u011b vyu\u017e\u00edv\u00e1 chladic\u00ed n\u00e1v\u011bs, kter\u00fd d\u00edky syst\u00e9mu rekuperace z\u00edsk\u00e1v\u00e1 energii ze samotn\u00e9&#8230;<\/p>\n","protected":false},"author":1,"featured_media":4131,"comment_status":"closed","ping_status":"closed","sticky":false,"template":"","format":"standard","meta":{"footnotes":""},"categories":[15,43],"tags":[],"class_list":["post-4708","post","type-post","status-publish","format-standard","has-post-thumbnail","hentry","category-fleety","category-logistika"],"_links":{"self":[{"href":"https:\/\/www.automakers.cz\/index.php?rest_route=\/wp\/v2\/posts\/4708","targetHints":{"allow":["GET"]}}],"collection":[{"href":"https:\/\/www.automakers.cz\/index.php?rest_route=\/wp\/v2\/posts"}],"about":[{"href":"https:\/\/www.automakers.cz\/index.php?rest_route=\/wp\/v2\/types\/post"}],"author":[{"embeddable":true,"href":"https:\/\/www.automakers.cz\/index.php?rest_route=\/wp\/v2\/users\/1"}],"replies":[{"embeddable":true,"href":"https:\/\/www.automakers.cz\/index.php?rest_route=%2Fwp%2Fv2%2Fcomments&post=4708"}],"version-history":[{"count":3,"href":"https:\/\/www.automakers.cz\/index.php?rest_route=\/wp\/v2\/posts\/4708\/revisions"}],"predecessor-version":[{"id":4712,"href":"https:\/\/www.automakers.cz\/index.php?rest_route=\/wp\/v2\/posts\/4708\/revisions\/4712"}],"wp:featuredmedia":[{"embeddable":true,"href":"https:\/\/www.automakers.cz\/index.php?rest_route=\/wp\/v2\/media\/4131"}],"wp:attachment":[{"href":"https:\/\/www.automakers.cz\/index.php?rest_route=%2Fwp%2Fv2%2Fmedia&parent=4708"}],"wp:term":[{"taxonomy":"category","embeddable":true,"href":"https:\/\/www.automakers.cz\/index.php?rest_route=%2Fwp%2Fv2%2Fcategories&post=4708"},{"taxonomy":"post_tag","embeddable":true,"href":"https:\/\/www.automakers.cz\/index.php?rest_route=%2Fwp%2Fv2%2Ftags&post=4708"}],"curies":[{"name":"wp","href":"https:\/\/api.w.org\/{rel}","templated":true}]}}