{"id":4726,"date":"2024-06-17T09:04:13","date_gmt":"2024-06-17T09:04:13","guid":{"rendered":"https:\/\/www.automakers.cz\/?p=4726"},"modified":"2024-06-17T09:04:13","modified_gmt":"2024-06-17T09:04:13","slug":"morawa-generalnim-reditelem-alcar-group","status":"publish","type":"post","link":"https:\/\/www.automakers.cz\/?p=4726","title":{"rendered":"Morawa gener\u00e1ln\u00edm \u0159editelem ALCAR Group"},"content":{"rendered":"<p><strong>Veden\u00ed skupiny ALCAR p\u0159evezme v srpnu z pozice gener\u00e1ln\u00edho \u0159editele \/ CEO Christian Morawa (51). Alexander Riklin, dlouholet\u00fd CEO ALCAR Group, z\u016fstane ve funkci spolu s Christianem Morawou a\u017e do konce aktu\u00e1ln\u00edho obchodn\u00edho roku 2024\/25.<\/strong><!--more--><\/p>\n<p>V \u00fanoru 2025 se Alexander Riklin p\u0159ipoj\u00ed k poradn\u00edmu org\u00e1nu skupiny ALCAR a bude podporovat strategick\u00e9 \u0159\u00edzen\u00ed skupiny.<\/p>\n<p>Christian Morawa je jedn\u00edm z p\u0159edn\u00edch rakousk\u00fdch automobilov\u00fdch mana\u017eer\u016f. Rod\u00e1k z Doln\u00edho Rakouska a dlouholet\u00fd gener\u00e1ln\u00ed \u0159editel BMW Group Austria posunul zna\u010dku BMW na pozici nejv\u011bt\u0161\u00ed automobilov\u00e9 zna\u010dky v Rakousku v pr\u00e9miov\u00e9m segmentu. Strojn\u00ed a pr\u016fmyslov\u00fd in\u017een\u00fdr m\u00e1 v\u00edce ne\u017e 25 let zku\u0161enost\u00ed z r\u016fzn\u00fdch mezin\u00e1rodn\u00edch spole\u010dnost\u00ed od startup\u016f a\u017e po pr\u016fmyslov\u00e9 korporace.<\/p>\n<p><strong><b>Alexander Riklin, gener\u00e1ln\u00ed \u0159editel<\/b><\/strong>\u00a0skupiny ALCAR, uvedl: \u201eJsem velmi r\u00e1d, \u017ee se n\u00e1m na tuto pozici poda\u0159ilo z\u00edskat Christiana Morawu, \u00fasp\u011b\u0161n\u00e9ho top mana\u017eera a odborn\u00edka na evropsk\u00fd automobilov\u00fd pr\u016fmysl. Jsem p\u0159esv\u011bd\u010den, \u017ee sv\u00fdmi dlouholet\u00fdmi zku\u0161enostmi a odbornost\u00ed pos\u00edl\u00ed skupinu ALCAR a povede ji \u00fasp\u011b\u0161n\u011b do budoucna. P\u0159echodn\u00e9 obdob\u00ed do sv\u00e9ho p\u0159esunu do poradn\u00ed org\u00e1nu skupiny ALCAR za\u010d\u00e1tkem roku 2025 vyu\u017eiji p\u0159edev\u0161\u00edm k p\u0159ed\u00e1n\u00ed provozn\u00edho \u0159\u00edzen\u00ed skupiny.\u201c<\/p>\n<p><strong><b>Christian Morawa<\/b><\/strong>: \u201eJsem velmi r\u00e1d, \u017ee budu moci v\u00e9st skupinu ALCAR b\u011bhem jej\u00edch dal\u0161\u00edch f\u00e1z\u00ed r\u016fstu a rozvoje spole\u010dn\u011b s Alexanderem Riklinem. D\u00edky sv\u00e9 flexibilit\u011b a orientaci na z\u00e1kazn\u00edka je ALCAR strategicky dob\u0159e vybaven, aby zvl\u00e1dl rychle se m\u011bn\u00edc\u00ed podm\u00ednky. P\u0159\u00edb\u011bh jeho \u00fasp\u011bchu v posledn\u00edch 40 letech je toho p\u016fsobiv\u00fdm d\u016fkazem. V\u00e9st spole\u010dnost s tak pozoruhodnou histori\u00ed je velk\u00e1 zodpov\u011bdnost a vzru\u0161uj\u00edc\u00ed \u00fakol, na kter\u00fd se velmi t\u011b\u0161\u00edm.\u201c<\/p>\n<p><strong><b>Evropsk\u00fd p\u0159\u00edb\u011bh se p\u00ed\u0161e ji\u017e 40 let<\/b><\/strong><\/p>\n<p>Skupina ALCAR byla v sou\u010dasn\u00e9 podob\u011b zalo\u017eena v roce 1984 jako BBV Beteiligung GmbH. V uplynul\u00fdch 40 letech se postupn\u011b rozrostla a stala se l\u00eddrem v\u00a0obchodu s ocelov\u00fdmi a lit\u00fdmi koly na evropsk\u00e9m trhu. V roce 2014 roz\u0161\u00ed\u0159ila sv\u00e9 produktov\u00e9 portfolio o syst\u00e9my monitorov\u00e1n\u00ed tlaku v pneumatik\u00e1ch, kter\u00e9 dopl\u0148uj\u00ed sortiment skupiny ALCAR spolu se segmentem pneumatik a kompletn\u00edch kol.<\/p>\n<p><strong>Zdroj: Alcar, Ji\u0159\u00ed Pol\u00edvka<\/strong><\/p>\n","protected":false},"excerpt":{"rendered":"<p>Veden\u00ed skupiny ALCAR p\u0159evezme v srpnu z pozice gener\u00e1ln\u00edho \u0159editele \/ CEO Christian Morawa (51)&#8230;.<\/p>\n","protected":false},"author":1,"featured_media":4728,"comment_status":"closed","ping_status":"closed","sticky":false,"template":"","format":"standard","meta":{"footnotes":""},"categories":[6,5],"tags":[],"class_list":["post-4726","post","type-post","status-publish","format-standard","has-post-thumbnail","hentry","category-management","category-personalie"],"_links":{"self":[{"href":"https:\/\/www.automakers.cz\/index.php?rest_route=\/wp\/v2\/posts\/4726","targetHints":{"allow":["GET"]}}],"collection":[{"href":"https:\/\/www.automakers.cz\/index.php?rest_route=\/wp\/v2\/posts"}],"about":[{"href":"https:\/\/www.automakers.cz\/index.php?rest_route=\/wp\/v2\/types\/post"}],"author":[{"embeddable":true,"href":"https:\/\/www.automakers.cz\/index.php?rest_route=\/wp\/v2\/users\/1"}],"replies":[{"embeddable":true,"href":"https:\/\/www.automakers.cz\/index.php?rest_route=%2Fwp%2Fv2%2Fcomments&post=4726"}],"version-history":[{"count":3,"href":"https:\/\/www.automakers.cz\/index.php?rest_route=\/wp\/v2\/posts\/4726\/revisions"}],"predecessor-version":[{"id":4730,"href":"https:\/\/www.automakers.cz\/index.php?rest_route=\/wp\/v2\/posts\/4726\/revisions\/4730"}],"wp:featuredmedia":[{"embeddable":true,"href":"https:\/\/www.automakers.cz\/index.php?rest_route=\/wp\/v2\/media\/4728"}],"wp:attachment":[{"href":"https:\/\/www.automakers.cz\/index.php?rest_route=%2Fwp%2Fv2%2Fmedia&parent=4726"}],"wp:term":[{"taxonomy":"category","embeddable":true,"href":"https:\/\/www.automakers.cz\/index.php?rest_route=%2Fwp%2Fv2%2Fcategories&post=4726"},{"taxonomy":"post_tag","embeddable":true,"href":"https:\/\/www.automakers.cz\/index.php?rest_route=%2Fwp%2Fv2%2Ftags&post=4726"}],"curies":[{"name":"wp","href":"https:\/\/api.w.org\/{rel}","templated":true}]}}