{"id":4766,"date":"2024-06-19T06:55:03","date_gmt":"2024-06-19T06:55:03","guid":{"rendered":"https:\/\/www.automakers.cz\/?p=4766"},"modified":"2024-06-19T13:43:43","modified_gmt":"2024-06-19T13:43:43","slug":"toyota-prodala-fleet-35-hybridnich-yarisu","status":"publish","type":"post","link":"https:\/\/www.automakers.cz\/?p=4766","title":{"rendered":"Toyota prodala fleet 35 hybridn\u00edch Yaris\u016f"},"content":{"rendered":"<p><strong>Toyota dodala 35 voz\u016f Yaris hybrid spole\u010dnosti ACCOM, kter\u00e1 se zab\u00fdv\u00e1 v\u00fdrobou a distribuc\u00ed ml\u00e9\u010dn\u00fdch v\u00fdrobk\u016f. Vozy dodan\u00e9 jednor\u00e1zov\u011b Autobondem byly po\u0159\u00edzeny na operativn\u00ed leasing.<\/strong><!--more--><\/p>\n<p>\u201eToyota Yaris pat\u0159\u00ed dlouhodob\u011b mezi z\u00e1kaznicky nejobl\u00edben\u011bj\u0161\u00ed modely. Kombinuje pokrokovou hybridn\u00ed technologii s nep\u0159ehl\u00e9dnuteln\u00fdm designem. Je dokonalou volbou do m\u011bsta, ale jako doma se c\u00edt\u00ed i na d\u00e1lnici. Pro firemn\u00ed klientelu je proto skv\u011blou volbou,&#8220; \u0159\u00edk\u00e1 gener\u00e1ln\u00ed \u0159editel Toyota a Lexus \u010cR Martin Pele\u0161ka.<\/p>\n<div>\n<div id=\"image_49941\" class=\"image-gallery-wrapper font-reset\">\n<div class=\"fit-size animation\"><label for=\"article-gallery-view-49941\"><img decoding=\"async\" class=\"resize jch-lazyloaded\" src=\"https:\/\/www.toyotanews.eu\/images\/galleries\/2024_Toyota_dodala_35_hybridnich_Yarisu_eeske_firme_ACCOM\/LW_240524_TOYOTA_BOHUSOVICKA_MLEKARNA_LITOMERICE_CZ_HR_0003.jpg\" alt=\"Toyota dodala 35 hybridn\u00edch Yaris\u016f \u010desk\u00e9 firm\u011b ACCOM\" data-src=\"https:\/\/www.toyotanews.eu\/images\/galleries\/2024_Toyota_dodala_35_hybridnich_Yarisu_eeske_firme_ACCOM\/LW_240524_TOYOTA_BOHUSOVICKA_MLEKARNA_LITOMERICE_CZ_HR_0003.jpg\" data-width=\"1280\" data-height=\"960\" \/><\/label>Hybridn\u00ed Toyoty Yaris budou tvo\u0159it velkou \u010d\u00e1st vozov\u00e9ho parku, kter\u00fd dohromady \u010d\u00edt\u00e1 p\u0159es 50 voz\u016f. Vozy Toyota Yaris 1,5 s hybridn\u00edm pohonem disponuj\u00ed agreg\u00e1tem o v\u00fdkonu 115 kon\u00ed a dod\u00e1ny byly ve v\u00fdbavov\u00e9m stupni Style. Slou\u017eit budou hlavn\u011b obchodn\u00edm z\u00e1stupc\u016fm spole\u010dnosti.<\/div>\n<\/div>\n<\/div>\n<p>\u201eToyota je dlouhodob\u011b uzn\u00e1vanou renomovanou zna\u010dkou, a to nejen na \u010desk\u00e9m trhu, posledn\u00ed dobou obzvl\u00e1\u0161\u0165 v oblasti hybridn\u00edch vozidel. Pevn\u011b v\u011b\u0159\u00edm, \u017ee i na\u0161e rozhodnut\u00ed se pr\u00e1v\u011b proto ub\u00edr\u00e1 spr\u00e1vn\u00fdm sm\u011brem, a to jak v kvalit\u011b vozidel, tak v ot\u00e1zce ekologie a ekonomick\u00e9 nen\u00e1ro\u010dnosti provozu,&#8220; \u0159\u00edk\u00e1 Vladim\u00edr Hub\u00e1\u010dek, mana\u017eer dopravy spole\u010dnosti ACCOM.<\/p>\n<div>\n<div id=\"image_49949\" class=\"image-gallery-wrapper font-reset\">\n<div class=\"fit-size animation\"><label for=\"article-gallery-view-49949\"><img decoding=\"async\" class=\"resize jch-lazyloaded\" src=\"https:\/\/www.toyotanews.eu\/images\/galleries\/2024_Toyota_dodala_35_hybridnich_Yarisu_eeske_firme_ACCOM\/LW_240524_TOYOTA_BOHUSOVICKA_MLEKARNA_LITOMERICE_CZ_HR_0011.jpg\" alt=\"\" data-src=\"https:\/\/www.toyotanews.eu\/images\/galleries\/2024_Toyota_dodala_35_hybridnich_Yarisu_eeske_firme_ACCOM\/LW_240524_TOYOTA_BOHUSOVICKA_MLEKARNA_LITOMERICE_CZ_HR_0011.jpg\" data-width=\"1280\" data-height=\"960\" \/><\/label><\/div>\n<\/div>\n<\/div>\n<p>ACCOM p\u0159edstavuje skupinu firem, kter\u00e9 podnikaj\u00ed ve stejn\u00e9 oblasti. Tou je v\u00fdroba, import, export a distribuce p\u0159edev\u0161\u00edm ml\u00e9\u010dn\u00fdch v\u00fdrobk\u016f. Jedn\u00e1 se o \u010desk\u00e9 firmy bez jak\u00e9koliv zahrani\u010dn\u00ed kapit\u00e1lov\u00e9 \u00fa\u010dasti.<\/p>\n<p>V\u00fdrobn\u00edmi z\u00e1vody jsou Bohu\u0161ovick\u00e1 ml\u00e9k\u00e1rna a Choce\u0148sk\u00e1 ml\u00e9k\u00e1rna. Distribu\u010dn\u00ed a obchodn\u00ed \u010dinnosti zaji\u0161\u0165uj\u00ed na trhu jednotliv\u00fdch zem\u00ed samostatn\u00e9 firmy. Na \u010desk\u00e9m trhu p\u016fsob\u00ed ACCOM Czech a ACCOM Gastro. V zahrani\u010d\u00ed je to firma ACCOM Slovakia.<\/p>\n<p><strong>Zdroj: Toyota<\/strong><\/p>\n","protected":false},"excerpt":{"rendered":"<p>Toyota dodala 35 voz\u016f Yaris hybrid spole\u010dnosti ACCOM, kter\u00e1 se zab\u00fdv\u00e1 v\u00fdrobou a distribuc\u00ed ml\u00e9\u010dn\u00fdch&#8230;<\/p>\n","protected":false},"author":1,"featured_media":4767,"comment_status":"closed","ping_status":"closed","sticky":false,"template":"","format":"standard","meta":{"footnotes":""},"categories":[15],"tags":[],"class_list":["post-4766","post","type-post","status-publish","format-standard","has-post-thumbnail","hentry","category-fleety"],"_links":{"self":[{"href":"https:\/\/www.automakers.cz\/index.php?rest_route=\/wp\/v2\/posts\/4766","targetHints":{"allow":["GET"]}}],"collection":[{"href":"https:\/\/www.automakers.cz\/index.php?rest_route=\/wp\/v2\/posts"}],"about":[{"href":"https:\/\/www.automakers.cz\/index.php?rest_route=\/wp\/v2\/types\/post"}],"author":[{"embeddable":true,"href":"https:\/\/www.automakers.cz\/index.php?rest_route=\/wp\/v2\/users\/1"}],"replies":[{"embeddable":true,"href":"https:\/\/www.automakers.cz\/index.php?rest_route=%2Fwp%2Fv2%2Fcomments&post=4766"}],"version-history":[{"count":1,"href":"https:\/\/www.automakers.cz\/index.php?rest_route=\/wp\/v2\/posts\/4766\/revisions"}],"predecessor-version":[{"id":4768,"href":"https:\/\/www.automakers.cz\/index.php?rest_route=\/wp\/v2\/posts\/4766\/revisions\/4768"}],"wp:featuredmedia":[{"embeddable":true,"href":"https:\/\/www.automakers.cz\/index.php?rest_route=\/wp\/v2\/media\/4767"}],"wp:attachment":[{"href":"https:\/\/www.automakers.cz\/index.php?rest_route=%2Fwp%2Fv2%2Fmedia&parent=4766"}],"wp:term":[{"taxonomy":"category","embeddable":true,"href":"https:\/\/www.automakers.cz\/index.php?rest_route=%2Fwp%2Fv2%2Fcategories&post=4766"},{"taxonomy":"post_tag","embeddable":true,"href":"https:\/\/www.automakers.cz\/index.php?rest_route=%2Fwp%2Fv2%2Ftags&post=4766"}],"curies":[{"name":"wp","href":"https:\/\/api.w.org\/{rel}","templated":true}]}}