{"id":4833,"date":"2024-06-20T07:31:08","date_gmt":"2024-06-20T07:31:08","guid":{"rendered":"https:\/\/www.automakers.cz\/?p=4833"},"modified":"2024-06-20T07:35:19","modified_gmt":"2024-06-20T07:35:19","slug":"onsemi-investuje-ve-zline-do-vyroby-polovodicu","status":"publish","type":"post","link":"https:\/\/www.automakers.cz\/?p=4833","title":{"rendered":"onsemi investuje ve Zl\u00edn\u011b do v\u00fdroby \u010dip\u016f"},"content":{"rendered":"<p><strong>Americk\u00e1 onsemi, kter\u00e1 ji\u017e vyr\u00e1b\u00ed polovodi\u010de v Ro\u017enov\u011b po Radho\u0161t\u011bm, se rozhodovala o um\u00edst\u011bn\u00ed nov\u00e9ho z\u00e1vodu mezi USA, Koreou a \u010ceskem. Nakonec bude investovat ve Zl\u00ednsk\u00e9m kraji, \u010dek\u00e1 ale je\u0161t\u011b na vl\u00e1dn\u00ed investi\u010dn\u00ed pob\u00eddku.<br \/>\n<\/strong><!--more--><\/p>\n<p>\u201eNa\u0161e brownfieldov\u00e1 investice by zajistila vybudov\u00e1n\u00ed st\u0159edoevropsk\u00e9ho dodavatelsk\u00e9ho \u0159et\u011bzce, co\u017e n\u00e1m umo\u017en\u00ed l\u00e9pe uspokojit rychle rostouc\u00ed popt\u00e1vku na\u0161ich z\u00e1kazn\u00edk\u016f po inovativn\u00edch technologi\u00edch, kter\u00e9 zlep\u0161uj\u00ed energetickou \u00fa\u010dinnost jejich aplikac\u00ed,\u201c uvedl Hassane El-Khoury, gener\u00e1ln\u00ed \u0159editel a prezident spole\u010dnosti onsemi.<\/p>\n<p>\u201eD\u00edky \u00fazk\u00e9 spolupr\u00e1ci s \u010deskou vl\u00e1dou by roz\u0161\u00ed\u0159en\u00ed v\u00fdroby pos\u00edlilo na\u0161i produkci inteligentn\u00edch v\u00fdkonov\u00fdch polovodi\u010d\u016f, kter\u00e9 jsou nezbytn\u00e9 pro to, aby Evropsk\u00e1 unie byla schopna v\u00fdrazn\u011b zredukovat svoje emise uhl\u00edku a sni\u017eovat celkov\u00fd negativn\u00ed dopad na \u017eivotn\u00ed prost\u0159ed\u00ed.&#8220;<\/p>\n<p>\u201eRozhodnut\u00ed spole\u010dnosti onsemi expandovat v \u010cesku je jasn\u00fdm potvrzen\u00edm atraktivity na\u0161\u00ed zem\u011b pro zahrani\u010dn\u00ed investice a siln\u00fdm impulsem pro na\u0161i ekonomiku,\u201c uvedl Jozef S\u00edkela, ministr pr\u016fmyslu a obchodu. \u201eInvestice posiluje na\u0161i pozici v oblasti polovodi\u010d\u016f a z\u00e1rove\u0148 m\u00e1 potenci\u00e1l p\u0159isp\u011bt k\u00a0rozvoji automobilov\u00e9ho pr\u016fmyslu a pomoci n\u00e1m s\u00a0jeho adaptac\u00ed na nastupuj\u00edc\u00ed \u00e9ru elektromobility.\u201c<\/p>\n<p><strong><b>Pl\u00e1n: roz\u0161\u00ed\u0159it v\u00fdrobu karbid\u016f k\u0159em\u00edku<\/b><\/strong><\/p>\n<p>Pl\u00e1n spole\u010dnosti onsemi roz\u0161\u00ed\u0159it v\u00fdrobu karbidu k\u0159em\u00edku prost\u0159ednictv\u00edm v\u00edcelet\u00e9 brownfieldov\u00e9 investice v\u00a0hodnot\u011b a\u017e 44 miliard korun je sou\u010d\u00e1st\u00ed d\u0159\u00edve zve\u0159ejn\u011bn\u00e9ho c\u00edle spole\u010dnosti v\u00a0oblasti pl\u00e1novan\u00fdch investi\u010dn\u00edch v\u00fddaj\u016f. Spole\u010dnost by t\u00edm nav\u00e1zala na sv\u00e9 sou\u010dasn\u00e9 provozy v \u010cR, kter\u00e9 zahrnuj\u00ed r\u016fst krystal\u016f k\u0159em\u00edku, v\u00fdrobu desek na b\u00e1zi k\u0159em\u00edku a karbidu k\u0159em\u00edku (le\u0161t\u011bn\u00fdch a s\u00a0epitaxn\u00ed vrstvou) a v\u00fdrobu k\u0159em\u00edkov\u00fdch \u010dip\u016f. V sou\u010dasn\u00e9 dob\u011b je z\u00e1vod schopen vyrobit ro\u010dn\u011b p\u0159es t\u0159i miliony desek a v\u00edce ne\u017e miliardu v\u00fdkonov\u00fdch \u010dip\u016f. Po realizaci investice by cel\u00fd z\u00e1vod ro\u010dn\u011b p\u0159isp\u00edval k HDP \u010ceska \u010d\u00e1stkou vy\u0161\u0161\u00ed ne\u017e 6 miliard korun.<\/p>\n<p>Po schv\u00e1len\u00ed investi\u010dn\u00ed pob\u00eddky vl\u00e1dou \u010cesk\u00e9 republiky a jej\u00ed notifikace u Evropsk\u00e9 komise\u00a0by se jednalo o jednu z nejv\u011bt\u0161\u00edch investic soukrom\u00e9ho sektoru v historii \u010cesk\u00e9 republiky. Investice by p\u0159isp\u011bla k prosperit\u011b a ekonomick\u00e9 dynamice cel\u00e9ho Zl\u00ednsk\u00e9ho kraje. onsemi je jednou z prvn\u00edch spole\u010dnost\u00ed, kter\u00e9 investovaly do v\u00fdzkumu, v\u00fdvoje a pokro\u010dil\u00e9 v\u00fdroby polovodi\u010d\u016f ve st\u0159edn\u00ed Evrop\u011b. Spole\u010dnost by t\u00edmto zp\u016fsobem p\u0159isp\u011bla ke strategick\u00e9mu postaven\u00ed regionu v r\u00e1mci hodnotov\u00e9ho \u0159et\u011bzce polovodi\u010d\u016f v EU a uk\u00e1zala, \u017ee z Evropsk\u00e9ho aktu o \u010dipech mohou t\u011b\u017eit v\u0161echny zem\u011b EU.<\/p>\n<p>Ozn\u00e1men\u00ed o investi\u010dn\u00edm z\u00e1m\u011bru rovn\u011b\u017e odr\u00e1\u017e\u00ed strategick\u00e9 slad\u011bn\u00ed spole\u010dnosti s hlavn\u00edmi c\u00edli Evropsk\u00e9ho aktu o \u010dipech (European Chips Act), kter\u00fdmi jsou zv\u00fd\u0161en\u00ed pod\u00edlu na trhu a technologick\u00fd pokrok s c\u00edlem pos\u00edlit odolnost unijn\u00edch polovodi\u010dov\u00fdch dodavatelsk\u00fdch \u0159et\u011bzc\u016f v dob\u011b neust\u00e1vaj\u00edc\u00ed popt\u00e1vky po t\u011bchto produktech.<\/p>\n<p><img loading=\"lazy\" decoding=\"async\" class=\"alignnone size-medium wp-image-2126\" src=\"http:\/\/www.automakers.cz\/wp-content\/uploads\/2024\/02\/Recyklace-baterii-Toyota-900x600.jpg\" alt=\"\" width=\"900\" height=\"600\" srcset=\"https:\/\/www.automakers.cz\/wp-content\/uploads\/2024\/02\/Recyklace-baterii-Toyota-900x600.jpg 900w, https:\/\/www.automakers.cz\/wp-content\/uploads\/2024\/02\/Recyklace-baterii-Toyota-1024x683.jpg 1024w, https:\/\/www.automakers.cz\/wp-content\/uploads\/2024\/02\/Recyklace-baterii-Toyota-768x512.jpg 768w, https:\/\/www.automakers.cz\/wp-content\/uploads\/2024\/02\/Recyklace-baterii-Toyota-1536x1024.jpg 1536w, https:\/\/www.automakers.cz\/wp-content\/uploads\/2024\/02\/Recyklace-baterii-Toyota-2048x1365.jpg 2048w\" sizes=\"auto, (max-width: 900px) 100vw, 900px\" \/><strong><b>Podpora inovac\u00ed v oblasti v\u00fdkonov\u00fdch polovodi\u010d\u016f<\/b><\/strong><\/p>\n<p>Karbid k\u0159em\u00edku je kl\u00ed\u010dov\u00fdm polovodi\u010dov\u00fdm materi\u00e1lem pro vysoko v\u00fdkonov\u00e9 aplikace spojen\u00e9 s\u00a0vysokou teplotn\u00ed z\u00e1t\u011b\u017e\u00ed. Jeho v\u00fdroba je nesm\u00edrn\u011b obt\u00ed\u017en\u00e1. onsemi je jednou z m\u00e1la spole\u010dnost\u00ed na sv\u011bt\u011b, kter\u00e1 je schopna vyr\u00e1b\u011bt polovodi\u010de na b\u00e1zi karbidu k\u0159em\u00edku od r\u016fstu krystal\u016f a\u017e po pokro\u010dil\u00e1 \u0159e\u0161en\u00ed pouzd\u0159en\u00ed.<\/p>\n<p>Roz\u0161\u00ed\u0159en\u00edm v\u00fdroby v \u010cesk\u00e9 republice by spole\u010dnost byla schopna rychleji zajistit dod\u00e1vky pro z\u00e1kazn\u00edky, \u010d\u00edm\u017e by pos\u00edlila sv\u00e9 vedouc\u00ed postaven\u00ed v oblasti inteligentn\u00edch energetick\u00fdch \u0159e\u0161en\u00ed. Rovn\u011b\u017e by mohla vyu\u017e\u00edt nejnov\u011bj\u0161\u00edch v\u00fdzkumn\u00fdch poznatk\u016f pro maximalizaci efektivity v\u00fdroby.<\/p>\n<p><strong>Zdroj: Lenka St\u0159\u00e1lkov\u00e1, PR onsemi<\/strong><\/p>\n","protected":false},"excerpt":{"rendered":"<p>Americk\u00e1 onsemi, kter\u00e1 ji\u017e vyr\u00e1b\u00ed polovodi\u010de v Ro\u017enov\u011b po Radho\u0161t\u011bm, se rozhodovala o um\u00edst\u011bn\u00ed nov\u00e9ho&#8230;<\/p>\n","protected":false},"author":1,"featured_media":1779,"comment_status":"closed","ping_status":"closed","sticky":false,"template":"","format":"standard","meta":{"footnotes":""},"categories":[23,3],"tags":[],"class_list":["post-4833","post","type-post","status-publish","format-standard","has-post-thumbnail","hentry","category-dodavatele","category-investice"],"_links":{"self":[{"href":"https:\/\/www.automakers.cz\/index.php?rest_route=\/wp\/v2\/posts\/4833","targetHints":{"allow":["GET"]}}],"collection":[{"href":"https:\/\/www.automakers.cz\/index.php?rest_route=\/wp\/v2\/posts"}],"about":[{"href":"https:\/\/www.automakers.cz\/index.php?rest_route=\/wp\/v2\/types\/post"}],"author":[{"embeddable":true,"href":"https:\/\/www.automakers.cz\/index.php?rest_route=\/wp\/v2\/users\/1"}],"replies":[{"embeddable":true,"href":"https:\/\/www.automakers.cz\/index.php?rest_route=%2Fwp%2Fv2%2Fcomments&post=4833"}],"version-history":[{"count":4,"href":"https:\/\/www.automakers.cz\/index.php?rest_route=\/wp\/v2\/posts\/4833\/revisions"}],"predecessor-version":[{"id":4837,"href":"https:\/\/www.automakers.cz\/index.php?rest_route=\/wp\/v2\/posts\/4833\/revisions\/4837"}],"wp:featuredmedia":[{"embeddable":true,"href":"https:\/\/www.automakers.cz\/index.php?rest_route=\/wp\/v2\/media\/1779"}],"wp:attachment":[{"href":"https:\/\/www.automakers.cz\/index.php?rest_route=%2Fwp%2Fv2%2Fmedia&parent=4833"}],"wp:term":[{"taxonomy":"category","embeddable":true,"href":"https:\/\/www.automakers.cz\/index.php?rest_route=%2Fwp%2Fv2%2Fcategories&post=4833"},{"taxonomy":"post_tag","embeddable":true,"href":"https:\/\/www.automakers.cz\/index.php?rest_route=%2Fwp%2Fv2%2Ftags&post=4833"}],"curies":[{"name":"wp","href":"https:\/\/api.w.org\/{rel}","templated":true}]}}