{"id":4851,"date":"2024-06-20T14:46:23","date_gmt":"2024-06-20T14:46:23","guid":{"rendered":"https:\/\/www.automakers.cz\/?p=4851"},"modified":"2024-06-20T15:09:47","modified_gmt":"2024-06-20T15:09:47","slug":"skoda-meni-tiskoveho-mluvciho","status":"publish","type":"post","link":"https:\/\/www.automakers.cz\/?p=4851","title":{"rendered":"\u0160koda m\u011bn\u00ed tiskov\u00e9ho mluv\u010d\u00edho"},"content":{"rendered":"<p class=\"xmprfx_xmsonormal\"><strong>PR mana\u017eer \u0160kody Auto Pavel J\u00edna m\u00e1 p\u0159ed sebou u\u017e jen n\u011bkolik posledn\u00edch pracovn\u00edch dn\u00ed a pak p\u0159ejde na novou pozici. Kdo ho nahrad\u00ed na jeho \u017eidli v automobilce?<\/strong><!--more--><\/p>\n<p class=\"xmprfx_xmsonormal\">&#8222;Po dlouh\u00fdch sedmi letech nastal \u010das, aby se kroky moje a mladoboleslavsk\u00e9 automobilky roze\u0161ly. Lou\u010d\u00edme se v dobr\u00e9m a j\u00e1 osobn\u011b budu profesn\u011b i lidsky t\u011b\u017eit ze zku\u0161enost\u00ed nabran\u00fdch p\u0159i pr\u00e1ci pro nejv\u011bt\u0161\u00ed \u010deskou firmu a\u017e do konce \u017eivota. Mou pozici p\u0159eb\u00edr\u00e1 kolegyn\u011b Ivana Povoln\u00e1,&#8220; uvedl J\u00edna ve sv\u00e9m rozlu\u010dkov\u00e9m pod\u011bkov\u00e1n\u00ed novin\u00e1\u0159\u016fm.<\/p>\n<p><strong>Kam d\u00e1l profesn\u011b zam\u00ed\u0159\u00ed?<\/strong><\/p>\n<p>&#8222;Nov\u00e9 anga\u017em\u00e1 bych r\u00e1d na Automakers zve\u0159ejnil za n\u011bkolik dn\u00ed,&#8220; napsal n\u00e1m Pavel.<\/p>\n<p><strong>Pavel J\u00edna <\/strong>vystudoval \u017eurnalistiku na Univerzit\u011b Karlov\u011b v Praze, p\u016fsob\u00ed ve \u0160koda Auto od roku 2017. V mladoboleslavsk\u00e9 automobilce za\u010d\u00ednal v odd\u011blen\u00ed Komunikace produktu, kde zodpov\u00eddal jako tiskov\u00fd mluv\u010d\u00ed za celosv\u011btovou komunikaci vybran\u00fdch model\u016f.<\/p>\n<p>Od listopadu 2019 p\u016fsobil jako mluv\u010d\u00ed \u010desk\u00e9ho zastoupen\u00ed. Za rok 2022 z\u00edskal ocen\u011bn\u00ed Nejlep\u0161\u00ed mluv\u010d\u00ed soukrom\u00e9ho sektoru. Naposledy m\u011bl na starosti celosv\u011btovou komunikaci prodejn\u00edch a finan\u010dn\u00edch v\u00fdsledk\u016f, aktivit na mezin\u00e1rodn\u00edch trz\u00edch v\u010detn\u011b Indie \u010di asijsk\u00fdch trh\u016f a tak\u00e9 glob\u00e1ln\u00edch sponzoringov\u00fdch aktivit. Byl komunika\u010dn\u011b zodpov\u011bdn\u00fd i za t\u00e9ma gigafactory.<\/p>\n<p><strong>Zdroj: Pavel J\u00edna, archiv<\/strong><\/p>\n","protected":false},"excerpt":{"rendered":"<p>PR mana\u017eer \u0160kody Auto Pavel J\u00edna m\u00e1 p\u0159ed sebou u\u017e jen n\u011bkolik posledn\u00edch pracovn\u00edch dn\u00ed&#8230;<\/p>\n","protected":false},"author":1,"featured_media":4855,"comment_status":"closed","ping_status":"closed","sticky":false,"template":"","format":"standard","meta":{"footnotes":""},"categories":[5,21],"tags":[],"class_list":["post-4851","post","type-post","status-publish","format-standard","has-post-thumbnail","hentry","category-personalie","category-pr"],"_links":{"self":[{"href":"https:\/\/www.automakers.cz\/index.php?rest_route=\/wp\/v2\/posts\/4851","targetHints":{"allow":["GET"]}}],"collection":[{"href":"https:\/\/www.automakers.cz\/index.php?rest_route=\/wp\/v2\/posts"}],"about":[{"href":"https:\/\/www.automakers.cz\/index.php?rest_route=\/wp\/v2\/types\/post"}],"author":[{"embeddable":true,"href":"https:\/\/www.automakers.cz\/index.php?rest_route=\/wp\/v2\/users\/1"}],"replies":[{"embeddable":true,"href":"https:\/\/www.automakers.cz\/index.php?rest_route=%2Fwp%2Fv2%2Fcomments&post=4851"}],"version-history":[{"count":5,"href":"https:\/\/www.automakers.cz\/index.php?rest_route=\/wp\/v2\/posts\/4851\/revisions"}],"predecessor-version":[{"id":4859,"href":"https:\/\/www.automakers.cz\/index.php?rest_route=\/wp\/v2\/posts\/4851\/revisions\/4859"}],"wp:featuredmedia":[{"embeddable":true,"href":"https:\/\/www.automakers.cz\/index.php?rest_route=\/wp\/v2\/media\/4855"}],"wp:attachment":[{"href":"https:\/\/www.automakers.cz\/index.php?rest_route=%2Fwp%2Fv2%2Fmedia&parent=4851"}],"wp:term":[{"taxonomy":"category","embeddable":true,"href":"https:\/\/www.automakers.cz\/index.php?rest_route=%2Fwp%2Fv2%2Fcategories&post=4851"},{"taxonomy":"post_tag","embeddable":true,"href":"https:\/\/www.automakers.cz\/index.php?rest_route=%2Fwp%2Fv2%2Ftags&post=4851"}],"curies":[{"name":"wp","href":"https:\/\/api.w.org\/{rel}","templated":true}]}}