{"id":4865,"date":"2024-06-21T07:57:11","date_gmt":"2024-06-21T07:57:11","guid":{"rendered":"https:\/\/www.automakers.cz\/?p=4865"},"modified":"2024-06-21T07:57:11","modified_gmt":"2024-06-21T07:57:11","slug":"business-lease-meni-obchodniho-reditele","status":"publish","type":"post","link":"https:\/\/www.automakers.cz\/?p=4865","title":{"rendered":"Business Lease m\u011bn\u00ed obchodn\u00edho \u0159editele"},"content":{"rendered":"<p><strong><b>Do pozice obchodn\u00edho \u0159editele spole\u010dnosti Business Lease, specializovan\u00e9 na operativn\u00ed leasing a spr\u00e1vu firemn\u00edch vozov\u00fdch park\u016f, nastoupil Jaroslav Bohata. Ten v\u00a0obchodn\u00edm odd\u011blen\u00ed firmy, kter\u00e1 se nyn\u00ed star\u00e1 o flotilu 11\u00a0800 aut, p\u016fsob\u00ed na r\u016fzn\u00fdch pozic\u00edch ji\u017e 18 let.<\/b><\/strong><!--more--><\/p>\n<p>Naposledy vedl t\u00fdm account managementu pe\u010duj\u00edc\u00ed o st\u00e1vaj\u00edc\u00ed klienty. V\u00a0nov\u00e9 roli bude m\u00edt vedle toho mimo jin\u00e9 na starosti tak\u00e9 akvizice.<\/p>\n<p>Jak uvedla \u0159editelka spole\u010dnosti Hana V\u00fdmolov\u00e1, mezi \u00fakoly Jaroslava Bohaty v\u00a0nov\u00e9 roli bude vedle dosa\u017een\u00ed obchodn\u00edch v\u00fdsledk\u016f dle aktu\u00e1ln\u00edho pl\u00e1nu pat\u0159it mimo jin\u00e9 zv\u00fd\u0161en\u00ed pod\u00edlu obnovy vozov\u00fdch park\u016f, udr\u017een\u00ed vysok\u00e9 spokojenosti klient\u016f nebo \u00faprava n\u011bkter\u00fdch obchodn\u00edch proces\u016f t\u00fdkaj\u00edc\u00edch se akvizice.<\/p>\n<p><em><i>\u201eJaroslav Bohata je dostate\u010dn\u011b zku\u0161en\u00fd, m\u00e1 spr\u00e1vn\u00e9 osobn\u00ed nastaven\u00ed a je to srdca\u0159, kter\u00fd tuto roli zvl\u00e1dne,&#8220;<\/i><\/em>\u00a0dodala Hana V\u00fdmolov\u00e1.<\/p>\n<p><em><i>\u201eV operativn\u00edm leasingu se \u00fasp\u011bch vedle obratu pom\u011b\u0159uje tak\u00e9 velikost\u00ed spravovan\u00e9 flotily aut, tak\u017ee i t\u00edmto sm\u011brem chci nap\u0159\u00edt sv\u00e9 \u00fasil\u00ed. Mou prioritou je, abychom fungovali jako partner klienta ve smyslu odbornosti, pomoci a konzultantstv\u00ed. Auta nab\u00edzej\u00ed r\u016fzn\u00ed poskytovatel\u00e9 operativn\u00edho leasingu stejn\u00e1, co se ale li\u0161\u00ed, je pr\u00e1v\u011b kvalita slu\u017eeb, p\u0159idan\u00e1 hodnota a p\u00e9\u010de o klienty,\u201c<\/i><\/em>\u00a0\u0159ekl Jaroslav Bohata.<\/p>\n<p>Pod nov\u00e9ho \u0159editele spad\u00e1 25 \u010dlen\u016f obchodn\u00edho t\u00fdmu. Podle vlastn\u00edch slov jej bav\u00ed pr\u00e1ce s\u00a0lidmi a r\u00e1d se s\u00a0nimi raduje z\u00a0jejich \u00fasp\u011bch\u016f. Nem\u00e1 r\u00e1d dikt\u00e1torsk\u00fd styl, lidem d\u00e1v\u00e1 d\u016fv\u011bru, ale po\u017eaduje v\u00fdsledky. V\u00a0t\u00fdmu se chce obklopovat lidmi, kte\u0159\u00ed budou nad\u00e1le budovat dlouhodob\u00e9 vztahy s\u00a0klienty \u2013 s\u00a0n\u011bkter\u00fdmi ji\u017e nyn\u00ed Business Lease spolupracuje i 20 let.<\/p>\n<p><strong>Zku\u0161enosti z USA<\/strong><\/p>\n<p>P\u0159ed p\u0159\u00edchodem do Business Lease \u017eil Jaroslav Bohata osm let v\u00a0USA, konkr\u00e9tn\u011b v\u00a0Kalifornii. Posledn\u00edch p\u011bt let tam pracoval pro poji\u0161\u0165ovnu.<\/p>\n<p>Nov\u00e9mu obchodn\u00edmu \u0159editeli je 50 let. M\u00e1 dv\u011b d\u011bti ve v\u011bku 22 a 24 let, kter\u00e9 studuj\u00ed vysokou \u0161kolu. Ve voln\u00e9m \u010dase se r\u00e1d v\u011bnuje cyklistice nebo ly\u017eov\u00e1n\u00ed.<\/p>\n<p><strong>Zdroj: Jan \u0160imral<\/strong><\/p>\n","protected":false},"excerpt":{"rendered":"<p>Do pozice obchodn\u00edho \u0159editele spole\u010dnosti Business Lease, specializovan\u00e9 na operativn\u00ed leasing a spr\u00e1vu firemn\u00edch vozov\u00fdch&#8230;<\/p>\n","protected":false},"author":1,"featured_media":4867,"comment_status":"closed","ping_status":"closed","sticky":false,"template":"","format":"standard","meta":{"footnotes":""},"categories":[33,6,5],"tags":[],"class_list":["post-4865","post","type-post","status-publish","format-standard","has-post-thumbnail","hentry","category-leasing","category-management","category-personalie"],"_links":{"self":[{"href":"https:\/\/www.automakers.cz\/index.php?rest_route=\/wp\/v2\/posts\/4865","targetHints":{"allow":["GET"]}}],"collection":[{"href":"https:\/\/www.automakers.cz\/index.php?rest_route=\/wp\/v2\/posts"}],"about":[{"href":"https:\/\/www.automakers.cz\/index.php?rest_route=\/wp\/v2\/types\/post"}],"author":[{"embeddable":true,"href":"https:\/\/www.automakers.cz\/index.php?rest_route=\/wp\/v2\/users\/1"}],"replies":[{"embeddable":true,"href":"https:\/\/www.automakers.cz\/index.php?rest_route=%2Fwp%2Fv2%2Fcomments&post=4865"}],"version-history":[{"count":2,"href":"https:\/\/www.automakers.cz\/index.php?rest_route=\/wp\/v2\/posts\/4865\/revisions"}],"predecessor-version":[{"id":4868,"href":"https:\/\/www.automakers.cz\/index.php?rest_route=\/wp\/v2\/posts\/4865\/revisions\/4868"}],"wp:featuredmedia":[{"embeddable":true,"href":"https:\/\/www.automakers.cz\/index.php?rest_route=\/wp\/v2\/media\/4867"}],"wp:attachment":[{"href":"https:\/\/www.automakers.cz\/index.php?rest_route=%2Fwp%2Fv2%2Fmedia&parent=4865"}],"wp:term":[{"taxonomy":"category","embeddable":true,"href":"https:\/\/www.automakers.cz\/index.php?rest_route=%2Fwp%2Fv2%2Fcategories&post=4865"},{"taxonomy":"post_tag","embeddable":true,"href":"https:\/\/www.automakers.cz\/index.php?rest_route=%2Fwp%2Fv2%2Ftags&post=4865"}],"curies":[{"name":"wp","href":"https:\/\/api.w.org\/{rel}","templated":true}]}}