{"id":4879,"date":"2024-06-21T15:17:42","date_gmt":"2024-06-21T15:17:42","guid":{"rendered":"https:\/\/www.automakers.cz\/?p=4879"},"modified":"2024-06-23T15:24:40","modified_gmt":"2024-06-23T15:24:40","slug":"bosch-tech-software-day-2024","status":"publish","type":"post","link":"https:\/\/www.automakers.cz\/?p=4879","title":{"rendered":"Bosch Tech Software Day 2024"},"content":{"rendered":"<p><strong>P\u0159edseda p\u0159edstavenstva spole\u010dnosti Bosch Stefan Hartung sezval v \u010dervnu novin\u00e1\u0159e z cel\u00e9ho sv\u011bta do n\u011bmeck\u00e9ho Renningenu aby jim v r\u00e1mci akce Tech Day 2024 p\u0159edvedl firmu nejen jako dodavatele d\u00edl\u016f do automotive sektoru, ale tak\u00e9 jako st\u00e1le \u00fasp\u011b\u0161n\u011bj\u0161\u00ed softwarovou firmu.<\/strong><!--more--><\/p>\n<p>Panelov\u00e1 diskuse v R&amp;D centru Bosch v Renningenu nab\u00eddla dva bloky: t\u00e9ma &#8222;Automatick\u00e9 \u0159\u00edzen\u00ed&#8220; a t\u00e9ma &#8222;Software defined vehicle&#8220;.<\/p>\n<p><strong>Software p\u0159inese miliardov\u00e9 tr\u017eby<\/strong><\/p>\n<p><span style=\"color: #000000;\"><span style=\"font-family: Arial, sans-serif;\"><span style=\"font-size: medium;\">&#8222;Jsme ji\u017e n\u011bjakou dobu tak\u00e9 softwarovou spole\u010dnost\u00ed,&#8220; \u0159ekl Hartung v r\u00e1mci prvn\u00edho bloku s t\u00edm, \u017ee do konce desetilet\u00ed chce Bosch pomoc\u00ed softwaru a doprovodn\u00fdch slu\u017eeb generovat miliardov\u00e9 tr\u017eby.<\/span><\/span><\/span><\/p>\n<p><img loading=\"lazy\" decoding=\"async\" class=\"alignnone size-medium wp-image-4892\" src=\"http:\/\/www.automakers.cz\/wp-content\/uploads\/2024\/06\/Bosch-Harting-900x675.jpg\" alt=\"\" width=\"900\" height=\"675\" srcset=\"https:\/\/www.automakers.cz\/wp-content\/uploads\/2024\/06\/Bosch-Harting-900x675.jpg 900w, https:\/\/www.automakers.cz\/wp-content\/uploads\/2024\/06\/Bosch-Harting-1024x768.jpg 1024w, https:\/\/www.automakers.cz\/wp-content\/uploads\/2024\/06\/Bosch-Harting-768x576.jpg 768w, https:\/\/www.automakers.cz\/wp-content\/uploads\/2024\/06\/Bosch-Harting-1536x1152.jpg 1536w, https:\/\/www.automakers.cz\/wp-content\/uploads\/2024\/06\/Bosch-Harting.jpg 2040w\" sizes=\"auto, (max-width: 900px) 100vw, 900px\" \/><span style=\"color: #000000;\"><span style=\"font-family: Arial, sans-serif;\"><span style=\"font-size: medium;\">&#8222;Na\u0161e rozs\u00e1hl\u00e9 odborn\u00e9 znalosti v oblasti cel\u00e9 spole\u010dnosti n\u00e1m umo\u017e\u0148uj\u00ed vkl\u00e1dat \u0159\u00e1dky k\u00f3du p\u0159\u00edmo do produkt\u016f. Software v na\u0161ich produktech je technologie, kter\u00e1 zlep\u0161uje \u017eivoty na\u0161ich z\u00e1kazn\u00edk\u016f,&#8220; uvedl \u0161\u00e9f koncernu.<br \/>\n<\/span><\/span><\/span><\/p>\n<p><strong>Od v\u00fdrobn\u00edch linek p\u0159es autoservisy a\u017e do vesm\u00edru<\/strong><\/p>\n<p><span style=\"color: #000000;\"><span style=\"font-family: Arial, sans-serif;\"><span style=\"font-size: medium;\">Software Bosch se ji\u017e nach\u00e1z\u00ed v mnoha oblastech, v\u010detn\u011b v\u00fdrobn\u00edch linek velk\u00fdch pr\u016fmyslov\u00fdch podnik\u016f, mnoha autoservis\u016f a l\u00e9ka\u0159sk\u00e9ho vybaven\u00ed. Upozor\u0148uje \u0159idi\u010de na auta jedouc\u00ed po \u0161patn\u00e9 stran\u011b silnice, chr\u00e1n\u00ed majetek, ovl\u00e1d\u00e1 stavebn\u00ed technologie a pracoval u\u017e i ve vesm\u00edru, na ISS.<\/span><\/span><\/span><\/p>\n<p><strong>Celkem 48 000 program\u00e1tor\u016f<\/strong><\/p>\n<p><span style=\"color: #000000;\"><span style=\"font-family: Arial, sans-serif;\"><span style=\"font-size: medium;\">Celkem 48 000 zam\u011bstnanc\u016f pracuje ve spole\u010dnosti Bosch jako softwarov\u00ed program\u00e1to\u0159i, z toho 42 000 v obchodn\u00ed oblasti Mobility. <\/span><\/span><\/span><\/p>\n<p><span style=\"color: #000000;\"><span style=\"font-family: Arial, sans-serif;\"><span style=\"font-size: medium;\">&#8222;Triumf\u00e1ln\u00ed n\u00e1stup softwaru z\u00e1sadn\u011b zp\u016fsob\u00ed revoluci v automobilov\u00e9m pr\u016fmyslu. V budoucnu budou automobily hladce integrov\u00e1ny do digit\u00e1ln\u00edho sv\u011bta,&#8220; prorokuje Hartung.<\/span><\/span><\/span><\/p>\n<p><strong><span style=\"color: #000000;\"><span style=\"font-family: Arial, sans-serif;\"><span style=\"font-size: medium;\">Nam\u00edsto j\u00edzdy do servisu aktualizace &#8222;vzduchem&#8220;\u00a0 <\/span><\/span><\/span><\/strong><\/p>\n<p><span style=\"color: #000000;\"><span style=\"font-family: Arial, sans-serif;\"><span style=\"font-size: medium;\">Markus Heyn, \u010dlen p\u0159edstavenstva spole\u010dnosti Bosch, dodal v r\u00e1mci druh\u00e9ho bloku panelov\u00e9 rozpravy: <\/span><\/span><\/span><\/p>\n<p><span style=\"color: #000000;\"><span style=\"font-family: Arial, sans-serif;\"><span style=\"font-size: medium;\">&#8222;<\/span><\/span><\/span><span style=\"color: #000000;\"><span style=\"font-family: Arial, sans-serif;\"><span style=\"font-size: medium;\">Automobily z\u00edskaj\u00ed nov\u00e9 funkce nikoli n\u00e1v\u0161t\u011bvou servisu, ale prost\u0159ednictv\u00edm pohodln\u00e9 aktualizace softwaru vzduchem. <\/span><\/span><\/span><span style=\"color: #000000;\"><span style=\"font-family: Arial, sans-serif;\"><span style=\"font-size: medium;\">Technologie Bosch tak\u00e9 bude znamenat, \u017ee automobily budou st\u00e1rnout pomaleji.&#8220; <\/span><\/span><\/span><\/p>\n<p><span style=\"color: #000000;\"><span style=\"font-family: Arial, sans-serif;\"><span style=\"font-size: medium;\">A nejen auta. N\u00e1kladn\u00ed automobily, motocykly a elektrokola z\u00edskaj\u00ed podle n\u011bj prost\u0159ednictv\u00edm aktualizace tak\u00e9 nov\u00e9 bezpe\u010dnostn\u00ed a komfortn\u00ed funkce. Od debutu chytr\u00e9ho syst\u00e9mu pro elektrokola na konci roku 2021 Bosch zavedl zhruba 70 nov\u00fdch funkc\u00ed a \u00faprav prost\u0159ednictv\u00edm aplikace eBike Flow \u2013 od funkce alarmu a\u017e po nov\u00e9 j\u00edzdn\u00ed re\u017eimy.<\/span><\/span><\/span><\/p>\n<p><strong>AI na b\u00e1zi akceler\u00e1tor\u016f Qualcomm<\/strong><\/p>\n<p>D\u016fle\u017eit\u00e9 bude i vyu\u017eit\u00ed um\u011bl\u00e9 inteligence. &#8222;Ta u Bosche funguje na b\u00e1zi akceler\u00e1tor\u016f od firmy Qualcomm,&#8220; up\u0159esnil Heyn pro \u010dasopis Automakers.<\/p>\n<p><strong>Testovac\u00ed j\u00edzdy ve m\u011bst\u011b i na polygonu<\/strong><\/p>\n<p>Novin\u00e1\u0159i m\u011bli v r\u00e1mci akce mo\u017enost na vlastn\u00ed k\u016f\u017ei vyzkou\u0161et automatizovanou j\u00eddu v m\u011bstsk\u00e9m provozu. Na zku\u0161ebn\u00edm polygonu v Renningenu pak z\u00e1jemce \u010dekaly testovac\u00ed j\u00edzdy s vozy vybaven\u00fdmi nejnov\u011bj\u0161\u00edmi\u00a0 technologiemi.<\/p>\n<p><img loading=\"lazy\" decoding=\"async\" class=\"alignnone size-medium wp-image-4894\" src=\"http:\/\/www.automakers.cz\/wp-content\/uploads\/2024\/06\/Bosch-polygon-900x675.jpg\" alt=\"\" width=\"900\" height=\"675\" srcset=\"https:\/\/www.automakers.cz\/wp-content\/uploads\/2024\/06\/Bosch-polygon-900x675.jpg 900w, https:\/\/www.automakers.cz\/wp-content\/uploads\/2024\/06\/Bosch-polygon-1024x768.jpg 1024w, https:\/\/www.automakers.cz\/wp-content\/uploads\/2024\/06\/Bosch-polygon-768x576.jpg 768w, https:\/\/www.automakers.cz\/wp-content\/uploads\/2024\/06\/Bosch-polygon-1536x1152.jpg 1536w, https:\/\/www.automakers.cz\/wp-content\/uploads\/2024\/06\/Bosch-polygon.jpg 2040w\" sizes=\"auto, (max-width: 900px) 100vw, 900px\" \/>Na celkem \u0161esti stanovi\u0161t\u00edch bylo mo\u017en\u00e9 vyzkou\u0161et nap\u0159\u00edklad automatick\u00e9 br\u017ed\u011bn\u00ed p\u0159ed p\u0159ek\u00e1\u017ekou, br\u017ed\u011bn\u00ed pomoc\u00ed elektronicky ovl\u00e1dan\u00fdch brzd\u00a0 (Brake by wire), automatick\u00e9 br\u017ed\u011bn\u00ed pomoc\u00ed rekuperace, r\u016fzn\u00e9 m\u00f3dy elektronicky ovl\u00e1dan\u00e9ho \u0159\u00edzen\u00e9 (Steer by wire) a tak\u00e9 nov\u00fd Vehicle Motion Management.<\/p>\n<p><strong>Erich Handl, Renningen<\/strong><\/p>\n<p><img loading=\"lazy\" decoding=\"async\" class=\"alignnone size-medium wp-image-4895\" src=\"http:\/\/www.automakers.cz\/wp-content\/uploads\/2024\/06\/Bosch-kolaz-900x900.jpg\" alt=\"\" width=\"900\" height=\"900\" srcset=\"https:\/\/www.automakers.cz\/wp-content\/uploads\/2024\/06\/Bosch-kolaz-900x900.jpg 900w, https:\/\/www.automakers.cz\/wp-content\/uploads\/2024\/06\/Bosch-kolaz-1024x1024.jpg 1024w, https:\/\/www.automakers.cz\/wp-content\/uploads\/2024\/06\/Bosch-kolaz-768x768.jpg 768w, https:\/\/www.automakers.cz\/wp-content\/uploads\/2024\/06\/Bosch-kolaz.jpg 1080w\" sizes=\"auto, (max-width: 900px) 100vw, 900px\" \/><\/p>\n<p><img loading=\"lazy\" decoding=\"async\" class=\"alignnone size-medium wp-image-4891\" src=\"http:\/\/www.automakers.cz\/wp-content\/uploads\/2024\/06\/Bosch-Roman-novinari-900x675.jpg\" alt=\"\" width=\"900\" height=\"675\" srcset=\"https:\/\/www.automakers.cz\/wp-content\/uploads\/2024\/06\/Bosch-Roman-novinari-900x675.jpg 900w, https:\/\/www.automakers.cz\/wp-content\/uploads\/2024\/06\/Bosch-Roman-novinari-1024x768.jpg 1024w, https:\/\/www.automakers.cz\/wp-content\/uploads\/2024\/06\/Bosch-Roman-novinari-768x576.jpg 768w, https:\/\/www.automakers.cz\/wp-content\/uploads\/2024\/06\/Bosch-Roman-novinari-1536x1152.jpg 1536w, https:\/\/www.automakers.cz\/wp-content\/uploads\/2024\/06\/Bosch-Roman-novinari.jpg 2040w\" sizes=\"auto, (max-width: 900px) 100vw, 900px\" \/><\/p>\n","protected":false},"excerpt":{"rendered":"<p>P\u0159edseda p\u0159edstavenstva spole\u010dnosti Bosch Stefan Hartung sezval v \u010dervnu novin\u00e1\u0159e z cel\u00e9ho sv\u011bta do n\u011bmeck\u00e9ho&#8230;<\/p>\n","protected":false},"author":1,"featured_media":4890,"comment_status":"closed","ping_status":"closed","sticky":false,"template":"","format":"standard","meta":{"footnotes":""},"categories":[60,28,20],"tags":[],"class_list":["post-4879","post","type-post","status-publish","format-standard","has-post-thumbnail","hentry","category-software","category-testy","category-tiskovky"],"_links":{"self":[{"href":"https:\/\/www.automakers.cz\/index.php?rest_route=\/wp\/v2\/posts\/4879","targetHints":{"allow":["GET"]}}],"collection":[{"href":"https:\/\/www.automakers.cz\/index.php?rest_route=\/wp\/v2\/posts"}],"about":[{"href":"https:\/\/www.automakers.cz\/index.php?rest_route=\/wp\/v2\/types\/post"}],"author":[{"embeddable":true,"href":"https:\/\/www.automakers.cz\/index.php?rest_route=\/wp\/v2\/users\/1"}],"replies":[{"embeddable":true,"href":"https:\/\/www.automakers.cz\/index.php?rest_route=%2Fwp%2Fv2%2Fcomments&post=4879"}],"version-history":[{"count":14,"href":"https:\/\/www.automakers.cz\/index.php?rest_route=\/wp\/v2\/posts\/4879\/revisions"}],"predecessor-version":[{"id":4899,"href":"https:\/\/www.automakers.cz\/index.php?rest_route=\/wp\/v2\/posts\/4879\/revisions\/4899"}],"wp:featuredmedia":[{"embeddable":true,"href":"https:\/\/www.automakers.cz\/index.php?rest_route=\/wp\/v2\/media\/4890"}],"wp:attachment":[{"href":"https:\/\/www.automakers.cz\/index.php?rest_route=%2Fwp%2Fv2%2Fmedia&parent=4879"}],"wp:term":[{"taxonomy":"category","embeddable":true,"href":"https:\/\/www.automakers.cz\/index.php?rest_route=%2Fwp%2Fv2%2Fcategories&post=4879"},{"taxonomy":"post_tag","embeddable":true,"href":"https:\/\/www.automakers.cz\/index.php?rest_route=%2Fwp%2Fv2%2Ftags&post=4879"}],"curies":[{"name":"wp","href":"https:\/\/api.w.org\/{rel}","templated":true}]}}