{"id":4911,"date":"2024-06-25T06:28:16","date_gmt":"2024-06-25T06:28:16","guid":{"rendered":"https:\/\/www.automakers.cz\/?p=4911"},"modified":"2024-06-25T06:36:08","modified_gmt":"2024-06-25T06:36:08","slug":"zlata-koruna-dve-ceny-pro-volkswagen-fs","status":"publish","type":"post","link":"https:\/\/www.automakers.cz\/?p=4911","title":{"rendered":"Zlat\u00e1 Koruna: dv\u011b ceny pro Volkswagen FS"},"content":{"rendered":"<p><strong>Volkswagen Financial Services si z leto\u0161n\u00edho 22. ro\u010dn\u00edku sout\u011b\u017ee Zlat\u00e1 Koruna odn\u00e1\u0161\u00ed hned dv\u011b ocen\u011bn\u00ed. V\u00edt\u011bzem kategorie nebankovn\u00edch \u00fav\u011br\u016f se stal produkt Financov\u00e1n\u00ed CHYT\u0158E. Porotci tak\u00e9 ocenili projekt na podporu domova senior\u016f Sue Ryder, kter\u00fd v kategorii Cena za spole\u010denskou odpov\u011bdnost z\u00edskal druh\u00e9 m\u00edsto.<\/strong><br \/>\n<!--more--><\/p>\n<p>Sout\u011b\u017e Zlat\u00e1 Koruna ka\u017edoro\u010dn\u011b oce\u0148uje nejlep\u0161\u00ed finan\u010dn\u00ed produkty na \u010desk\u00e9m trhu. Posuzuje je odborn\u00e1 porota, ve kter\u00e9 jsou zastoupeny finan\u010dn\u00ed spole\u010dnosti, poradci, novin\u00e1\u0159i, akademici a podnikatel\u00e9. Hodnocen\u00ed prob\u00edh\u00e1 na z\u00e1klad\u011b srovn\u00e1n\u00ed ekonomick\u00e9, kvalitativn\u00ed a bezpe\u010dnostn\u00ed charakteristiky produktu.<\/p>\n<p><em>\u201eJsme velmi r\u00e1di, \u017ee na\u0161e Financov\u00e1n\u00ed CHYT\u0158E se v\u00a0sout\u011b\u017ei Zlat\u00e1 Koruna opakovan\u011b umis\u0165uje na p\u0159edn\u00edch p\u0159\u00ed\u010dk\u00e1ch. Potvrzuje to jeho kvalitu, o kter\u00e9 sv\u011bd\u010d\u00ed tak\u00e9 rostouc\u00ed z\u00e1jem klient\u016f. Zhruba 40 % v\u0161ech na\u0161ich finan\u010dn\u00edch produkt\u016f aktu\u00e1ln\u011b tvo\u0159\u00ed Financov\u00e1n\u00ed CHYT\u0158E,\u201c\u00a0<\/em>\u0159\u00edk\u00e1 Vratislav Stra\u0161il, jednatel Volkswagen Financial Services.<\/p>\n<p>Financov\u00e1n\u00ed CHYT\u0158E je \u00fav\u011br s posledn\u00ed nerovnom\u011brnou spl\u00e1tkou, u n\u011bj\u017e si klient nastav\u00ed spl\u00e1tky podle sv\u00e9 pot\u0159eby. Tyto spl\u00e1tky jsou mnohem ni\u017e\u0161\u00ed ne\u017e u b\u011b\u017en\u00e9ho \u00fav\u011bru, a to pr\u00e1v\u011b d\u00edky mo\u017enosti posledn\u00ed nerovnom\u011brn\u00e9 spl\u00e1tky. K jej\u00edm splacen\u00ed m\u016f\u017ee klient p\u0159istoupit n\u011bkolika zp\u016fsoby. Bu\u010f ji zafinancuje ze sv\u00e9ho, rozlo\u017e\u00ed do dal\u0161\u00edch m\u011bs\u00ed\u010dn\u00edch spl\u00e1tek nebo v\u016fz prod\u00e1 a utr\u017eenou hotovost vyu\u017eije na jej\u00ed splacen\u00ed.<\/p>\n<p>Cenu za spole\u010denskou odpov\u011bdnost z\u00edskal Volkswagen Financial Services za svou dlouholetou podporu domova pro seniory Sue Ryder. Letos v \u00fanoru VWFS spolu s import\u00e9rem Porsche \u010cesk\u00e1 republika daroval neziskov\u00e9 organizaci Sue Ryder speci\u00e1ln\u011b upraven\u00fd Volkswagen Caddy, kter\u00fd je ur\u010den\u00fd pro p\u0159epravu senior\u016f nebo zdravotn\u011b posti\u017een\u00fdch. Klient\u016fm domova tak usnadn\u00ed t\u0159eba n\u00e1v\u0161t\u011bvu l\u00e9ka\u0159e.<\/p>\n<p><em>\u201eOcen\u011bn\u00ed je v\u00fdsledkem vytrval\u00e9 pr\u00e1ce na\u0161ich koleg\u016f. Pat\u0159\u00ed ale tak\u00e9 zam\u011bstnanc\u016fm domova Sue Ryder, kte\u0159\u00ed senior\u016fm zajis\u0165uj\u00ed d\u016fstojn\u00e9 st\u00e1rnut\u00ed a plnohodnotn\u00fd \u017eivot. \u0158ada organizac\u00ed se toti\u017e v\u011bnuje d\u011btem, ale na seniory mnohdy trochu zapom\u00edn\u00e1me. Sue Ryder proto podporujeme dlouhodob\u011b \u2013 nap\u0159\u00edklad prost\u0159ednictv\u00edm akce Sue Ryder Charity Cup a tak\u00e9 \u0159adou dal\u0161\u00edch aktivit, v\u010detn\u011b finan\u010dn\u00ed sb\u00edrky,\u201c\u00a0<\/em>dod\u00e1v\u00e1 Vratislav Stra\u0161il. Volkswagen Financial Services spolupracuje s organizac\u00ed Sue Ryder pravideln\u011b od roku 2015.<\/p>\n<p><img loading=\"lazy\" decoding=\"async\" class=\"alignnone wp-image-4923\" src=\"http:\/\/www.automakers.cz\/wp-content\/uploads\/2024\/06\/zlata-koruna-small-675x900.jpg\" alt=\"\" width=\"717\" height=\"956\" srcset=\"https:\/\/www.automakers.cz\/wp-content\/uploads\/2024\/06\/zlata-koruna-small-675x900.jpg 675w, https:\/\/www.automakers.cz\/wp-content\/uploads\/2024\/06\/zlata-koruna-small-768x1024.jpg 768w, https:\/\/www.automakers.cz\/wp-content\/uploads\/2024\/06\/zlata-koruna-small-1152x1536.jpg 1152w, https:\/\/www.automakers.cz\/wp-content\/uploads\/2024\/06\/zlata-koruna-small-1536x2048.jpg 1536w, https:\/\/www.automakers.cz\/wp-content\/uploads\/2024\/06\/zlata-koruna-small-1024x1365.jpg 1024w, https:\/\/www.automakers.cz\/wp-content\/uploads\/2024\/06\/zlata-koruna-small-scaled.jpg 1920w\" sizes=\"auto, (max-width: 717px) 100vw, 717px\" \/><\/p>\n","protected":false},"excerpt":{"rendered":"<p>Volkswagen Financial Services si z leto\u0161n\u00edho 22. ro\u010dn\u00edku sout\u011b\u017ee Zlat\u00e1 Koruna odn\u00e1\u0161\u00ed hned dv\u011b ocen\u011bn\u00ed&#8230;.<\/p>\n","protected":false},"author":2,"featured_media":4921,"comment_status":"closed","ping_status":"closed","sticky":false,"template":"","format":"standard","meta":{"footnotes":""},"categories":[32,45,33],"tags":[],"class_list":["post-4911","post","type-post","status-publish","format-standard","has-post-thumbnail","hentry","category-ankety","category-finance","category-leasing"],"_links":{"self":[{"href":"https:\/\/www.automakers.cz\/index.php?rest_route=\/wp\/v2\/posts\/4911","targetHints":{"allow":["GET"]}}],"collection":[{"href":"https:\/\/www.automakers.cz\/index.php?rest_route=\/wp\/v2\/posts"}],"about":[{"href":"https:\/\/www.automakers.cz\/index.php?rest_route=\/wp\/v2\/types\/post"}],"author":[{"embeddable":true,"href":"https:\/\/www.automakers.cz\/index.php?rest_route=\/wp\/v2\/users\/2"}],"replies":[{"embeddable":true,"href":"https:\/\/www.automakers.cz\/index.php?rest_route=%2Fwp%2Fv2%2Fcomments&post=4911"}],"version-history":[{"count":4,"href":"https:\/\/www.automakers.cz\/index.php?rest_route=\/wp\/v2\/posts\/4911\/revisions"}],"predecessor-version":[{"id":4965,"href":"https:\/\/www.automakers.cz\/index.php?rest_route=\/wp\/v2\/posts\/4911\/revisions\/4965"}],"wp:featuredmedia":[{"embeddable":true,"href":"https:\/\/www.automakers.cz\/index.php?rest_route=\/wp\/v2\/media\/4921"}],"wp:attachment":[{"href":"https:\/\/www.automakers.cz\/index.php?rest_route=%2Fwp%2Fv2%2Fmedia&parent=4911"}],"wp:term":[{"taxonomy":"category","embeddable":true,"href":"https:\/\/www.automakers.cz\/index.php?rest_route=%2Fwp%2Fv2%2Fcategories&post=4911"},{"taxonomy":"post_tag","embeddable":true,"href":"https:\/\/www.automakers.cz\/index.php?rest_route=%2Fwp%2Fv2%2Ftags&post=4911"}],"curies":[{"name":"wp","href":"https:\/\/api.w.org\/{rel}","templated":true}]}}