{"id":4938,"date":"2024-06-25T06:29:07","date_gmt":"2024-06-25T06:29:07","guid":{"rendered":"https:\/\/www.automakers.cz\/?p=4938"},"modified":"2024-06-25T06:38:21","modified_gmt":"2024-06-25T06:38:21","slug":"daimler-nabidl-sluzbu-truckcharge","status":"publish","type":"post","link":"https:\/\/www.automakers.cz\/?p=4938","title":{"rendered":"Daimler nab\u00eddl slu\u017ebu TruckCharge"},"content":{"rendered":"<p><strong>Daimler Truck zav\u00e1d\u00ed v Evrop\u011b novou zna\u010dku TruckCharge. Tento n\u00e1zev sdru\u017euje v\u0161echny st\u00e1vaj\u00edc\u00ed i budouc\u00ed nab\u00eddky spole\u010dnosti t\u00fdkaj\u00edc\u00ed se e-infrastruktury a nab\u00edjen\u00ed elektrick\u00fdch n\u00e1kladn\u00edch vozidel, tedy poradenstv\u00ed, hardwarov\u00e9 a digit\u00e1ln\u00ed slu\u017eby. <\/strong><!--more--><\/p>\n<p>T\u00edmto zp\u016fsobem m\u00e1 Daimler Truck v \u00famyslu poskytnout z\u00e1kazn\u00edk\u016fm n\u00e1kladov\u011b efektivn\u00ed celkov\u00fd bal\u00ed\u010dek, od v\u00fdroby energie a\u017e po provoz vozidla, kter\u00fd jim umo\u017en\u00ed vyu\u017e\u00edt pln\u00fd potenci\u00e1l elektrifikace.<\/p>\n<p>TruckCharge je zam\u011b\u0159en nejen na provozovatele vozov\u00fdch park\u016f n\u00e1kladn\u00edch vozidel, ale tak\u00e9 na pr\u016fmyslov\u00e9 podniky s vlastn\u00edm nebo outsourcovan\u00fdm vozov\u00fdm parkem. Proto\u017ee se obecn\u011b pou\u017e\u00edvaj\u00ed vozidla r\u016fzn\u00fdch v\u00fdrobc\u016f OEM, TruckCharge bude k dispozici bez ohledu na zna\u010dku n\u00e1kladn\u00edho vozidla. Daimler Truck ofici\u00e1ln\u011b spust\u00ed TruckCharge na IAA Transportation v Hannoveru v z\u00e1\u0159\u00ed.<\/p>\n<p>Karin R\u00e5dstr\u00f6m, gener\u00e1ln\u00ed \u0159editelka Mercedes-Benz Trucks: \u201eChceme, aby e-mobilita byla pro na\u0161e z\u00e1kazn\u00edky jednoduch\u00e1 a ziskov\u00e1 \u2013 tak\u00e9 nad r\u00e1mec n\u00e1kupu elektrick\u00fdch n\u00e1kladn\u00edch vozidel. S TruckCharge nyn\u00ed sdru\u017eujeme na\u0161i \u0159adu \u0159e\u0161en\u00ed pod jednu zna\u010dku a pl\u00e1nujeme neust\u00e1le roz\u0161i\u0159ovat portfolio.<\/p>\n<p><strong>Sn\u00ed\u017een\u00ed celkov\u00fdch n\u00e1klad\u016f provozovatel\u016f vozov\u00e9ho parku<\/strong><\/p>\n<p>Konzulta\u010dn\u00ed slu\u017eba pro provozovatele vozov\u00fdch park\u016f je sou\u010d\u00e1st\u00ed komplexn\u00edho ekosyst\u00e9mu, zam\u011b\u0159en\u00e9ho na sni\u017eov\u00e1n\u00ed celkov\u00fdch n\u00e1klad\u016f, souvisej\u00edc\u00edch s elektrick\u00fdmi n\u00e1kladn\u00edmi vozy od spole\u010dnosti Daimler Truck. Firemn\u00ed experti ji\u017e n\u011bjakou dobu pom\u00e1haj\u00ed z\u00e1kazn\u00edk\u016fm p\u0159i elektrifikaci jejich vozov\u00fdch park\u016f a dep. V t\u00e9to souvislosti se zam\u011b\u0159ujeme na poradenstv\u00ed v oblasti elektrick\u00fdch n\u00e1kladn\u00edch vozidel, jako\u017e i na pl\u00e1nov\u00e1n\u00ed, v\u00fdstavbu a navrhov\u00e1n\u00ed infrastruktury nab\u00edjen\u00ed v depu a p\u0159ipojen\u00ed k s\u00edti. Konzultanti spole\u010dnosti Daimler Truck nav\u00edc mohou pomoci p\u0159i identifikaci p\u0159\u00edle\u017eitost\u00ed podpory financov\u00e1n\u00ed infrastruktury a vozidel.<\/p>\n<p><img loading=\"lazy\" decoding=\"async\" class=\"alignnone size-medium wp-image-4941\" src=\"http:\/\/www.automakers.cz\/wp-content\/uploads\/2024\/06\/Daimler-TruckCharge-3-900x599.jpg\" alt=\"\" width=\"900\" height=\"599\" srcset=\"https:\/\/www.automakers.cz\/wp-content\/uploads\/2024\/06\/Daimler-TruckCharge-3-900x599.jpg 900w, https:\/\/www.automakers.cz\/wp-content\/uploads\/2024\/06\/Daimler-TruckCharge-3-768x512.jpg 768w, https:\/\/www.automakers.cz\/wp-content\/uploads\/2024\/06\/Daimler-TruckCharge-3.jpg 1024w\" sizes=\"auto, (max-width: 900px) 100vw, 900px\" \/><\/p>\n<p><strong>Dob\u00edjec\u00ed stanice pro z\u00e1kaznick\u00e1 depa \u2013 digit\u00e1ln\u00ed slu\u017eby<\/strong><\/p>\n<p>Daimler Truck sv\u00fdm z\u00e1kazn\u00edk\u016fm tak\u00e9 nab\u00edz\u00ed mo\u017enost zakoupit si rychlonab\u00edjec\u00ed stanice u sv\u00fdch prodejc\u016f. Bal\u00ed\u010dek \u201eDepot Charging\u201c zahrnuje poradenstv\u00ed, prodej hardwaru a technick\u00fd servis a tak\u00e9 finan\u010dn\u00ed \u0159e\u0161en\u00ed od spole\u010dnosti Daimler Truck Financial Services pro nab\u00edjec\u00ed infrastrukturu. Krom\u011b toho na po\u017e\u00e1d\u00e1n\u00ed provedou instalaci kvalifikovan\u00ed partne\u0159i Daimler Truck.<\/p>\n<p>C\u00edlem je zajistit plynul\u00e9 nab\u00edjen\u00ed a vysokou \u00farove\u0148 dostupnosti vozidla. Prvn\u00ed pilotn\u00ed projekty byly zah\u00e1jeny u r\u016fzn\u00fdch dealerstv\u00ed v N\u011bmecku na konci leto\u0161n\u00edho kv\u011btna, v sou\u010dasn\u00e9 dob\u011b prob\u00edh\u00e1 rollout a postupn\u011b se p\u0159id\u00e1vaj\u00ed dal\u0161\u00ed evropsk\u00e9 zem\u011b. Spole\u010dnost Alpitronic je zde strategick\u00fdm partnerem pro nab\u00edjec\u00ed stanice.<\/p>\n<p>Digit\u00e1ln\u00ed slu\u017eby zahrnuj\u00ed provoz vozov\u00e9ho parku v\u010detn\u011b inteligentn\u00edho \u0159\u00edzen\u00ed dob\u00edjen\u00ed. Nab\u00edzen\u00e9 slu\u017eby dopl\u0148uj\u00ed vhodn\u00e9 platebn\u00ed funkce pro nab\u00edjen\u00ed mimo depo (\u201eve\u0159ejn\u00e9 zpoplatn\u011bn\u00ed\u201c).<\/p>\n<p><strong>Poradenstv\u00ed pro elektrifikaci logistiky pr\u016fmyslov\u00fdch podnik\u016f<\/strong><\/p>\n<p>St\u00e1le v\u011bt\u0161\u00ed po\u010det spole\u010dnost\u00ed z pr\u016fmyslov\u00e9ho sektoru m\u00e1 v \u00famyslu zav\u00e9st uhl\u00edkov\u011b neutr\u00e1ln\u00ed dodavatelsk\u00e9 \u0159et\u011bzce. Za t\u00edmto \u00fa\u010delem vyvinuli odborn\u00edci spole\u010dnosti Daimler Truck speci\u00e1ln\u00ed \u0159adu poradensk\u00fdch slu\u017eeb. Jde o to vyhodnotit spole\u010dn\u011b se z\u00e1kazn\u00edky trasy, kter\u00e9 maj\u00ed b\u00fdt elektrifikov\u00e1ny v oblasti p\u0159\u00edjezdov\u00e9 a v\u00fdjezdov\u00e9 logistiky, a po konzultaci s p\u0159\u00edslu\u0161n\u00fdmi provozovateli vozov\u00e9ho parku vypracovat pl\u00e1ny optim\u00e1ln\u00edch tras s p\u0159\u00edslu\u0161n\u00fdmi nab\u00edjec\u00edmi body.<\/p>\n<p>Na tomto z\u00e1klad\u011b konzultanti vytv\u00e1\u0159ej\u00ed nab\u00edjec\u00ed \u0159e\u0161en\u00ed na m\u00edru, a to jak pro pr\u016fmyslov\u00e9, tak pro dopravn\u00ed spole\u010dnosti. Prvn\u00edm z\u00e1kazn\u00edkem byla Mercedes-Benz Group AG ve spolupr\u00e1ci s Gro\u00dfe-Vehne jako logistick\u00fdm partnerem.<\/p>\n<p><img loading=\"lazy\" decoding=\"async\" class=\"alignnone size-medium wp-image-4940\" src=\"http:\/\/www.automakers.cz\/wp-content\/uploads\/2024\/06\/Daimler-TruckCharge-1-900x600.jpg\" alt=\"\" width=\"900\" height=\"600\" srcset=\"https:\/\/www.automakers.cz\/wp-content\/uploads\/2024\/06\/Daimler-TruckCharge-1-900x600.jpg 900w, https:\/\/www.automakers.cz\/wp-content\/uploads\/2024\/06\/Daimler-TruckCharge-1-768x512.jpg 768w, https:\/\/www.automakers.cz\/wp-content\/uploads\/2024\/06\/Daimler-TruckCharge-1.jpg 1024w\" sizes=\"auto, (max-width: 900px) 100vw, 900px\" \/><\/p>\n","protected":false},"excerpt":{"rendered":"<p>Daimler Truck zav\u00e1d\u00ed v Evrop\u011b novou zna\u010dku TruckCharge. Tento n\u00e1zev sdru\u017euje v\u0161echny st\u00e1vaj\u00edc\u00ed i budouc\u00ed&#8230;<\/p>\n","protected":false},"author":2,"featured_media":4939,"comment_status":"closed","ping_status":"closed","sticky":false,"template":"","format":"standard","meta":{"footnotes":""},"categories":[9],"tags":[],"class_list":["post-4938","post","type-post","status-publish","format-standard","has-post-thumbnail","hentry","category-elektromobily"],"_links":{"self":[{"href":"https:\/\/www.automakers.cz\/index.php?rest_route=\/wp\/v2\/posts\/4938","targetHints":{"allow":["GET"]}}],"collection":[{"href":"https:\/\/www.automakers.cz\/index.php?rest_route=\/wp\/v2\/posts"}],"about":[{"href":"https:\/\/www.automakers.cz\/index.php?rest_route=\/wp\/v2\/types\/post"}],"author":[{"embeddable":true,"href":"https:\/\/www.automakers.cz\/index.php?rest_route=\/wp\/v2\/users\/2"}],"replies":[{"embeddable":true,"href":"https:\/\/www.automakers.cz\/index.php?rest_route=%2Fwp%2Fv2%2Fcomments&post=4938"}],"version-history":[{"count":2,"href":"https:\/\/www.automakers.cz\/index.php?rest_route=\/wp\/v2\/posts\/4938\/revisions"}],"predecessor-version":[{"id":4966,"href":"https:\/\/www.automakers.cz\/index.php?rest_route=\/wp\/v2\/posts\/4938\/revisions\/4966"}],"wp:featuredmedia":[{"embeddable":true,"href":"https:\/\/www.automakers.cz\/index.php?rest_route=\/wp\/v2\/media\/4939"}],"wp:attachment":[{"href":"https:\/\/www.automakers.cz\/index.php?rest_route=%2Fwp%2Fv2%2Fmedia&parent=4938"}],"wp:term":[{"taxonomy":"category","embeddable":true,"href":"https:\/\/www.automakers.cz\/index.php?rest_route=%2Fwp%2Fv2%2Fcategories&post=4938"},{"taxonomy":"post_tag","embeddable":true,"href":"https:\/\/www.automakers.cz\/index.php?rest_route=%2Fwp%2Fv2%2Ftags&post=4938"}],"curies":[{"name":"wp","href":"https:\/\/api.w.org\/{rel}","templated":true}]}}