{"id":4952,"date":"2024-06-25T06:33:05","date_gmt":"2024-06-25T06:33:05","guid":{"rendered":"https:\/\/www.automakers.cz\/?p=4952"},"modified":"2024-06-25T06:33:05","modified_gmt":"2024-06-25T06:33:05","slug":"shell-recharge-u-prodejen-billa-a-penny","status":"publish","type":"post","link":"https:\/\/www.automakers.cz\/?p=4952","title":{"rendered":"Shell Recharge u prodejen BILLA a Penny"},"content":{"rendered":"<p><strong>BILLA a PENNY podepsaly se Shell Czech Republic strategick\u00e9 partnerstv\u00ed pro v\u00fdstavbu ve\u0159ejn\u00fdch nab\u00edje\u010dek pro elektromobily u prodejen t\u011bchto obchodn\u00edch \u0159et\u011bzc\u016f v \u010cesk\u00e9 republice. <\/strong><!--more--><\/p>\n<p>C\u00edlem partnerstv\u00ed je nab\u00eddnout z\u00e1kazn\u00edk\u016fm \u0159et\u011bzce BILLA vysok\u00fd standard dob\u00edjen\u00ed Shell Recharge. Tato spolupr\u00e1ce podporuje c\u00edl spole\u010dnosti Shell st\u00e1t se do roku 2050 uhl\u00edkov\u011b neutr\u00e1ln\u00ed. BILLA chce stejn\u00e9ho c\u00edle dos\u00e1hnout u\u017e do roku 2040.<\/p>\n<p>Od dubna leto\u0161n\u00edho roku nab\u00edz\u00ed spole\u010dnost Shell v \u010cesk\u00e9 republice vlastn\u00ed \u0159e\u0161en\u00ed pro nab\u00edjen\u00ed elektromobil\u016f pod zna\u010dkou Shell Recharge. Krom\u011b \u010derpac\u00edch stanic bude Shell nab\u00edzet tak\u00e9 nadstandardn\u00ed nab\u00edjen\u00ed pro majitele elektromobil\u016f na m\u00edstech, kde z\u00e1kazn\u00edci tr\u00e1v\u00ed del\u0161\u00ed dobu, nap\u0159\u00edklad v n\u00e1kupn\u00edch centrech. Pr\u00e1v\u011b sem sm\u011b\u0159uje strategick\u00e9 partnerstv\u00ed mezi spole\u010dnostmi Shell Czech Republic a BILLA \u010cesk\u00e1 republika.<\/p>\n<p>\u201eZ\u00e1sady udr\u017eitelnosti a odpov\u011bdn\u00e9ho p\u0159\u00edstupu k lidem a \u017eivotn\u00edmu prost\u0159ed\u00ed jsou pro n\u00e1s prioritn\u00ed. Partnerstv\u00ed se spole\u010dnost\u00ed Shell je pro n\u00e1s v mnoha sm\u011brech strategick\u00e9. Instalace nab\u00edjec\u00edch stanic je jedn\u00edm z krok\u016f napl\u0148uj\u00edc\u00edm n\u00e1\u0161 skupinov\u00fd z\u00e1vazek a podporuj\u00edc\u00ed z\u00e1kazn\u00edky, kte\u0159\u00ed se rozhodli podporovat tento udr\u017eiteln\u00fd sm\u011br,\u201c \u0159\u00edk\u00e1 Andreas J\u00fcterbock, \u0159editel prodeje spole\u010dnosti BILLA \u010cesk\u00e1 republika.<\/p>\n<p>\u201eD\u00edky tomuto strategick\u00e9mu partnerstv\u00ed nav\u00edc nab\u00eddneme na\u0161im z\u00e1kazn\u00edk\u016fm nov\u00fd komfort dob\u00edjen\u00ed, proto\u017ee d\u00edky instalovan\u00e9mu v\u00fdkonu budou moci dob\u00edt sv\u016fj elektromobil pln\u011b nebo z podstatn\u00e9 \u010d\u00e1sti b\u011bhem p\u016fl hodiny, tedy b\u011bhem sv\u00e9ho n\u00e1kupu na na\u0161\u00ed prodejn\u011b.\u201c<\/p>\n<p>Shell Recharge p\u0159in\u00e1\u0161\u00ed podstatn\u00e9 zv\u00fd\u0161en\u00ed dostupn\u00e9 rychlosti dob\u00edjen\u00ed. Disponuje toti\u017e nab\u00edjec\u00edm v\u00fdkonem 180 kW. To je v\u00edce ne\u017e trojn\u00e1sobek v\u00fdkonu jin\u00fdch dob\u00edjec\u00edch stanic. Ty jsou b\u011b\u017en\u011b vybaveny stanicemi 50 kW pro rychl\u00e9 nab\u00edjen\u00ed a 22 kW pro pozvoln\u00e9 nab\u00edjen\u00ed. D\u00edky tomu nab\u00edjec\u00ed stanice Shell Recharge zajist\u00ed \u00fapln\u00e9 nebo podstatn\u00e9 dobit\u00ed elektromobilu v \u0159\u00e1du des\u00edtek minut. V r\u00e1mci koncernu REWE je sou\u010d\u00e1st\u00ed t\u00e9to strategick\u00e9 dohody rovn\u011b\u017e obchodn\u00ed \u0159et\u011bzec PENNY \u010cesk\u00e1 republika, u jeho\u017e prodejny v Poln\u00e9 byla vybudov\u00e1na prvn\u00ed pilotn\u00ed nab\u00edjec\u00ed stanice Shell Recharge.<\/p>\n<p>\u201eNa\u0161\u00edm c\u00edlem ve spole\u010dnosti Shell je zajistit, aby majitel\u00e9 elektromobil\u016f m\u011bli stejn\u011b vysok\u00fd standard slu\u017eeb jako majitel\u00e9 konven\u010dn\u00edch vozidel, a k tomu neodmysliteln\u011b pat\u0159\u00ed dostupnost nab\u00edjen\u00ed. T\u00edm, \u017ee umo\u017en\u00edme nab\u00edjen\u00ed vozidla b\u011bhem ka\u017edodenn\u00edch n\u00e1kup\u016f, z\u00edskaj\u00ed majitel\u00e9 rychlou a snadno dostupnou slu\u017ebu, kter\u00e1 je p\u0159izp\u016fsobena specifick\u00fdm pot\u0159eb\u00e1m u\u017eivatel\u016f elektromobil\u016f. V\u00e1\u017e\u00edme si toho, \u017ee jsme se pro tuto my\u0161lenku nadchli spole\u010dn\u011b s partnerem, kter\u00fd p\u0159edstavuje \u0161pi\u010dku v oblasti maloobchodu a s n\u00edm\u017e m\u00e1me dlouhodob\u00e9 obchodn\u00ed vztahy. U\u017e od roku 2014 provozujeme na 71 na\u0161ich \u010derpac\u00edch stanic\u00edch po cel\u00e9 \u010cR obchody BILLA Stop &amp; Shop, kde si z\u00e1kazn\u00edci mohou rychle nakoupit z\u00e1kladn\u00ed potraviny, v\u010detn\u011b \u010derstv\u00e9ho zbo\u017e\u00ed (ovoce a zelenina, pe\u010divo, uzeniny a ml\u00e9\u010dn\u00e9 v\u00fdrobky). D\u00edky partnerstv\u00ed se spole\u010dnost\u00ed BILLA budeme moci v n\u00e1sleduj\u00edc\u00edch letech efektivn\u011b roz\u0161i\u0159ovat na\u0161i s\u00ed\u0165 Shell Recharge pro dob\u00edjen\u00ed elektromobil\u016f,\u201c \u0159\u00edk\u00e1 Daniel Vagask\u00fd, gener\u00e1ln\u00ed \u0159editel spole\u010dnosti Shell Czech Republic.<\/p>\n<p>Zdroj: Shell<\/p>\n<p>&nbsp;<\/p>\n","protected":false},"excerpt":{"rendered":"<p>BILLA a PENNY podepsaly se Shell Czech Republic strategick\u00e9 partnerstv\u00ed pro v\u00fdstavbu ve\u0159ejn\u00fdch nab\u00edje\u010dek pro&#8230;<\/p>\n","protected":false},"author":2,"featured_media":4953,"comment_status":"closed","ping_status":"closed","sticky":false,"template":"","format":"standard","meta":{"footnotes":""},"categories":[9,3],"tags":[],"class_list":["post-4952","post","type-post","status-publish","format-standard","has-post-thumbnail","hentry","category-elektromobily","category-investice"],"_links":{"self":[{"href":"https:\/\/www.automakers.cz\/index.php?rest_route=\/wp\/v2\/posts\/4952","targetHints":{"allow":["GET"]}}],"collection":[{"href":"https:\/\/www.automakers.cz\/index.php?rest_route=\/wp\/v2\/posts"}],"about":[{"href":"https:\/\/www.automakers.cz\/index.php?rest_route=\/wp\/v2\/types\/post"}],"author":[{"embeddable":true,"href":"https:\/\/www.automakers.cz\/index.php?rest_route=\/wp\/v2\/users\/2"}],"replies":[{"embeddable":true,"href":"https:\/\/www.automakers.cz\/index.php?rest_route=%2Fwp%2Fv2%2Fcomments&post=4952"}],"version-history":[{"count":2,"href":"https:\/\/www.automakers.cz\/index.php?rest_route=\/wp\/v2\/posts\/4952\/revisions"}],"predecessor-version":[{"id":4972,"href":"https:\/\/www.automakers.cz\/index.php?rest_route=\/wp\/v2\/posts\/4952\/revisions\/4972"}],"wp:featuredmedia":[{"embeddable":true,"href":"https:\/\/www.automakers.cz\/index.php?rest_route=\/wp\/v2\/media\/4953"}],"wp:attachment":[{"href":"https:\/\/www.automakers.cz\/index.php?rest_route=%2Fwp%2Fv2%2Fmedia&parent=4952"}],"wp:term":[{"taxonomy":"category","embeddable":true,"href":"https:\/\/www.automakers.cz\/index.php?rest_route=%2Fwp%2Fv2%2Fcategories&post=4952"},{"taxonomy":"post_tag","embeddable":true,"href":"https:\/\/www.automakers.cz\/index.php?rest_route=%2Fwp%2Fv2%2Ftags&post=4952"}],"curies":[{"name":"wp","href":"https:\/\/api.w.org\/{rel}","templated":true}]}}