{"id":4994,"date":"2024-06-25T12:09:05","date_gmt":"2024-06-25T12:09:05","guid":{"rendered":"https:\/\/www.automakers.cz\/?p=4994"},"modified":"2024-06-25T12:55:23","modified_gmt":"2024-06-25T12:55:23","slug":"havex-prodal-bohnicky-autoservis","status":"publish","type":"post","link":"https:\/\/www.automakers.cz\/?p=4994","title":{"rendered":"Havex prodal bohnick\u00fd autoservis"},"content":{"rendered":"<p><strong>Majitel\u00e9 \u0161kodovek z pra\u017esk\u00e9ho severn\u00edho m\u011bsta, l\u00e9ta zvykl\u00ed jezdit do bohnick\u00e9ho zna\u010dkov\u00e9ho autoservisu Havex, na\u0161li v \u010dervnu u\u017e jen pr\u00e1zdnou budovu. Skupina se rozhodla are\u00e1l prodat nov\u00e9mu majiteli. D\u016fvody vysv\u011btlil na\u0161emu \u010dasopisu \u0161\u00e9f marketingu HAVEX GROUP Petr Vondr\u00e1\u010dek.<\/strong><!--more--><\/p>\n<p>Bohnick\u00fd autoservis p\u016fvodn\u011b provozovala spole\u010dnost EuroCar jako zna\u010dkovou prodejnu i servis \u0160kody. Proto\u017ee ale jej\u00ed mal\u00fd showroom p\u0159ed lety p\u0159estal vyhovovat po\u017eadavk\u016fm automobilky, ponechala si jen autorizovan\u00fd servis a celou provozovnu posl\u00e9ze prodala Havexu.<\/p>\n<p><img loading=\"lazy\" decoding=\"async\" class=\"alignnone size-medium wp-image-4998\" src=\"http:\/\/www.automakers.cz\/wp-content\/uploads\/2024\/06\/Havex-Skoda-Fabia-900x675.jpg\" alt=\"\" width=\"900\" height=\"675\" srcset=\"https:\/\/www.automakers.cz\/wp-content\/uploads\/2024\/06\/Havex-Skoda-Fabia-900x675.jpg 900w, https:\/\/www.automakers.cz\/wp-content\/uploads\/2024\/06\/Havex-Skoda-Fabia-1024x768.jpg 1024w, https:\/\/www.automakers.cz\/wp-content\/uploads\/2024\/06\/Havex-Skoda-Fabia-768x576.jpg 768w, https:\/\/www.automakers.cz\/wp-content\/uploads\/2024\/06\/Havex-Skoda-Fabia-1536x1152.jpg 1536w, https:\/\/www.automakers.cz\/wp-content\/uploads\/2024\/06\/Havex-Skoda-Fabia.jpg 2040w\" sizes=\"auto, (max-width: 900px) 100vw, 900px\" \/>Ten jej n\u011bkolik let provozoval a letos na ja\u0159e se rozhodl jej zbavit. &#8222;Servis p\u0159ech\u00e1z\u00ed do rukou nov\u00e9ho majitele, v budov\u011b m\u00e1 b\u00fdt stanice technick\u00e9 kontroly,&#8220; \u0159ekl na\u0161emu \u010dasopisu je\u0161t\u011b v kv\u011btnu jeden ze servisman\u016f.<\/p>\n<p><img loading=\"lazy\" decoding=\"async\" class=\"alignnone size-medium wp-image-4997\" src=\"http:\/\/www.automakers.cz\/wp-content\/uploads\/2024\/06\/Havex-servis-prazdny-900x675.jpg\" alt=\"\" width=\"900\" height=\"675\" srcset=\"https:\/\/www.automakers.cz\/wp-content\/uploads\/2024\/06\/Havex-servis-prazdny-900x675.jpg 900w, https:\/\/www.automakers.cz\/wp-content\/uploads\/2024\/06\/Havex-servis-prazdny-1024x768.jpg 1024w, https:\/\/www.automakers.cz\/wp-content\/uploads\/2024\/06\/Havex-servis-prazdny-768x576.jpg 768w, https:\/\/www.automakers.cz\/wp-content\/uploads\/2024\/06\/Havex-servis-prazdny-1536x1152.jpg 1536w, https:\/\/www.automakers.cz\/wp-content\/uploads\/2024\/06\/Havex-servis-prazdny.jpg 2040w\" sizes=\"auto, (max-width: 900px) 100vw, 900px\" \/><strong>Konsolidace aktivit Havex GROUP<\/strong><\/p>\n<p>Nyn\u00ed u\u017e zeje budova i parkovi\u0161t\u011b pr\u00e1zdnotou. Podle managementu Havexu zapad\u00e1 prodej Bohnic do celkov\u00e9ho pl\u00e1nu skupiny na konsolidaci aktivit:<\/p>\n<p>\u201cJde o zm\u011bny, kter\u00e9 byly pot\u0159ebn\u00e9 pro zkvalitn\u011bn\u00ed slu\u017eeb, dosavadn\u00ed prostory u\u017e byly nevyhovuj\u00edc\u00ed. Je to prvn\u00ed z v\u00edce krok\u016f, souvisej\u00edc\u00edch s dal\u0161\u00edm rozvojem a medi\u00e1ln\u00ed v\u00fdstup ke st\u011bhov\u00e1n\u00ed budeme komunikovat po skon\u010den\u00ed jako celek se v\u0161emi souvislostmi, kter\u00e9 budou tyto aktivity doprov\u00e1zet,\u201d uvedl pro n\u00e1\u0161 \u010dasopis Petr Vondr\u00e1\u010dek, marketingov\u00fd \u0159editel HAVEX GROUP.<\/p>\n<figure id=\"attachment_3728\" aria-describedby=\"caption-attachment-3728\" style=\"width: 900px\" class=\"wp-caption alignnone\"><img loading=\"lazy\" decoding=\"async\" class=\"size-medium wp-image-3728\" src=\"http:\/\/www.automakers.cz\/wp-content\/uploads\/2024\/04\/Havex_Zdenok-Honek-u-auta-900x600.jpeg\" alt=\"\" width=\"900\" height=\"600\" \/><figcaption id=\"caption-attachment-3728\" class=\"wp-caption-text\">Zden\u011bk Honek<\/figcaption><\/figure>\n<p><span style=\"color: #4472c4;\"><span style=\"font-family: Calibri;\">&#8222;Leto\u0161n\u00ed rok bude sp\u00ed\u0161e o konsolidaci na\u0161ich spole\u010dnost\u00ed. St\u00e1le m\u00e1me prostor v lep\u0161\u00edm vyu\u017eit\u00ed synergie na\u0161ich sd\u00edlen\u00fdch slu\u017eeb, kter\u00e9 jsme um\u00edstili do spole\u010dnosti HAVEX partners. Jedn\u00e1 se o oblast spole\u010dn\u00e9ho \u0159\u00edzen\u00ed financ\u00ed, HR, IT, MKTG a z\u00e1kaznick\u00e9ho centra. D\u00e1le pak letos za\u010d\u00edn\u00e1 prvn\u00ed cel\u00fd rok se zna\u010dkou CUPRA, kde p\u0159ipravujeme zaj\u00edmav\u00e9 nab\u00eddky v r\u00e1mci operativn\u00edho leasingu. A v neposledn\u00ed \u0159ad\u011b n\u00e1s \u010dek\u00e1 i vhodn\u00e9 za\u010dlen\u011bn\u00ed nab\u00eddky karavan\u016f HYKRA do na\u0161\u00ed prodejn\u00ed s\u00edt\u011b a vyu\u017eit\u00ed z\u00e1zem\u00ed skupiny pro r\u016fst zna\u010dky,&#8220; p\u0159ibl\u00ed\u017eil p\u0159ed \u010dasem sv\u016fj konsolida\u010dn\u00ed pl\u00e1n v rozhovoru pro n\u00e1\u0161 \u010dasopis gener\u00e1ln\u00ed \u0159editel skupiny Zden\u011bk Honek.<\/span><\/span><\/p>\n<p><span style=\"color: #4472c4;\"><span style=\"font-family: Calibri;\"><strong>Erich Handl, Bohnice\u00a0 \u00a0<\/strong><br \/>\n<\/span><\/span><\/p>\n<p><img loading=\"lazy\" decoding=\"async\" class=\"alignnone size-medium wp-image-4999\" src=\"http:\/\/www.automakers.cz\/wp-content\/uploads\/2024\/06\/Havex-prapor-900x675.jpg\" alt=\"\" width=\"900\" height=\"675\" srcset=\"https:\/\/www.automakers.cz\/wp-content\/uploads\/2024\/06\/Havex-prapor-900x675.jpg 900w, https:\/\/www.automakers.cz\/wp-content\/uploads\/2024\/06\/Havex-prapor-1024x768.jpg 1024w, https:\/\/www.automakers.cz\/wp-content\/uploads\/2024\/06\/Havex-prapor-768x576.jpg 768w, https:\/\/www.automakers.cz\/wp-content\/uploads\/2024\/06\/Havex-prapor-1536x1152.jpg 1536w, https:\/\/www.automakers.cz\/wp-content\/uploads\/2024\/06\/Havex-prapor.jpg 2040w\" sizes=\"auto, (max-width: 900px) 100vw, 900px\" \/><\/p>\n","protected":false},"excerpt":{"rendered":"<p>Majitel\u00e9 \u0161kodovek z pra\u017esk\u00e9ho severn\u00edho m\u011bsta, l\u00e9ta zvykl\u00ed jezdit do bohnick\u00e9ho zna\u010dkov\u00e9ho autoservisu Havex, na\u0161li&#8230;<\/p>\n","protected":false},"author":1,"featured_media":4996,"comment_status":"closed","ping_status":"closed","sticky":false,"template":"","format":"standard","meta":{"footnotes":""},"categories":[17,52],"tags":[],"class_list":["post-4994","post","type-post","status-publish","format-standard","has-post-thumbnail","hentry","category-dealeri","category-servis"],"_links":{"self":[{"href":"https:\/\/www.automakers.cz\/index.php?rest_route=\/wp\/v2\/posts\/4994","targetHints":{"allow":["GET"]}}],"collection":[{"href":"https:\/\/www.automakers.cz\/index.php?rest_route=\/wp\/v2\/posts"}],"about":[{"href":"https:\/\/www.automakers.cz\/index.php?rest_route=\/wp\/v2\/types\/post"}],"author":[{"embeddable":true,"href":"https:\/\/www.automakers.cz\/index.php?rest_route=\/wp\/v2\/users\/1"}],"replies":[{"embeddable":true,"href":"https:\/\/www.automakers.cz\/index.php?rest_route=%2Fwp%2Fv2%2Fcomments&post=4994"}],"version-history":[{"count":3,"href":"https:\/\/www.automakers.cz\/index.php?rest_route=\/wp\/v2\/posts\/4994\/revisions"}],"predecessor-version":[{"id":5003,"href":"https:\/\/www.automakers.cz\/index.php?rest_route=\/wp\/v2\/posts\/4994\/revisions\/5003"}],"wp:featuredmedia":[{"embeddable":true,"href":"https:\/\/www.automakers.cz\/index.php?rest_route=\/wp\/v2\/media\/4996"}],"wp:attachment":[{"href":"https:\/\/www.automakers.cz\/index.php?rest_route=%2Fwp%2Fv2%2Fmedia&parent=4994"}],"wp:term":[{"taxonomy":"category","embeddable":true,"href":"https:\/\/www.automakers.cz\/index.php?rest_route=%2Fwp%2Fv2%2Fcategories&post=4994"},{"taxonomy":"post_tag","embeddable":true,"href":"https:\/\/www.automakers.cz\/index.php?rest_route=%2Fwp%2Fv2%2Ftags&post=4994"}],"curies":[{"name":"wp","href":"https:\/\/api.w.org\/{rel}","templated":true}]}}