{"id":5031,"date":"2024-06-27T06:55:10","date_gmt":"2024-06-27T06:55:10","guid":{"rendered":"https:\/\/www.automakers.cz\/?p=5031"},"modified":"2024-06-27T06:55:10","modified_gmt":"2024-06-27T06:55:10","slug":"ford-rusi-1600-pracovnich-mist-ve-valencii","status":"publish","type":"post","link":"https:\/\/www.automakers.cz\/?p=5031","title":{"rendered":"Ford ru\u0161\u00ed 1600 pracovn\u00edch m\u00edst ve Valencii"},"content":{"rendered":"<div class=\"text__text__1FZLe text__dark-grey__3Ml43 text__regular__2N1Xr text__small__1kGq2 body__full_width__ekUdw body__small_body__2vQyf article-body__paragraph__2-BtD\" data-testid=\"paragraph-0\"><strong>Americk\u00fd Ford pl\u00e1nuje zru\u0161it dal\u0161\u00edch a\u017e 1 600 pracovn\u00edch m\u00edst ve sv\u00e9m mont\u00e1\u017en\u00edm z\u00e1vod\u011b ve \u0161pan\u011blsk\u00e9 Valencii.<\/strong><\/div>\n<p><!--more--><\/p>\n<div class=\"text__text__1FZLe text__dark-grey__3Ml43 text__regular__2N1Xr text__small__1kGq2 body__full_width__ekUdw body__small_body__2vQyf article-body__paragraph__2-BtD\" data-testid=\"paragraph-1\">Automobilka, kter\u00e1 v tov\u00e1rn\u011b zam\u011bstn\u00e1v\u00e1 asi 4 700 pracovn\u00edk\u016f, sd\u011blila odbor\u016fm, \u017ee pl\u00e1nuje trvale zru\u0161it 600 pracovn\u00edch m\u00edst, zat\u00edmco je otev\u0159ena jedn\u00e1n\u00ed o mo\u017en\u00e9m op\u011btovn\u00e9m najmut\u00ed dal\u0161\u00edch 1 000 pozd\u011bji v r\u00e1mci pl\u00e1nu zv\u00fd\u0161it v\u00fdrobu v tov\u00e1rn\u011b od roku 2027, uvedl mluv\u010d\u00ed Fordu ve \u0160pan\u011blsku.<\/div>\n<div data-testid=\"paragraph-1\">\n<div data-testid=\"paragraph-2\"><\/div>\n<div class=\"text__text__1FZLe text__dark-grey__3Ml43 text__regular__2N1Xr text__small__1kGq2 body__full_width__ekUdw body__small_body__2vQyf article-body__paragraph__2-BtD\" data-testid=\"paragraph-2\">&#8222;Pro (zb\u00fdvaj\u00edc\u00edch) 1000 by mohlo b\u00fdt vyjedn\u00e1no do\u010dasn\u00e9 \u0159e\u0161en\u00ed, kter\u00e9 by p\u0159eklenulo dobu do zah\u00e1jen\u00ed v\u00fdroby nov\u00e9ho vozidla,&#8220; \u0159ekl.<\/div>\n<div data-testid=\"paragraph-3\"><\/div>\n<div class=\"text__text__1FZLe text__dark-grey__3Ml43 text__regular__2N1Xr text__small__1kGq2 body__full_width__ekUdw body__small_body__2vQyf article-body__paragraph__2-BtD\" data-testid=\"paragraph-3\">Ford minul\u00fd m\u011bs\u00edc uvedl, \u017ee od roku 2027 zah\u00e1j\u00ed v\u00fdrobu nov\u00e9ho hybridu v tov\u00e1rn\u011b v Almussafes v regionu Valencie pro evropsk\u00fd trh i jinde. C\u00edlem spole\u010dnosti je vyr\u00e1b\u011bt 300 000 kus\u016f nov\u00e9ho vozu ro\u010dn\u011b.<\/div>\n<\/div>\n<div data-testid=\"paragraph-3\"><\/div>\n<div data-testid=\"paragraph-3\"><strong>Reuters<\/strong><\/div>\n","protected":false},"excerpt":{"rendered":"<p>Americk\u00fd Ford pl\u00e1nuje zru\u0161it dal\u0161\u00edch a\u017e 1 600 pracovn\u00edch m\u00edst ve sv\u00e9m mont\u00e1\u017en\u00edm z\u00e1vod\u011b ve&#8230;<\/p>\n","protected":false},"author":1,"featured_media":287,"comment_status":"closed","ping_status":"closed","sticky":false,"template":"","format":"standard","meta":{"footnotes":""},"categories":[31],"tags":[],"class_list":["post-5031","post","type-post","status-publish","format-standard","has-post-thumbnail","hentry","category-news"],"_links":{"self":[{"href":"https:\/\/www.automakers.cz\/index.php?rest_route=\/wp\/v2\/posts\/5031","targetHints":{"allow":["GET"]}}],"collection":[{"href":"https:\/\/www.automakers.cz\/index.php?rest_route=\/wp\/v2\/posts"}],"about":[{"href":"https:\/\/www.automakers.cz\/index.php?rest_route=\/wp\/v2\/types\/post"}],"author":[{"embeddable":true,"href":"https:\/\/www.automakers.cz\/index.php?rest_route=\/wp\/v2\/users\/1"}],"replies":[{"embeddable":true,"href":"https:\/\/www.automakers.cz\/index.php?rest_route=%2Fwp%2Fv2%2Fcomments&post=5031"}],"version-history":[{"count":2,"href":"https:\/\/www.automakers.cz\/index.php?rest_route=\/wp\/v2\/posts\/5031\/revisions"}],"predecessor-version":[{"id":5033,"href":"https:\/\/www.automakers.cz\/index.php?rest_route=\/wp\/v2\/posts\/5031\/revisions\/5033"}],"wp:featuredmedia":[{"embeddable":true,"href":"https:\/\/www.automakers.cz\/index.php?rest_route=\/wp\/v2\/media\/287"}],"wp:attachment":[{"href":"https:\/\/www.automakers.cz\/index.php?rest_route=%2Fwp%2Fv2%2Fmedia&parent=5031"}],"wp:term":[{"taxonomy":"category","embeddable":true,"href":"https:\/\/www.automakers.cz\/index.php?rest_route=%2Fwp%2Fv2%2Fcategories&post=5031"},{"taxonomy":"post_tag","embeddable":true,"href":"https:\/\/www.automakers.cz\/index.php?rest_route=%2Fwp%2Fv2%2Ftags&post=5031"}],"curies":[{"name":"wp","href":"https:\/\/api.w.org\/{rel}","templated":true}]}}