{"id":5034,"date":"2024-06-27T07:06:48","date_gmt":"2024-06-27T07:06:48","guid":{"rendered":"https:\/\/www.automakers.cz\/?p=5034"},"modified":"2024-06-27T07:09:24","modified_gmt":"2024-06-27T07:09:24","slug":"toyota-tsusho-otevrela-centrum-uzitkovych-vozu","status":"publish","type":"post","link":"https:\/\/www.automakers.cz\/?p=5034","title":{"rendered":"Toyota Tsusho otev\u00edr\u00e1 LUV centrum v \u010cestlic\u00edch"},"content":{"rendered":"<p><strong>Toyota Tsusho otev\u0159ela v \u010cestlic\u00edch v po\u0159ad\u00ed druh\u00fd autosalon, kter\u00fd je z\u00e1rove\u0148 prvn\u00edm zcela nov\u011b postaven\u00fdm centrem u\u017eitkov\u00fdch voz\u016f Toyota Professional. Showroom o plo\u0161e t\u00e9m\u011b\u0159 400 m2 umo\u017en\u00ed vystaven\u00ed \u0161irok\u00e9 \u0161k\u00e1ly model\u016f u\u017eitkov\u00fdch voz\u016f v\u010detn\u011b Proace Maxu, kter\u00fd p\u0159ijde na trh tento podzim.<\/strong><!--more--><\/p>\n<p>Specializovan\u00e9 u\u017eitkov\u00e9 centrum nab\u00edz\u00ed kompletn\u00ed \u0159adu u\u017eitkov\u00fdch model\u016f od kompaktn\u00edch dod\u00e1vek a van\u016f a\u017e po nejv\u011bt\u0161\u00ed LCV modely a pick-up.<\/p>\n<p>Modely Proace a Proace City, kter\u00e9 v leto\u0161n\u00edm roce pro\u0161ly faceliftem, dopln\u00ed od podzimu novinka Proace Max, jej\u00ed\u017e p\u0159edprodej pr\u00e1v\u011b za\u010dal. V\u0161echny LCV modely nab\u00edz\u00ed dieselovou i elektrickou variantu. Na p\u0159elomu roku je dopln\u00ed nejnov\u011bj\u0161\u00ed verze modelu Hilux v mild hybridn\u00ed verzi 48V.<input id=\"image-FHcpx3zrittW-fullsize\" class=\"toggle-checkbox input-fullwidth\" name=\"input-fullwidth-FHcpx3zrittW\" type=\"checkbox\" value=\"1\" \/><\/p>\n<div>\n<div id=\"image_50251\" class=\"image-gallery-wrapper font-reset\">\n<div class=\"image-content\">\n<div class=\"fit-size animation\"><label for=\"article-gallery-view-50251\"><img decoding=\"async\" class=\"resize jch-lazyloaded\" src=\"https:\/\/www.toyotanews.eu\/images\/galleries\/CZ_LCV_2024\/LW_240513_TOYOTA_TSUSHO_PRAGUE_CZ_HR_0015.jpg\" alt=\"Toyota Tsusho otev\u0159ela zbrusu nov\u00e9 centrum u\u017eitkov\u00fdch voz\u016f \" data-src=\"https:\/\/www.toyotanews.eu\/images\/galleries\/CZ_LCV_2024\/LW_240513_TOYOTA_TSUSHO_PRAGUE_CZ_HR_0015.jpg\" data-width=\"1280\" data-height=\"960\" \/><\/label><\/div>\n<\/div>\n<\/div>\n<\/div>\n<p>\u201eSegment lehk\u00fdch u\u017eitkov\u00fdch voz\u016f je pro Toyotu d\u016fle\u017eitou oblast\u00ed, na kterou klademe st\u00e1le v\u011bt\u0161\u00ed d\u016fraz. Pozice \u010d\u00edslo dva na trhu v \u010cR je toho d\u016fkazem. St\u00e1le roz\u0161i\u0159uj\u00edc\u00ed se nab\u00eddka model\u016f i pohon\u016f a snaha b\u00fdt na\u0161im z\u00e1kazn\u00edk\u016fm co nejbl\u00ed\u017ee, je d\u016fvodem pro budov\u00e1n\u00ed specializovan\u00fdch center pod sjednocuj\u00edc\u00ed zna\u010dkou Toyota Professional. Aktu\u00e1ln\u011b jich m\u00e1me v \u010cR ji\u017e dev\u011bt,&#8220; \u0159\u00edk\u00e1 gener\u00e1ln\u00ed \u0159editel Toyota a Lexus \u010cR Martin Pele\u0161ka.<\/p>\n<p>Specializovan\u00e9 centrum Toyota Professional krom\u011b nov\u00fdch voz\u016f nab\u00edz\u00ed i \u0161irokou \u0161k\u00e1lu p\u0159estaveb, od kempingov\u00fdch obytn\u00fdch voz\u016f, p\u0159es poj\u00edzdn\u00e9 d\u00edlny pro \u0159emesln\u00edky a\u017e po \u00fapravy pro komun\u00e1ln\u00ed slu\u017eby \u010di integrovan\u00fd z\u00e1chrann\u00fd syst\u00e9m.<\/p>\n<p>\u201eRoz\u0161i\u0159uj\u00edc\u00ed se segment Toyota Professional klade vysok\u00e9 n\u00e1roky nejen na prostor, ale i na odbornost. V na\u0161em nejnov\u011bj\u0161\u00edm showroomu pracuj\u00ed pouze specialist\u00e9 c\u00edlen\u011b vy\u0161kolen\u00ed na prodej u\u017eitkov\u00fdch voz\u016f, kter\u00fd m\u00e1 sv\u00e1 specifika. D\u00edky nov\u00e9mu centru tak dok\u00e1\u017eeme nab\u00eddnout \u0161pi\u010dkov\u00e9 z\u00e1zem\u00ed a servis v tak specializovan\u00e9 a z\u00e1rove\u0148 kl\u00ed\u010dov\u00e9 oblasti, kterou u\u017eitkov\u00e9 vozy jsou,&#8220; dod\u00e1v\u00e1 gener\u00e1ln\u00ed \u0159editel Toyota Tsusho Praha Pavel V\u00e1vra.<input id=\"image-rsAlyTb49Ieq-fullsize\" class=\"toggle-checkbox input-fullwidth\" name=\"input-fullwidth-rsAlyTb49Ieq\" type=\"checkbox\" value=\"1\" \/><\/p>\n<div>\n<div id=\"image_50246\" class=\"image-gallery-wrapper font-reset\">\n<div class=\"image-content\">\n<div class=\"fit-size animation\"><label for=\"article-gallery-view-50246\"><img decoding=\"async\" class=\"resize jch-lazyloaded\" src=\"https:\/\/www.toyotanews.eu\/images\/galleries\/CZ_LCV_2024\/LW_240513_TOYOTA_TSUSHO_PRAGUE_CZ_HR_0008.jpg\" alt=\"\" data-src=\"https:\/\/www.toyotanews.eu\/images\/galleries\/CZ_LCV_2024\/LW_240513_TOYOTA_TSUSHO_PRAGUE_CZ_HR_0008.jpg\" data-width=\"1280\" data-height=\"960\" \/><\/label><\/div>\n<\/div>\n<\/div>\n<\/div>\n<p>Mimo samotn\u00e9 plochy shoowroomu je sou\u010d\u00e1st\u00ed are\u00e1lu p\u0159\u00edst\u0159e\u0161ek pro vystaven\u00ed dal\u0161\u00edch a\u017e deseti u\u017eitkov\u00fdch voz\u016f. Parkovac\u00ed z\u00f3na je osazena nab\u00edje\u010dkami pro elektrick\u00e9 verze u\u017eitkov\u00fdch model\u016f.<\/p>\n<p>Servisn\u00ed z\u00e1zem\u00ed u\u017eitkov\u00e9ho centra je vybaveno \u0161esti zved\u00e1ky v modern\u00ed d\u00edln\u011b, jej\u00ed\u017e sou\u010d\u00e1st\u00ed je nap\u0159. i centr\u00e1ln\u00ed plni\u010dka oleje umo\u017e\u0148uj\u00edc\u00ed efektivn\u011bj\u0161\u00ed servisn\u00ed \u00fakony nebo tak\u00e9 port\u00e1lov\u00e1 myc\u00ed linka.<\/p>\n<p>Centrum sv\u00fdm z\u00e1kazn\u00edk\u016fm poskytuje \u0161irokou \u0161k\u00e1lu n\u00e1hradn\u00edch u\u017eitkov\u00fdch vozidel, pick-up servis, tedy vyzvednut\u00ed a vr\u00e1cen\u00ed vozu na ur\u010den\u00e9 m\u00edsto, nebo key box pro zanech\u00e1n\u00ed kl\u00ed\u010d\u016f ve schr\u00e1nce v jakoukoli denn\u00ed i no\u010dn\u00ed dobu.<\/p>\n<p>Nov\u00e9 centrum Toyota Professional se nach\u00e1z\u00ed v ulici Za D\u00e1lnic\u00ed I\/338 v komer\u010dn\u00ed z\u00f3n\u011b \u010cestlice, d\u00e1lnice D1 exit 8.<\/p>\n<p><strong>Zdroj: Toyota<\/strong><\/p>\n","protected":false},"excerpt":{"rendered":"<p>Toyota Tsusho otev\u0159ela v \u010cestlic\u00edch v po\u0159ad\u00ed druh\u00fd autosalon, kter\u00fd je z\u00e1rove\u0148 prvn\u00edm zcela nov\u011b&#8230;<\/p>\n","protected":false},"author":1,"featured_media":5035,"comment_status":"closed","ping_status":"closed","sticky":false,"template":"","format":"standard","meta":{"footnotes":""},"categories":[17,38],"tags":[],"class_list":["post-5034","post","type-post","status-publish","format-standard","has-post-thumbnail","hentry","category-dealeri","category-luv"],"_links":{"self":[{"href":"https:\/\/www.automakers.cz\/index.php?rest_route=\/wp\/v2\/posts\/5034","targetHints":{"allow":["GET"]}}],"collection":[{"href":"https:\/\/www.automakers.cz\/index.php?rest_route=\/wp\/v2\/posts"}],"about":[{"href":"https:\/\/www.automakers.cz\/index.php?rest_route=\/wp\/v2\/types\/post"}],"author":[{"embeddable":true,"href":"https:\/\/www.automakers.cz\/index.php?rest_route=\/wp\/v2\/users\/1"}],"replies":[{"embeddable":true,"href":"https:\/\/www.automakers.cz\/index.php?rest_route=%2Fwp%2Fv2%2Fcomments&post=5034"}],"version-history":[{"count":5,"href":"https:\/\/www.automakers.cz\/index.php?rest_route=\/wp\/v2\/posts\/5034\/revisions"}],"predecessor-version":[{"id":5041,"href":"https:\/\/www.automakers.cz\/index.php?rest_route=\/wp\/v2\/posts\/5034\/revisions\/5041"}],"wp:featuredmedia":[{"embeddable":true,"href":"https:\/\/www.automakers.cz\/index.php?rest_route=\/wp\/v2\/media\/5035"}],"wp:attachment":[{"href":"https:\/\/www.automakers.cz\/index.php?rest_route=%2Fwp%2Fv2%2Fmedia&parent=5034"}],"wp:term":[{"taxonomy":"category","embeddable":true,"href":"https:\/\/www.automakers.cz\/index.php?rest_route=%2Fwp%2Fv2%2Fcategories&post=5034"},{"taxonomy":"post_tag","embeddable":true,"href":"https:\/\/www.automakers.cz\/index.php?rest_route=%2Fwp%2Fv2%2Ftags&post=5034"}],"curies":[{"name":"wp","href":"https:\/\/api.w.org\/{rel}","templated":true}]}}