{"id":5115,"date":"2024-06-30T20:37:18","date_gmt":"2024-06-30T20:37:18","guid":{"rendered":"https:\/\/www.automakers.cz\/?p=5115"},"modified":"2024-06-30T20:19:38","modified_gmt":"2024-06-30T20:19:38","slug":"antonin-charouz-slavi-70-let","status":"publish","type":"post","link":"https:\/\/www.automakers.cz\/?p=5115","title":{"rendered":"Anton\u00edn Charouz slav\u00ed 70 let"},"content":{"rendered":"<p><strong>Kulat\u00e9 sedmdes\u00e1tky se do\u017e\u00edv\u00e1 1. \u010dervence Anton\u00edn Charouz. Oslavenec je zn\u00e1m\u00fd zejm\u00e9na jako b\u00fdval\u00fd \u00fasp\u011b\u0161n\u00fd automobilov\u00fd z\u00e1vodn\u00edk, ale byl tak\u00e9 podnikatelem s \u0161irok\u00fdm spektrem aktivit v \u0159ad\u011b oblast\u00ed v r\u00e1mci Charouz Holdingu a n\u00e1sledn\u011b Charouz Group.<\/strong><!--more--><\/p>\n<p>V automobilov\u00e9m sportu dos\u00e1hl b\u011bhem sv\u00e9 dlouh\u00e9 jezdeck\u00e9 kari\u00e9ry mnoha v\u00fdznamn\u00fdch \u00fasp\u011bch\u016f, z\u00edskal 41 mistrovsk\u00fdch titul\u016f, v\u010detn\u011b dvou titul\u016f mistra Evropy v z\u00e1vodech do vrchu, v roce 1994 zv\u00edt\u011bzil v kategorii High Performance Showroom Stock ve slavn\u00e9m z\u00e1vod\u011b Pikes Peak, stal se 5x v\u00edt\u011bzem ankety Zlat\u00fd volant, ceny Fair play, ud\u011blovan\u00e9 mezin\u00e1rodn\u00edm olympijsk\u00fdm v\u00fdborem a \u0159ady dal\u0161\u00edch v\u00fdborn\u00fdch v\u00fdsledk\u016f a ocen\u011bn\u00ed.<\/p>\n<p><strong>Mana\u017eer motorsportu<\/strong><\/p>\n<p>Se jm\u00e9nem Anton\u00edna Charouze je spojena tak\u00e9 mana\u017eersk\u00e1 \u010dinnost v automobilov\u00e9m sportu na nejvy\u0161\u0161\u00ed \u00farovni. D\u00edky n\u00ed se mohla v jeho t\u00fdmech z\u00fa\u010dastnit \u0159ada \u010desk\u00fdch, ale i zahrani\u010dn\u00edch jezdc\u016f vrcholn\u00fdch automobilov\u00fdch z\u00e1vod\u016f, v\u010detn\u011b Formule 1, dos\u00e1hli \u00fasp\u011bch\u016f v z\u00e1vodech Le Mans s vozy Aston Martin, Formule 2, Formule 3000 atd.<\/p>\n<p><strong>Podnikatelsk\u00e1 dr\u00e1ha<\/strong><\/p>\n<p>Jeho rozs\u00e1hl\u00e9 podnikatelsk\u00e9 aktivity se dynamicky rozv\u00edjely zejm\u00e9na v devades\u00e1t\u00fdch letech minul\u00e9ho a na za\u010d\u00e1tku tohoto stolet\u00ed. Byl nap\u0159. nejv\u011bt\u0161\u00edm prodejcem automobil\u016f Ford v \u010cesk\u00e9 republice, ale tak\u00e9 vlastn\u00edkem mnoha spole\u010dnost\u00ed, reklamn\u00ed agentury BPA, sportovn\u00edho klubu HC Sparta Praha, medi\u00e1ln\u00edm vydavatelem, v jeho\u017e portfoliu byl mimo jin\u00e9 i Sv\u011bt motor\u016f, p\u016fsobil v oblasti realit, investic i s\u00edti p\u016fj\u010doven automobil\u016f Sixt. V\u00fd\u010det jeho \u010dinnost\u00ed byl opravdu mimo\u0159\u00e1dn\u011b pestr\u00fd a bohat\u00fd.<\/p>\n<p><strong>Kontroverzn\u00ed \u010d\u00e1st p\u0159\u00edb\u011bhu<\/strong><\/p>\n<p>S podnik\u00e1n\u00edm Anton\u00edna Charouze byla tak\u00e9 postupn\u011b spojov\u00e1na i \u0159ada kontroverz\u00ed, p\u0159esouv\u00e1n\u00ed majetk\u016f, komplikace s \u010ceskou konsolida\u010dn\u00ed agenturou a n\u00e1sledn\u00e9 utlumov\u00e1n\u00ed a ukon\u010dov\u00e1n\u00ed v\u011bt\u0161iny aktivit.<\/p>\n<p>Podobn\u011b skon\u010dila jeho anga\u017eovanost i v automobilov\u00e9m sportu. Podle dostupn\u00fdch zdroj\u016f Anton\u00edn Charouz, zn\u00e1m\u00fd v neposledn\u00ed \u0159ad\u011b tak\u00e9 jako milovn\u00edk luxusu a kr\u00e1sn\u00fdch \u017een, u\u017e nen\u00ed v posledn\u00ed dob\u011b p\u0159\u00edli\u0161 aktivn\u00ed, ani ve\u0159ejn\u011b viditeln\u00fd.<\/p>\n<p><strong>Redakce Automakers<\/strong><\/p>\n<p><img loading=\"lazy\" decoding=\"async\" class=\"alignnone size-full wp-image-5118\" src=\"http:\/\/www.automakers.cz\/wp-content\/uploads\/2024\/06\/Charouz-cepice.jpg\" alt=\"\" width=\"280\" height=\"280\" \/><\/p>\n","protected":false},"excerpt":{"rendered":"<p>Kulat\u00e9 sedmdes\u00e1tky se do\u017e\u00edv\u00e1 1. \u010dervence Anton\u00edn Charouz. Oslavenec je zn\u00e1m\u00fd zejm\u00e9na jako b\u00fdval\u00fd \u00fasp\u011b\u0161n\u00fd&#8230;<\/p>\n","protected":false},"author":1,"featured_media":5117,"comment_status":"closed","ping_status":"closed","sticky":false,"template":"","format":"standard","meta":{"footnotes":""},"categories":[5,4],"tags":[],"class_list":["post-5115","post","type-post","status-publish","format-standard","has-post-thumbnail","hentry","category-personalie","category-vyroci"],"_links":{"self":[{"href":"https:\/\/www.automakers.cz\/index.php?rest_route=\/wp\/v2\/posts\/5115","targetHints":{"allow":["GET"]}}],"collection":[{"href":"https:\/\/www.automakers.cz\/index.php?rest_route=\/wp\/v2\/posts"}],"about":[{"href":"https:\/\/www.automakers.cz\/index.php?rest_route=\/wp\/v2\/types\/post"}],"author":[{"embeddable":true,"href":"https:\/\/www.automakers.cz\/index.php?rest_route=\/wp\/v2\/users\/1"}],"replies":[{"embeddable":true,"href":"https:\/\/www.automakers.cz\/index.php?rest_route=%2Fwp%2Fv2%2Fcomments&post=5115"}],"version-history":[{"count":4,"href":"https:\/\/www.automakers.cz\/index.php?rest_route=\/wp\/v2\/posts\/5115\/revisions"}],"predecessor-version":[{"id":5121,"href":"https:\/\/www.automakers.cz\/index.php?rest_route=\/wp\/v2\/posts\/5115\/revisions\/5121"}],"wp:featuredmedia":[{"embeddable":true,"href":"https:\/\/www.automakers.cz\/index.php?rest_route=\/wp\/v2\/media\/5117"}],"wp:attachment":[{"href":"https:\/\/www.automakers.cz\/index.php?rest_route=%2Fwp%2Fv2%2Fmedia&parent=5115"}],"wp:term":[{"taxonomy":"category","embeddable":true,"href":"https:\/\/www.automakers.cz\/index.php?rest_route=%2Fwp%2Fv2%2Fcategories&post=5115"},{"taxonomy":"post_tag","embeddable":true,"href":"https:\/\/www.automakers.cz\/index.php?rest_route=%2Fwp%2Fv2%2Ftags&post=5115"}],"curies":[{"name":"wp","href":"https:\/\/api.w.org\/{rel}","templated":true}]}}