{"id":5137,"date":"2024-07-01T06:23:14","date_gmt":"2024-07-01T06:23:14","guid":{"rendered":"https:\/\/www.automakers.cz\/?p=5137"},"modified":"2024-07-01T06:23:14","modified_gmt":"2024-07-01T06:23:14","slug":"thmp-praha-predstavila-solarni-carport","status":"publish","type":"post","link":"https:\/\/www.automakers.cz\/?p=5137","title":{"rendered":"THMP Praha p\u0159edstavila sol\u00e1rn\u00ed Carport"},"content":{"rendered":"<p><strong>Spole\u010dnost Technologie hlavn\u00edho m\u011bsta Prahy, kter\u00e1 se dlouhodob\u011b pod\u00edl\u00ed na rozvoji elektromobility v metropoli, p\u0159edstavila novin\u00e1\u0159\u016fm projekt multifunk\u010dn\u00edho p\u0159\u00edst\u0159e\u0161ku pro chr\u00e1n\u011bn\u00e9 parkov\u00e1n\u00ed vozidel, v\u00fdrobu sol\u00e1rn\u00ed energie a jej\u00ed efektivn\u00ed p\u0159\u00edm\u00e9 vyu\u017eit\u00ed pro nab\u00edjen\u00ed elektromobil\u016f. <\/strong><!--more--><\/p>\n<p>Carport o rozloze 200 metr\u016f \u010dtvere\u010dn\u00edch um\u00edst\u011bn\u00fd v servisn\u00edm st\u0159edisku THMP na Praze 8 je plnohodnotnou fotovoltaickou elektr\u00e1rnou o v\u00fdkonu t\u00e9m\u011b\u0159 40 kWp s p\u0159ipojen\u00edm k distribu\u010dn\u00ed s\u00edti a rychlou akumula\u010dn\u00ed nab\u00edjec\u00ed stanic\u00ed, prvn\u00ed sv\u00e9ho druhu v \u010cR. THMP projekt spustila do pilotn\u00edho provozu za \u00fa\u010dasti ministra pro v\u011bdu, v\u00fdzkum a inovace Marka \u017den\u00ed\u0161ka, radn\u00edho pro infrastrukturu Michala Hrozy, z\u00e1stupc\u016f spole\u010dnosti \u010cEZ ESCO a dal\u0161\u00edch dodavatelsk\u00fdch firem.<\/p>\n<p>Do budoucna chce THMP tyto p\u0159\u00edst\u0159e\u0161ky stav\u011bt nap\u0159\u00edklad v r\u00e1mci kr\u00e1tkodob\u00fdch parkovi\u0161\u0165 \u00fa\u0159ad\u016f m\u011bstsk\u00fdch \u010d\u00e1st\u00ed, st\u00e1tn\u00edch instituc\u00ed a v\u0161ude tam, kde nen\u00ed mo\u017en\u00e9 zajistit rychl\u00e9 nab\u00edjen\u00ed automobil\u016f jinak ne\u017e z distribu\u010dn\u00ed s\u00edt\u011b a vyu\u017eit\u00ed sol\u00e1rn\u00ed energie je tam obt\u00ed\u017en\u00e9. P\u0159\u00edst\u0159e\u0161ek svoj\u00ed schopnost\u00ed akumulovat energii p\u0159\u00edmo v nab\u00edjec\u00ed stanici tak\u00e9 reaguje na rostouc\u00ed probl\u00e9m p\u0159ebytku energie ve slune\u010dn\u00fdch dnech a hodin\u00e1ch, kter\u00fd v extr\u00e9mn\u00edm p\u0159\u00edpad\u011b vede a\u017e k z\u00e1porn\u00fdm cen\u00e1m. V\u011bt\u0161ina vyroben\u00e9 sol\u00e1rn\u00ed energie je spot\u0159ebov\u00e1na p\u0159\u00edmo na m\u00edst\u011b za plnou cenu.<\/p>\n<p>\u201eTento multifunk\u010dn\u00ed p\u0159\u00edst\u0159e\u0161ek skv\u011ble propojuje rozvoj elektromobility s vyu\u017eit\u00edm sol\u00e1rn\u00ed energie. THMP p\u0159ich\u00e1z\u00ed s \u0159e\u0161en\u00edm, kter\u00e9 chr\u00e1n\u00ed vozidla, vyr\u00e1b\u00ed \u010distou energii a \u0159e\u0161\u00ed jej\u00ed ukl\u00e1d\u00e1n\u00ed pro nab\u00edjen\u00ed elektromobil\u016f. Takov\u00e9 projekty pot\u0159ebujeme pro modernizaci infrastruktury a sni\u017eov\u00e1n\u00ed uhl\u00edkov\u00e9 stopy ve m\u011bstech a maj\u00ed mou plnou podporu,\u201c \u0159ekl na zah\u00e1jen\u00ed provozu carportu ministr pro v\u011bdu, v\u00fdzkum a inovace Marek \u017den\u00ed\u0161ek.<\/p>\n<p><img loading=\"lazy\" decoding=\"async\" class=\"alignnone size-medium wp-image-5139\" src=\"http:\/\/www.automakers.cz\/wp-content\/uploads\/2024\/06\/Ultrarychla-dobijecka-THMP-2-small-3-900x600.jpg\" alt=\"\" width=\"900\" height=\"600\" srcset=\"https:\/\/www.automakers.cz\/wp-content\/uploads\/2024\/06\/Ultrarychla-dobijecka-THMP-2-small-3-900x600.jpg 900w, https:\/\/www.automakers.cz\/wp-content\/uploads\/2024\/06\/Ultrarychla-dobijecka-THMP-2-small-3-1024x683.jpg 1024w, https:\/\/www.automakers.cz\/wp-content\/uploads\/2024\/06\/Ultrarychla-dobijecka-THMP-2-small-3-768x512.jpg 768w, https:\/\/www.automakers.cz\/wp-content\/uploads\/2024\/06\/Ultrarychla-dobijecka-THMP-2-small-3-1536x1024.jpg 1536w, https:\/\/www.automakers.cz\/wp-content\/uploads\/2024\/06\/Ultrarychla-dobijecka-THMP-2-small-3.jpg 1900w\" sizes=\"auto, (max-width: 900px) 100vw, 900px\" \/>Carport je vybaven bifaci\u00e1ln\u00ed technologi\u00ed, tzn. \u00fa\u010dinn\u011bj\u0161\u00edmi oboustrann\u00fdmi sol\u00e1rn\u00edmi panely, kter\u00e9 pro v\u00fdrobu energie vyu\u017e\u00edvaj\u00ed i odra\u017een\u00e9 a rozpt\u00fdlen\u00e9 sv\u011btlo. Pro dal\u0161\u00ed zv\u00fd\u0161en\u00ed \u00fa\u010dinnosti je cel\u00e1 plocha pod p\u0159\u00edst\u0159e\u0161kem, kter\u00e1 pojme a\u017e 12 parkuj\u00edc\u00edch vozidel, vysyp\u00e1na b\u00edl\u00fdm ka\u010d\u00edrkem.<\/p>\n<p>\u201eCelkem 108 oboustrann\u00fdch panel\u016f p\u0159edstavuje \u00fahrnn\u00fd instalovan\u00fd v\u00fdkon 39,96 kWp s p\u0159edpokl\u00e1danou ro\u010dn\u00ed v\u00fdrobou p\u0159ibli\u017en\u011b 20 MWh elektrick\u00e9 energie. Spot\u0159ebujeme ji pro pot\u0159eby intern\u00edho nab\u00edjen\u00ed THMP nebo dob\u00edjen\u00ed elektrick\u00fdch je\u0161t\u011brek v soused\u00edc\u00edm skladu. P\u0159ipojen\u00e1 vysokorychlostn\u00ed stanice se dv\u011bma dob\u00edjec\u00edmi body pak umo\u017en\u00ed flexibiln\u00ed nab\u00edjen\u00ed na\u0161ich elektrovozidel s ro\u010dn\u00ed \u00fasporou ve v\u00fd\u0161i zhruba 250 tis\u00edc korun,\u201c uvedl p\u0159edseda p\u0159edstavenstva THMP Tom\u00e1\u0161 J\u00edlek.<\/p>\n<p>Zhotovitelem konstrukce carportu i fotovoltaick\u00e9 elektr\u00e1rny je spole\u010dnost EnShield. Vysokorychlostn\u00ed nab\u00edjec\u00ed stanici dodala na z\u00e1klad\u011b v\u00fdb\u011brov\u00e9ho \u0159\u00edzen\u00ed spole\u010dnost \u010cEZ ESCO.<\/p>\n<p>\u201eJedn\u00e1 se o \u0161pi\u010dkov\u00e9 za\u0159\u00edzen\u00ed z produkce rakousk\u00e9ho v\u00fdrobce Kreisel Electric a v\u016fbec prvn\u00ed instalaci kompaktn\u00ed akumula\u010dn\u00ed DC nab\u00edjec\u00ed stanice tohoto typu v \u010cesk\u00e9 republice. Jej\u00ed technologie je unik\u00e1tn\u00ed d\u00edky intern\u00ed baterii o kapacit\u011b 115 kWh, kter\u00e1 kompenzuje p\u0159\u00edpadn\u00fd nedostatek p\u0159\u00edkonu v dan\u00e9 lokalit\u011b. Spojen\u00edm v\u00fdkonu ze s\u00edt\u011b a z baterie je zaji\u0161t\u011bno pokryt\u00ed odb\u011brov\u00fdch \u0161pi\u010dek a pln\u011bn\u00ed funkce ultrarychl\u00e9ho nab\u00edjen\u00ed s v\u00fdkonem a\u017e 180 kW. V praxi to znamen\u00e1, \u017ee i v m\u00edstech, kde je aktu\u00e1ln\u011b AC dob\u00edjec\u00ed sloupek 2&#215;22 kW, m\u016f\u017ee b\u00fdt stanice s v\u00fdkonem 180 kW,\u201c \u0159ekl Kamil \u010cerm\u00e1k, gener\u00e1ln\u00ed \u0159editel \u010cEZ ESCO.<\/p>\n<p>Projekt je prim\u00e1rn\u011b zam\u011b\u0159en na sn\u00ed\u017een\u00ed energetick\u00e9 n\u00e1ro\u010dnosti a optimalizaci v podm\u00ednk\u00e1ch THMP. Podle p\u0159edsedy p\u0159edstavenstva Tom\u00e1\u0161e J\u00edlka jde v\u0161ak z\u00e1rove\u0148 o typizovan\u00e9 \u0159e\u0161en\u00ed, kter\u00e9 bude spole\u010dnost testovat a hodnotit z hlediska efektivity provozu, monitoringu a d\u00e1lkov\u00e9ho \u0159\u00edzen\u00ed cel\u00e9ho syst\u00e9mu. \u201eBude-li toto \u0159e\u0161en\u00ed fungovat tak, jak o\u010dek\u00e1v\u00e1me, jsme p\u0159ipraveni jej nab\u00eddnout dal\u0161\u00edm spole\u010dnostem nebo m\u011bstsk\u00fdm \u010d\u00e1stem,\u201c doplnil J\u00edlek.<\/p>\n<p>\u201eSni\u017eov\u00e1n\u00ed energetick\u00e9 n\u00e1ro\u010dnosti, v\u00fdroba \u010dist\u00e9 energie z obnoviteln\u00fdch zdroj\u016f, podpora rozvoje elektromobility. V\u0161echny tyto kroky p\u0159isp\u00edvaj\u00ed ke sni\u017eov\u00e1n\u00ed emis\u00ed, ochran\u011b klimatu a \u017eivotn\u00edho prost\u0159ed\u00ed, o kter\u00e9 usiluje i hlavn\u00ed m\u011bsto Praha. T\u011b\u0161\u00ed m\u011b, \u017ee m\u011bstsk\u00e9 firmy p\u0159ich\u00e1zej\u00ed s konkr\u00e9tn\u00edmi projekty, kter\u00e9 tyto c\u00edle pom\u00e1haj\u00ed naplnit,\u201c uzav\u0159el radn\u00ed hl. m. Prahy pro oblast infrastruktury Michal Hroza.<\/p>\n<p><strong>Zdroj: \u010cEZ Esco<\/strong><\/p>\n<p><img loading=\"lazy\" decoding=\"async\" class=\"alignnone size-medium wp-image-5140\" src=\"http:\/\/www.automakers.cz\/wp-content\/uploads\/2024\/06\/Solarni-carport-1-small-1-900x600.jpg\" alt=\"\" width=\"900\" height=\"600\" srcset=\"https:\/\/www.automakers.cz\/wp-content\/uploads\/2024\/06\/Solarni-carport-1-small-1-900x600.jpg 900w, https:\/\/www.automakers.cz\/wp-content\/uploads\/2024\/06\/Solarni-carport-1-small-1-1024x683.jpg 1024w, https:\/\/www.automakers.cz\/wp-content\/uploads\/2024\/06\/Solarni-carport-1-small-1-768x512.jpg 768w, https:\/\/www.automakers.cz\/wp-content\/uploads\/2024\/06\/Solarni-carport-1-small-1.jpg 1400w\" sizes=\"auto, (max-width: 900px) 100vw, 900px\" \/><\/p>\n","protected":false},"excerpt":{"rendered":"<p>Spole\u010dnost Technologie hlavn\u00edho m\u011bsta Prahy, kter\u00e1 se dlouhodob\u011b pod\u00edl\u00ed na rozvoji elektromobility v metropoli, p\u0159edstavila&#8230;<\/p>\n","protected":false},"author":2,"featured_media":5138,"comment_status":"closed","ping_status":"closed","sticky":false,"template":"","format":"standard","meta":{"footnotes":""},"categories":[41,9,40],"tags":[],"class_list":["post-5137","post","type-post","status-publish","format-standard","has-post-thumbnail","hentry","category-ekologie","category-elektromobily","category-technologie"],"_links":{"self":[{"href":"https:\/\/www.automakers.cz\/index.php?rest_route=\/wp\/v2\/posts\/5137","targetHints":{"allow":["GET"]}}],"collection":[{"href":"https:\/\/www.automakers.cz\/index.php?rest_route=\/wp\/v2\/posts"}],"about":[{"href":"https:\/\/www.automakers.cz\/index.php?rest_route=\/wp\/v2\/types\/post"}],"author":[{"embeddable":true,"href":"https:\/\/www.automakers.cz\/index.php?rest_route=\/wp\/v2\/users\/2"}],"replies":[{"embeddable":true,"href":"https:\/\/www.automakers.cz\/index.php?rest_route=%2Fwp%2Fv2%2Fcomments&post=5137"}],"version-history":[{"count":3,"href":"https:\/\/www.automakers.cz\/index.php?rest_route=\/wp\/v2\/posts\/5137\/revisions"}],"predecessor-version":[{"id":5151,"href":"https:\/\/www.automakers.cz\/index.php?rest_route=\/wp\/v2\/posts\/5137\/revisions\/5151"}],"wp:featuredmedia":[{"embeddable":true,"href":"https:\/\/www.automakers.cz\/index.php?rest_route=\/wp\/v2\/media\/5138"}],"wp:attachment":[{"href":"https:\/\/www.automakers.cz\/index.php?rest_route=%2Fwp%2Fv2%2Fmedia&parent=5137"}],"wp:term":[{"taxonomy":"category","embeddable":true,"href":"https:\/\/www.automakers.cz\/index.php?rest_route=%2Fwp%2Fv2%2Fcategories&post=5137"},{"taxonomy":"post_tag","embeddable":true,"href":"https:\/\/www.automakers.cz\/index.php?rest_route=%2Fwp%2Fv2%2Ftags&post=5137"}],"curies":[{"name":"wp","href":"https:\/\/api.w.org\/{rel}","templated":true}]}}