{"id":5142,"date":"2024-07-01T06:26:49","date_gmt":"2024-07-01T06:26:49","guid":{"rendered":"https:\/\/www.automakers.cz\/?p=5142"},"modified":"2024-07-01T06:28:48","modified_gmt":"2024-07-01T06:28:48","slug":"skoda-opet-hlavnim-partnerem-tour-de-france","status":"publish","type":"post","link":"https:\/\/www.automakers.cz\/?p=5142","title":{"rendered":"\u0160kodovky op\u011bt jedou Tour de France"},"content":{"rendered":"<p><strong>\u0160koda Auto je znovu ofici\u00e1ln\u00edm hlavn\u00edm partnerem Tour de France, a to ji\u017e 21 let v \u0159ad\u011b. Leto\u0161n\u00ed 111. ro\u010dn\u00edk nejzn\u00e1m\u011bj\u0161\u00edho cyklistick\u00e9ho z\u00e1vodu na sv\u011bt\u011b odstartoval\u00a0 29. \u010dervna sv\u016fj Grand D\u00e9part v italsk\u00e9 Florencii. <\/strong><!--more--><\/p>\n<p>V\u016fbec poprv\u00e9 se letos kl\u00e1n\u00ed neuzav\u0159e v Pa\u0159\u00ed\u017ei, ale v Nice, proto\u017ee o p\u00e1r dn\u00ed pozd\u011bji za\u010d\u00ednaj\u00ed ve francouzsk\u00e9 metropoli olympijsk\u00e9 hry. Na v\u011bt\u0161in\u011b etap vyu\u017eije Christian Prudhomme, \u0159editel Tour, pln\u011b elektrick\u00fd model \u0160koda Enyaq jako \u201e\u010derven\u00fd v\u016fz\u201c, kter\u00fd pojede p\u0159ed pelotonem.<\/p>\n<p>Trasu tvo\u0159\u00ed 21 etap o d\u00e9lce t\u00e9m\u011b\u0159 3500 kilometr\u016f a 176 jezdc\u016f i 205 doprovodn\u00fdch vozidel \u0160koda doraz\u00ed do c\u00edle 21. \u010dervence. Letos v \u00fanoru \u0160koda potvrdila svou podporu cyklistiky prodlou\u017een\u00edm partnerstv\u00ed s agenturou A.S.O., organiz\u00e1torem mnoha cyklistick\u00fdch akc\u00ed, a\u017e do roku 2028. \u010cesk\u00e1 automobilka tak\u00e9 sponzoruje Tour de France Femmes avec Zwift, a to ji\u017e t\u0159et\u00edm rokem v \u0159ad\u011b.<\/p>\n<p><img loading=\"lazy\" decoding=\"async\" class=\"alignnone size-medium wp-image-3527\" src=\"http:\/\/www.automakers.cz\/wp-content\/uploads\/2024\/04\/MartinJahn-header_9c899d63-900x506.png\" alt=\"\" width=\"900\" height=\"506\" \/><strong>Martin Jahn, \u010dlen p\u0159edstavenstva spole\u010dnosti \u0160koda Auto pro Prodej a marketing<\/strong>:<\/p>\n<p>\u201e\u0160koda je \u00fazce spjata s profesion\u00e1ln\u00ed cyklistikou ji\u017e v\u00edce ne\u017e 20 let. Za\u010d\u00e1tkem roku jsme prodlou\u017eili na\u0161i smlouvu s organizac\u00ed A.S.O. do roku 2028 a t\u00edm jsme potvrdili z\u00e1vazek v\u016f\u010di p\u0159\u00edznivc\u016fm cyklistiky na cel\u00e9m sv\u011bt\u011b. V nadch\u00e1zej\u00edc\u00edch t\u00fddnech se o\u010di n\u00e1s v\u0161ech up\u0159ou na Tour de France a tradi\u010dn\u011b p\u016fsobiv\u00e9 v\u00fdkony jezdc\u016f. Do z\u00e1vodn\u00edho d\u011bn\u00ed zapoj\u00edme i fanou\u0161ky prost\u0159ednictv\u00edm na\u0161\u00ed platformy WeLoveCycling pod heslem \u201aWhat\u2019s your Tour?\u2018 Nab\u00eddneme pohledy do z\u00e1kulis\u00ed, sout\u011b\u017ee, \u017eiv\u00e9 dojmy z trasy a rozhovory s div\u00e1ky, kter\u00e9 zajist\u00ed b\u00fdval\u00fd profesion\u00e1ln\u00ed britsk\u00fd cyklista Cameron Jeffers na na\u0161ich ofici\u00e1ln\u00edch soci\u00e1ln\u00edch s\u00edt\u00edch.\u201c<\/p>\n<p><strong>Organiz\u00e1to\u0159i maj\u00ed k dispozici kompletn\u00ed flotilu doprovodn\u00fdch voz\u016f <\/strong><\/p>\n<p>\u0158editel z\u00e1vodu Christian Prudhomme bude v \u010dele pelotonu ve sv\u00e9m \u201e\u010derven\u00e9m voze\u201c vybaven\u00e9m panoramatick\u00fdm st\u0159e\u0161n\u00edm oknem a \u0161pi\u010dkov\u00fdmi komunika\u010dn\u00edmi technologiemi. Jako mobiln\u00ed \u0159\u00eddic\u00ed centrum mu letos poslou\u017e\u00ed pln\u011b elektrick\u00fd v\u016fz Enyaq a vlajkov\u00e1 lo\u010f zna\u010dky \u0160koda \u2013 model Superb. Ofici\u00e1ln\u00ed flotila voz\u016f pro Tour zahrnuje 205 automobil\u016f \u0160koda, kter\u00e9 budou doprov\u00e1zet peloton 176 cyklist\u016f z 22 t\u00fdm\u016f na cel\u00fdch 3 492 kilometrech ve \u010dty\u0159ech zem\u00edch: It\u00e1lii, San Marinu, Monaku a Francii. Z\u00e1vod rozd\u011blen\u00fd na 21 etap zahrnuje osm rovinat\u00fdch \u00fasek\u016f, \u010dty\u0159i kopcovit\u00e9 pas\u00e1\u017ee, sedm horsk\u00fdch v\u00fdjezd\u016f a dv\u011b \u010dasovky, kter\u00e9 proch\u00e1zej\u00ed italsk\u00fdmi Apeninami, italsk\u00fdmi a francouzsk\u00fdmi Alpami, Francouzsk\u00fdm st\u0159edoho\u0159\u00edm (Massif Central) a Pyrenejemi.<\/p>\n<p><strong>\u0160koda a Tour de France \u2013 21let\u00e9 partnerstv\u00ed<\/strong><\/p>\n<p>\u0160koda Auto podporuje nejv\u011bt\u0161\u00ed sv\u011btovou cyklistickou ud\u00e1lost jako ofici\u00e1ln\u00ed hlavn\u00ed partner a dodavatel automobil\u016f nep\u0159etr\u017eit\u011b od roku 2004. Odd\u011blen\u00ed \u0160koda Design m\u00e1 nav\u00edc ji\u017e po\u010dtrn\u00e1ct\u00e9 na starosti v\u00fdrobu k\u0159i\u0161\u0165\u00e1lov\u00fdch trofej\u00ed pro celkov\u00e9ho v\u00edt\u011bze a l\u00eddry bodovan\u00e9<br \/>\na vrcha\u0159sk\u00e9 klasifikace i pro nejlep\u0161\u00edho mlad\u00e9ho jezdce na Tour de France. \u010cesk\u00e1 automobilka deset let sponzoruje tak\u00e9 zelen\u00fd trikot pro l\u00eddra bodov\u00e9 klasifikace.<\/p>\n<p><img loading=\"lazy\" decoding=\"async\" class=\"alignnone size-medium wp-image-5145\" src=\"http:\/\/www.automakers.cz\/wp-content\/uploads\/2024\/06\/240627_Main-partner-of-the-Tour-de-France-small-3-900x600.jpg\" alt=\"\" width=\"900\" height=\"600\" srcset=\"https:\/\/www.automakers.cz\/wp-content\/uploads\/2024\/06\/240627_Main-partner-of-the-Tour-de-France-small-3-900x600.jpg 900w, https:\/\/www.automakers.cz\/wp-content\/uploads\/2024\/06\/240627_Main-partner-of-the-Tour-de-France-small-3-1024x683.jpg 1024w, https:\/\/www.automakers.cz\/wp-content\/uploads\/2024\/06\/240627_Main-partner-of-the-Tour-de-France-small-3-768x512.jpg 768w, https:\/\/www.automakers.cz\/wp-content\/uploads\/2024\/06\/240627_Main-partner-of-the-Tour-de-France-small-3-1536x1024.jpg 1536w, https:\/\/www.automakers.cz\/wp-content\/uploads\/2024\/06\/240627_Main-partner-of-the-Tour-de-France-small-3-2048x1365.jpg 2048w\" sizes=\"auto, (max-width: 900px) 100vw, 900px\" \/><strong>P\u0159\u00edle\u017eitost vyhr\u00e1t z\u00e1jezd na Tour de France 2024<\/strong><\/p>\n<p>Na webu WeLoveCycling se mohou z\u00e1jemci z\u00fa\u010dastnit sout\u011b\u017ee a z\u00edskat atraktivn\u00ed ceny, nap\u0159\u00edklad profesion\u00e1ln\u00ed z\u00e1vodn\u00ed kola pr\u00e9miov\u00e9 zna\u010dky, origin\u00e1ln\u00ed podepsan\u00e9 zelen\u00e9 dresy, cyklistick\u00e9 vybaven\u00ed a mnoho dal\u0161\u00edho. Hlavn\u00ed cenou je t\u0159\u00eddenn\u00ed z\u00e1jezd se spole\u010dnost\u00ed \u0160koda Auto p\u0159\u00edmo na Tour de France. Tento jedine\u010dn\u00fd z\u00e1\u017eitek zahrnuje j\u00edzdu ve voze \u0160koda v pelotonu, let vrtuln\u00edkem nad trasou z\u00e1vodu a vyj\u00ed\u017e\u010fku s legendou Tour de France Andym Schleckem.<\/p>\n<p>Sou\u010d\u00e1st\u00ed kampan\u011b \u201eWhat\u2019s your Tour?\u201c bude bohat\u00fd program s pr\u016fvodcem Cameronem Jeffersem, b\u00fdval\u00fdm profesion\u00e1ln\u00edm britsk\u00fdm z\u00e1vodn\u00edkem, kter\u00fd zprost\u0159edkuje exkluzivn\u00ed informace ze z\u00e1kulis\u00ed, p\u0159ibl\u00ed\u017e\u00ed atmosf\u00e9ru z\u00e1vodu a zajist\u00ed rozhovory. Fanou\u0161ci se mohou k tomuto obsahu dostat na soci\u00e1ln\u00edch s\u00edt\u00edch pod hashtagem #whatsyourtourde. D\u00edky mobiln\u00ed aplikaci Tour de France od spole\u010dnosti \u0160koda se p\u0159\u00edznivci dozv\u011bd\u00ed pr\u016fb\u011b\u017en\u00fd stav v jednotliv\u00fdch etap\u00e1ch, nejnov\u011bj\u0161\u00ed informace i nap\u00ednav\u00e9 p\u0159\u00edb\u011bhy ze z\u00e1kulis\u00ed.<\/p>\n<p><strong>Podpora cyklistiky m\u00e1 ko\u0159eny v historii spole\u010dnosti \u0160koda Auto <\/strong><\/p>\n<p>Historie \u010desk\u00e9 automobilky je t\u011bsn\u011b spjata s j\u00edzdn\u00edmi koly: V\u00e1clav Laurin a V\u00e1clav Klement zalo\u017eili v roce 1895 spole\u010dnost na v\u00fdrobu j\u00edzdn\u00edch kol v Mlad\u00e9 Boleslavi a bicykly i cyklistick\u00e9 dopl\u0148ky jsou ji\u017e \u0159adu let sou\u010d\u00e1st\u00ed roz\u0161\u00ed\u0159en\u00e9ho sortimentu firmy.<\/p>\n<p>\u0160koda Auto ned\u00e1vno prodlou\u017eila spolupr\u00e1ci s organizac\u00ed A.S.O. a je partnerem celkem 20 mezin\u00e1rodn\u00edch profesion\u00e1ln\u00edch a amat\u00e9rsk\u00fdch sportovn\u00edch akc\u00ed. Automobilka d\u00e1le sponzoruje dom\u00e1c\u00ed z\u00e1vod L\u2019\u00c9tape Czech Republic by Tour de France, ur\u010den\u00fd amat\u00e9r\u016fm. Od roku 2022 podporuje \u0160koda Auto tak\u00e9 z\u00e1vod pro \u017eeny Tour de France Femmes avec Zwift, kter\u00fd letos startuje 12. srpna v nizozemsk\u00e9m Rotterdamu a po osmi etap\u00e1ch kon\u010d\u00ed 18. srpna v Alpe d\u2019Huez.<\/p>\n<p><img loading=\"lazy\" decoding=\"async\" class=\"alignnone wp-image-5144\" src=\"http:\/\/www.automakers.cz\/wp-content\/uploads\/2024\/06\/240627_Main-partner-of-the-Tour-de-France-small-2-600x900.jpg\" alt=\"\" width=\"844\" height=\"1266\" srcset=\"https:\/\/www.automakers.cz\/wp-content\/uploads\/2024\/06\/240627_Main-partner-of-the-Tour-de-France-small-2-600x900.jpg 600w, https:\/\/www.automakers.cz\/wp-content\/uploads\/2024\/06\/240627_Main-partner-of-the-Tour-de-France-small-2-683x1024.jpg 683w, https:\/\/www.automakers.cz\/wp-content\/uploads\/2024\/06\/240627_Main-partner-of-the-Tour-de-France-small-2-768x1151.jpg 768w, https:\/\/www.automakers.cz\/wp-content\/uploads\/2024\/06\/240627_Main-partner-of-the-Tour-de-France-small-2-1024x1535.jpg 1024w, https:\/\/www.automakers.cz\/wp-content\/uploads\/2024\/06\/240627_Main-partner-of-the-Tour-de-France-small-2-1366x2048.jpg 1366w, https:\/\/www.automakers.cz\/wp-content\/uploads\/2024\/06\/240627_Main-partner-of-the-Tour-de-France-small-2-scaled.jpg 1707w\" sizes=\"auto, (max-width: 844px) 100vw, 844px\" \/><\/p>\n","protected":false},"excerpt":{"rendered":"<p>\u0160koda Auto je znovu ofici\u00e1ln\u00edm hlavn\u00edm partnerem Tour de France, a to ji\u017e 21 let&#8230;<\/p>\n","protected":false},"author":2,"featured_media":5143,"comment_status":"closed","ping_status":"closed","sticky":false,"template":"","format":"standard","meta":{"footnotes":""},"categories":[29],"tags":[],"class_list":["post-5142","post","type-post","status-publish","format-standard","has-post-thumbnail","hentry","category-sponzoring"],"_links":{"self":[{"href":"https:\/\/www.automakers.cz\/index.php?rest_route=\/wp\/v2\/posts\/5142","targetHints":{"allow":["GET"]}}],"collection":[{"href":"https:\/\/www.automakers.cz\/index.php?rest_route=\/wp\/v2\/posts"}],"about":[{"href":"https:\/\/www.automakers.cz\/index.php?rest_route=\/wp\/v2\/types\/post"}],"author":[{"embeddable":true,"href":"https:\/\/www.automakers.cz\/index.php?rest_route=\/wp\/v2\/users\/2"}],"replies":[{"embeddable":true,"href":"https:\/\/www.automakers.cz\/index.php?rest_route=%2Fwp%2Fv2%2Fcomments&post=5142"}],"version-history":[{"count":5,"href":"https:\/\/www.automakers.cz\/index.php?rest_route=\/wp\/v2\/posts\/5142\/revisions"}],"predecessor-version":[{"id":5154,"href":"https:\/\/www.automakers.cz\/index.php?rest_route=\/wp\/v2\/posts\/5142\/revisions\/5154"}],"wp:featuredmedia":[{"embeddable":true,"href":"https:\/\/www.automakers.cz\/index.php?rest_route=\/wp\/v2\/media\/5143"}],"wp:attachment":[{"href":"https:\/\/www.automakers.cz\/index.php?rest_route=%2Fwp%2Fv2%2Fmedia&parent=5142"}],"wp:term":[{"taxonomy":"category","embeddable":true,"href":"https:\/\/www.automakers.cz\/index.php?rest_route=%2Fwp%2Fv2%2Fcategories&post=5142"},{"taxonomy":"post_tag","embeddable":true,"href":"https:\/\/www.automakers.cz\/index.php?rest_route=%2Fwp%2Fv2%2Ftags&post=5142"}],"curies":[{"name":"wp","href":"https:\/\/api.w.org\/{rel}","templated":true}]}}