{"id":5148,"date":"2024-07-02T06:18:45","date_gmt":"2024-07-02T06:18:45","guid":{"rendered":"https:\/\/www.automakers.cz\/?p=5148"},"modified":"2024-07-02T06:18:45","modified_gmt":"2024-07-02T06:18:45","slug":"skoda-sponzorem-cez-lipno-sport-festivalu","status":"publish","type":"post","link":"https:\/\/www.automakers.cz\/?p=5148","title":{"rendered":"\u0160koda sponzorem \u010cEZ Lipno Sport Festivalu"},"content":{"rendered":"<p><strong>V po\u0159ad\u00ed 13. ro\u010dn\u00edk \u010cEZ Lipno Sport Festivalu prob\u011bhne v term\u00ednu 16.\u201325. srpna a jeho organiz\u00e1to\u0159i slibuj\u00ed hv\u011bzdn\u00fd program. \u0160koda Auto se k t\u00e9to akci p\u0159ipoj\u00ed v roli ofici\u00e1ln\u00edho partnera mobility a do cyklistick\u00e9ho z\u00e1vodu nasad\u00ed sv\u00e9 ambasadory.\u00a0<\/strong><br \/>\n<!--more--><\/p>\n<p><strong>Hv\u011bzdy \u010desk\u00e9ho sportu na Lipn\u011b<\/strong><\/p>\n<p>N\u00e1v\u0161t\u011bvn\u00edk\u016fm se op\u011bt naskytne mo\u017enost vid\u011bt, a p\u0159edev\u0161\u00edm na vlastn\u00ed k\u016f\u017ei vyzkou\u0161et des\u00edtky sport\u016f po boku sou\u010dasn\u00fdch i b\u00fdval\u00fdch \u00fasp\u011b\u0161n\u00fdch reprezentant\u016f. Letos svou \u00fa\u010dast potvrdila nap\u0159\u00edklad olympijsk\u00e1 v\u00edt\u011bzka ve snowboardcrossu Eva Adamczykov\u00e1, dvojn\u00e1sobn\u00e1 v\u00edt\u011bzka wimbledonsk\u00e9 \u010dty\u0159hry Barbora Str\u00fdcov\u00e1 \u010di st\u0159\u00edbrn\u00fd kajak\u00e1\u0159 z olympijsk\u00fdch her v Lond\u00fdn\u011b Vav\u0159inec Hradilek. Festivalovou atmosf\u00e9ru okus\u00ed i n\u011bkdej\u0161\u00ed \u00fasp\u011b\u0161n\u00ed profesion\u00e1ln\u00ed cyklist\u00e9 Roman Kreuziger a Zden\u011bk \u0160tybar. Prakticky rovnou z olympijsk\u00e9 Pa\u0159\u00ed\u017ee p\u0159ijedou \u00fa\u0159aduj\u00edc\u00ed mist\u0159i sv\u011bta v pl\u00e1\u017eov\u00e9m volejbalu Ond\u0159ej Peru\u0161i\u010d s Davidem Schweinerem \u010di bronzov\u00fd fleretista z her v Tokiu Alexander Choupenitch.<\/p>\n<p>\u201eFestival nab\u00eddne program nabit\u00fd hv\u011bzdami sportu a hudby s nep\u0159ebern\u00fdm mno\u017estv\u00edm sportovn\u00edch a kulturn\u00edch aktivit pro n\u00e1v\u0161t\u011bvn\u00edky v\u0161ech v\u011bkov\u00fdch kategori\u00ed, jednotlivce i cel\u00e9 rodiny. Pevn\u011b v\u011b\u0159\u00edm, \u017ee na Lipn\u011b uvid\u00edme i medaile z Pa\u0159\u00ed\u017ee,\u201c \u0159\u00edk\u00e1 \u0159editelka festivalu Kate\u0159ina Neumannov\u00e1.<\/p>\n<p><strong> \u0160koda Auto zve velk\u00e9 i mal\u00e9 fanou\u0161ky cyklistiky <\/strong><\/p>\n<p>\u00davodn\u00ed festivalov\u00fd v\u00edkend organiz\u00e1to\u0159i zasv\u011btili cyklistice. Na m\u00edst\u011b proto bude z\u00f3na \u0160koda WeLoveCycling, kde si mohou n\u00e1v\u0161t\u011bvn\u00edci festivalu vyzkou\u0161et cyklistick\u00e9 simul\u00e1tory Rouvy a za\u017e\u00edt na vlastn\u00ed k\u016f\u017ei sprint na kole na 900 m. Pro nejmen\u0161\u00ed je p\u0159ipraveno obl\u00edben\u00e9 dopravn\u00ed h\u0159i\u0161t\u011b s d\u011btsk\u00fdmi koly a odr\u00e1\u017eedly.<\/p>\n<p>Nebudou chyb\u011bt ani nejnov\u011bj\u0161\u00ed modely \u0160koda. Z\u00e1jemci si mohou prohl\u00e9dnout pln\u011b elektrick\u00fd Enyaq nebo vozy Kodiaq a Superb nov\u00e9 generace. Sou\u010d\u00e1st\u00ed expozice bude tak\u00e9 kolekce j\u00edzdn\u00edch kol \u0160koda a cyklistick\u00fdch dopl\u0148k\u016f. Bicykl \u0160koda MTB v hodnot\u011b 23 000 K\u010d \u010dek\u00e1 na v\u00fdherce, kter\u00fd bude vylosov\u00e1n z \u00fa\u010dastn\u00edk\u016f cyklistick\u00e9ho z\u00e1vodu. Do toho v barv\u00e1ch \u0160koda WeLoveCycling odstartuj\u00ed i ambasado\u0159i Zden\u011bk \u0160tybar a Michal Kamermeier alias Majk na cest\u00e1ch.<\/p>\n<p><strong>Sportovn\u00ed vy\u017eit\u00ed i kulturn\u00ed z\u00e1\u017eitky na jednom m\u00edst\u011b<\/strong><\/p>\n<p>Sportovn\u00edmi vrcholy obou festivalov\u00fdch v\u00edkend\u016f budou tradi\u010dn\u00ed z\u00e1vody. V ned\u011bli 18. srpna se jede bikersk\u00fd a gravelov\u00fd podnik \u010cEZ Kolem Lipna na cyklistick\u00fdch trat\u00edch dlouh\u00fdch 60 km a 20 km, sobota 24. srpna bude pat\u0159it b\u011b\u017eeck\u00e9mu p\u016flmaratonu \u010di z\u00e1vod\u016fm na 10 km a 3 km. Dal\u0161\u00ed sportovn\u00ed kl\u00e1n\u00ed se pak konaj\u00ed v pr\u016fb\u011bhu cel\u00e9ho festivalu.<\/p>\n<p>I kulturn\u00ed \u010d\u00e1st programu bude nabit\u00e1 hv\u011bzdami. V p\u00e1tek 16. srpna se n\u00e1v\u0161t\u011bvn\u00edci mohou t\u011b\u0161it na vystoupen\u00ed zp\u011bva\u010dky Lenny a Davida Kollera, o den pozd\u011bji se o p\u00f3dium pod\u011bl\u00ed Sebastian s Ewou Farnou. Druh\u00fd festivalov\u00fd p\u00e1tek 23. srpna pak vystoup\u00ed se svou kapelou Michal Hr\u016fza a po n\u011bm legend\u00e1rn\u00ed Olympic, v sobotu 24. srpna se p\u0159edstav\u00ed Aneta Langerov\u00e1 a znovu Ewa Farna.<\/p>\n","protected":false},"excerpt":{"rendered":"<p>V po\u0159ad\u00ed 13. ro\u010dn\u00edk \u010cEZ Lipno Sport Festivalu prob\u011bhne v term\u00ednu 16.\u201325. srpna a jeho&#8230;<\/p>\n","protected":false},"author":2,"featured_media":5159,"comment_status":"closed","ping_status":"closed","sticky":false,"template":"","format":"standard","meta":{"footnotes":""},"categories":[26,70],"tags":[],"class_list":["post-5148","post","type-post","status-publish","format-standard","has-post-thumbnail","hentry","category-eventy","category-sport"],"_links":{"self":[{"href":"https:\/\/www.automakers.cz\/index.php?rest_route=\/wp\/v2\/posts\/5148","targetHints":{"allow":["GET"]}}],"collection":[{"href":"https:\/\/www.automakers.cz\/index.php?rest_route=\/wp\/v2\/posts"}],"about":[{"href":"https:\/\/www.automakers.cz\/index.php?rest_route=\/wp\/v2\/types\/post"}],"author":[{"embeddable":true,"href":"https:\/\/www.automakers.cz\/index.php?rest_route=\/wp\/v2\/users\/2"}],"replies":[{"embeddable":true,"href":"https:\/\/www.automakers.cz\/index.php?rest_route=%2Fwp%2Fv2%2Fcomments&post=5148"}],"version-history":[{"count":3,"href":"https:\/\/www.automakers.cz\/index.php?rest_route=\/wp\/v2\/posts\/5148\/revisions"}],"predecessor-version":[{"id":5182,"href":"https:\/\/www.automakers.cz\/index.php?rest_route=\/wp\/v2\/posts\/5148\/revisions\/5182"}],"wp:featuredmedia":[{"embeddable":true,"href":"https:\/\/www.automakers.cz\/index.php?rest_route=\/wp\/v2\/media\/5159"}],"wp:attachment":[{"href":"https:\/\/www.automakers.cz\/index.php?rest_route=%2Fwp%2Fv2%2Fmedia&parent=5148"}],"wp:term":[{"taxonomy":"category","embeddable":true,"href":"https:\/\/www.automakers.cz\/index.php?rest_route=%2Fwp%2Fv2%2Fcategories&post=5148"},{"taxonomy":"post_tag","embeddable":true,"href":"https:\/\/www.automakers.cz\/index.php?rest_route=%2Fwp%2Fv2%2Ftags&post=5148"}],"curies":[{"name":"wp","href":"https:\/\/api.w.org\/{rel}","templated":true}]}}