{"id":5218,"date":"2024-07-03T08:07:30","date_gmt":"2024-07-03T08:07:30","guid":{"rendered":"https:\/\/www.automakers.cz\/?p=5218"},"modified":"2024-07-03T08:07:30","modified_gmt":"2024-07-03T08:07:30","slug":"toyota-spustila-predprodej-proace-max","status":"publish","type":"post","link":"https:\/\/www.automakers.cz\/?p=5218","title":{"rendered":"Toyota spustila p\u0159edprodej Proace Max"},"content":{"rendered":"<p><strong>Toyota zah\u00e1jila p\u0159edprodej sv\u00e9ho nejv\u011bt\u0161\u00edho u\u017eitkov\u00e9ho modelu Proace Max. Vozidlo o d\u00e9lce 5,4 a\u017e 6,36 metru pojme 10 a\u017e 17 m3 n\u00e1kladu. Prvn\u00ed vozy doraz\u00ed k dealer\u016fm na podzim leto\u0161n\u00edho roku.<\/strong><!--more--><\/p>\n<p>K dispozici bude ve verzi se spalovac\u00edm motorem i jako elektromobil. Po proveden\u00ed VAN se na trhu postupn\u011b objev\u00ed i jako \u0161asi, platforma a valn\u00edk.<\/p>\n<p>Toyota Proace Max vyu\u017e\u00edv\u00e1 dieselov\u00fd motor o objemu 2,2 litru s v\u00fdkonem 120 a\u017e 180 kon\u00ed. K dispozici je manu\u00e1ln\u00ed \u0161estistup\u0148ov\u00e1 p\u0159evodovka nebo osmistup\u0148ov\u00fd automat.<\/p>\n<p>Ji\u017e v z\u00e1kladn\u00ed v\u00fdbav\u011b Active bude v\u016fz vybaven\u00fd asistentem rozpozn\u00e1vaj\u00edc\u00edm \u00fanavu \u0159idi\u010de, rozpozn\u00e1v\u00e1n\u00edm dopravn\u00edch zna\u010dek nebo zadn\u00ed parkovac\u00ed kamerou. Verze Comfort pak p\u0159id\u00e1 hl\u00edd\u00e1n\u00ed mrtv\u00e9ho \u00fahlu \u010di Full LED sv\u011btlomety. V paketu Executive jsou v nab\u00eddce p\u0159edn\u00ed vyh\u0159\u00edvan\u00e1 sedadla a \u010deln\u00ed sklo, odpru\u017een\u00e9 sedadlo \u0159idi\u010de nebo altern\u00e1tor 220 V.<\/p>\n<p><img loading=\"lazy\" decoding=\"async\" class=\"alignnone size-medium wp-image-5220\" src=\"http:\/\/www.automakers.cz\/wp-content\/uploads\/2024\/07\/2024_PROACE_MAX_DSC06850-small-5-900x600.jpg\" alt=\"\" width=\"900\" height=\"600\" srcset=\"https:\/\/www.automakers.cz\/wp-content\/uploads\/2024\/07\/2024_PROACE_MAX_DSC06850-small-5-900x600.jpg 900w, https:\/\/www.automakers.cz\/wp-content\/uploads\/2024\/07\/2024_PROACE_MAX_DSC06850-small-5-1024x682.jpg 1024w, https:\/\/www.automakers.cz\/wp-content\/uploads\/2024\/07\/2024_PROACE_MAX_DSC06850-small-5-768x512.jpg 768w, https:\/\/www.automakers.cz\/wp-content\/uploads\/2024\/07\/2024_PROACE_MAX_DSC06850-small-5.jpg 1280w\" sizes=\"auto, (max-width: 900px) 100vw, 900px\" \/><\/p>\n<p>Infotainment zahrnuje desetipalcov\u00fd displej s Apple CarPlay nebo Android Auto a navigac\u00ed Tom Tom v paketu Multimedia pro v\u00fdbavu Active \u010di standardem ve v\u00fdbav\u011b Comfort. Z\u00e1kladn\u00ed multimedi\u00e1ln\u00ed syst\u00e9m m\u00e1 uhlop\u0159\u00ed\u010dku 5&#8243;, Bluetooth a zobrazuje obraz z parkovac\u00ed kamery. Pro paket Multimedia \u010di verzi Comfort je k dispozici 7&#8243; digit\u00e1ln\u00ed p\u0159\u00edstrojov\u00fd \u0161t\u00edt. T\u0159\u00edm\u00edstn\u00e9 verze maj\u00ed skl\u00e1dac\u00ed odkl\u00e1dac\u00ed stolek.<\/p>\n<p>Ceny za\u010d\u00ednaj\u00ed na 815 000 K\u010d bez DPH. P\u0159edprodejn\u00ed cena nejpopt\u00e1van\u011bj\u0161\u00ed verze Proace Max 2.2 D-4D (140 k), 6stup\u0148ov\u00e1 man. P\u0159evodovka, L3H2 Active s paketem Multimedia a zadn\u00edmi dve\u0159mi otev\u00edrateln\u00fdmi do 270\u00b0 byla stanovena na 1 010 000 K\u010d bez DPH.<\/p>\n<p><a href=\"https:\/\/pdf.sites.toyota.cz\/cenik_novy_proace_max.pdf\" target=\"_blank\" rel=\"noopener\">Kompletn\u00ed cen\u00edk Toyota Proace Max<\/a><\/p>\n<p><img loading=\"lazy\" decoding=\"async\" class=\"alignnone size-medium wp-image-5221\" src=\"http:\/\/www.automakers.cz\/wp-content\/uploads\/2024\/07\/2024_PROACE_MAX_INTERIOR_DSC00504-small-6-900x600.jpg\" alt=\"\" width=\"900\" height=\"600\" srcset=\"https:\/\/www.automakers.cz\/wp-content\/uploads\/2024\/07\/2024_PROACE_MAX_INTERIOR_DSC00504-small-6-900x600.jpg 900w, https:\/\/www.automakers.cz\/wp-content\/uploads\/2024\/07\/2024_PROACE_MAX_INTERIOR_DSC00504-small-6-1024x682.jpg 1024w, https:\/\/www.automakers.cz\/wp-content\/uploads\/2024\/07\/2024_PROACE_MAX_INTERIOR_DSC00504-small-6-768x512.jpg 768w, https:\/\/www.automakers.cz\/wp-content\/uploads\/2024\/07\/2024_PROACE_MAX_INTERIOR_DSC00504-small-6.jpg 1280w\" sizes=\"auto, (max-width: 900px) 100vw, 900px\" \/><\/p>\n","protected":false},"excerpt":{"rendered":"<p>Toyota zah\u00e1jila p\u0159edprodej sv\u00e9ho nejv\u011bt\u0161\u00edho u\u017eitkov\u00e9ho modelu Proace Max. Vozidlo o d\u00e9lce 5,4 a\u017e 6,36&#8230;<\/p>\n","protected":false},"author":2,"featured_media":5219,"comment_status":"closed","ping_status":"closed","sticky":false,"template":"","format":"standard","meta":{"footnotes":""},"categories":[37,17,38],"tags":[],"class_list":["post-5218","post","type-post","status-publish","format-standard","has-post-thumbnail","hentry","category-ceny-novinek","category-dealeri","category-luv"],"_links":{"self":[{"href":"https:\/\/www.automakers.cz\/index.php?rest_route=\/wp\/v2\/posts\/5218","targetHints":{"allow":["GET"]}}],"collection":[{"href":"https:\/\/www.automakers.cz\/index.php?rest_route=\/wp\/v2\/posts"}],"about":[{"href":"https:\/\/www.automakers.cz\/index.php?rest_route=\/wp\/v2\/types\/post"}],"author":[{"embeddable":true,"href":"https:\/\/www.automakers.cz\/index.php?rest_route=\/wp\/v2\/users\/2"}],"replies":[{"embeddable":true,"href":"https:\/\/www.automakers.cz\/index.php?rest_route=%2Fwp%2Fv2%2Fcomments&post=5218"}],"version-history":[{"count":4,"href":"https:\/\/www.automakers.cz\/index.php?rest_route=\/wp\/v2\/posts\/5218\/revisions"}],"predecessor-version":[{"id":5230,"href":"https:\/\/www.automakers.cz\/index.php?rest_route=\/wp\/v2\/posts\/5218\/revisions\/5230"}],"wp:featuredmedia":[{"embeddable":true,"href":"https:\/\/www.automakers.cz\/index.php?rest_route=\/wp\/v2\/media\/5219"}],"wp:attachment":[{"href":"https:\/\/www.automakers.cz\/index.php?rest_route=%2Fwp%2Fv2%2Fmedia&parent=5218"}],"wp:term":[{"taxonomy":"category","embeddable":true,"href":"https:\/\/www.automakers.cz\/index.php?rest_route=%2Fwp%2Fv2%2Fcategories&post=5218"},{"taxonomy":"post_tag","embeddable":true,"href":"https:\/\/www.automakers.cz\/index.php?rest_route=%2Fwp%2Fv2%2Ftags&post=5218"}],"curies":[{"name":"wp","href":"https:\/\/api.w.org\/{rel}","templated":true}]}}